{"id":621714,"date":"2025-06-18T01:03:57","date_gmt":"2025-06-18T05:03:57","guid":{"rendered":"https:\/\/diariodominicano.com\/?p=621714"},"modified":"2025-06-18T01:03:59","modified_gmt":"2025-06-18T05:03:59","slug":"gloria-mena-y-su-equipo-en-el-marco-del-festival-de-cine-independiente-festicine-presentan-su-cortometraje-fluye","status":"publish","type":"post","link":"https:\/\/diariodominicano.com\/?p=621714","title":{"rendered":"Gloria Mena y su equipo en el marco del Festival de Cine Independiente \u00abFesticine\u00bb: presentan su Cortometraje \u00abFLUYE\u00bb"},"content":{"rendered":"\n<p>En el marco de la programaci\u00f3n del Festival de Cine Independiente \u00abFesticine\u00bb en Valencia, que se celebrar\u00e1 del 19 al 21 de junio en el majestuoso Teatro Municipal, se destaca el cortometraje de la reconocida periodista y directora Gloria Mena. Junto al talentoso productor y editor Brayan Bogado, han logrado plasmar de manera creativa y conmovedora una historia que invita a la reflexi\u00f3n sobre la adicci\u00f3n a las redes sociales.<\/p>\n\n\n\n<p>El cortometraje \u00abFLUYE\u00bb que se presenta como una joya del cine independiente, combina elementos visuales sorprendentes y una narrativa profunda que toca las fibras m\u00e1s sensibles del espectador Gloria Mena, con su experiencia en el periodismo, amante del cine aporta una perspectiva \u00fanica que enriquece la trama, mientras que Brayan Bogado, con su habilidad en la edici\u00f3n y producci\u00f3n, garantiza un resultado final de alta calidad.<\/p>\n\n\n\n<p>Ambos son estudiantes de Cine de la Escuela \u00abArte y Efectos\u00bb en la ciudad de Valencia Venezuela.<\/p>\n\n\n\n<p>Este Cortometraje fue creado durante sus estudios de Direcci\u00f3n de Cine con el Profesor Erick erichsternart y Gui\u00f3n Profesora Maga Arellano el cual agradecen ser parte motivadora para lograr filmarlo<\/p>\n\n\n\n<p>La proyecci\u00f3n de este cortometraje no solo resaltar\u00e1 el talento local, sino que tambi\u00e9n aportar\u00e1 una voz significativa a las historias que merecen ser contadas, generando di\u00e1logos importantes dentro del contexto cultural actual. Los asistentes tendr\u00e1n la oportunidad de disfrutar de una cinematograf\u00eda innovadora y de participar en un espacio de intercambio con los creadores, profundizando en los desaf\u00edos y alegr\u00edas del proceso creativo.<\/p>\n\n\n\n<p>No te pierdas la oportunidad de ser parte de esta experiencia \u00fanica durante \u00abFesticine\u00bb, donde el cine independiente se convierte en un veh\u00edculo de expresi\u00f3n y reflexi\u00f3n social.<\/p>\n\n\n\n<p>Visita la p\u00e1gina oficial del festival y la cuenta de la directora de este cortometraje<\/p>\n\n\n\n<figure class=\"wp-block-embed\"><div class=\"wp-block-embed__wrapper\">\nhttps:\/\/www.instagram.com\/p\/DK-vFvwPfIA\/?igsh=cTJpZGJxcmYwcnR6\n<\/div><\/figure>\n\n\n\n<figure class=\"wp-block-embed\"><div class=\"wp-block-embed__wrapper\">\nhttps:\/\/www.instagram.com\/p\/DK&#8211;g_RIjUB\/?igsh=Mmh4a2xpZm9rNXo1\n<\/div><\/figure>\n\n\n\n<p>Glomy Mena <a href=\"mailto:glomymena8@gmail.com\">glomymena8@gmail.com<\/a><\/p>\n","protected":false},"excerpt":{"rendered":"<p>En el marco de la programaci\u00f3n del Festival de Cine Independiente \u00abFesticine\u00bb en Valencia, que se celebrar\u00e1 del 19 al 21 de junio en el majestuoso Teatro Municipal, se destaca el cortometraje de la reconocida periodista y directora Gloria Mena. Junto al talentoso productor y editor Brayan Bogado, han logrado plasmar de manera creativa y [&hellip;]<\/p>\n","protected":false},"author":7,"featured_media":621737,"comment_status":"closed","ping_status":"open","sticky":false,"template":"","format":"standard","meta":{"footnotes":""},"categories":[25],"tags":[],"class_list":["post-621714","post","type-post","status-publish","format-standard","has-post-thumbnail","hentry","category-gente"],"_links":{"self":[{"href":"https:\/\/diariodominicano.com\/index.php?rest_route=\/wp\/v2\/posts\/621714","targetHints":{"allow":["GET"]}}],"collection":[{"href":"https:\/\/diariodominicano.com\/index.php?rest_route=\/wp\/v2\/posts"}],"about":[{"href":"https:\/\/diariodominicano.com\/index.php?rest_route=\/wp\/v2\/types\/post"}],"author":[{"embeddable":true,"href":"https:\/\/diariodominicano.com\/index.php?rest_route=\/wp\/v2\/users\/7"}],"replies":[{"embeddable":true,"href":"https:\/\/diariodominicano.com\/index.php?rest_route=%2Fwp%2Fv2%2Fcomments&post=621714"}],"version-history":[{"count":1,"href":"https:\/\/diariodominicano.com\/index.php?rest_route=\/wp\/v2\/posts\/621714\/revisions"}],"predecessor-version":[{"id":621738,"href":"https:\/\/diariodominicano.com\/index.php?rest_route=\/wp\/v2\/posts\/621714\/revisions\/621738"}],"wp:featuredmedia":[{"embeddable":true,"href":"https:\/\/diariodominicano.com\/index.php?rest_route=\/wp\/v2\/media\/621737"}],"wp:attachment":[{"href":"https:\/\/diariodominicano.com\/index.php?rest_route=%2Fwp%2Fv2%2Fmedia&parent=621714"}],"wp:term":[{"taxonomy":"category","embeddable":true,"href":"https:\/\/diariodominicano.com\/index.php?rest_route=%2Fwp%2Fv2%2Fcategories&post=621714"},{"taxonomy":"post_tag","embeddable":true,"href":"https:\/\/diariodominicano.com\/index.php?rest_route=%2Fwp%2Fv2%2Ftags&post=621714"}],"curies":[{"name":"wp","href":"https:\/\/api.w.org\/{rel}","templated":true}]}}