{"id":621711,"date":"2025-06-17T19:47:55","date_gmt":"2025-06-17T23:47:55","guid":{"rendered":"https:\/\/diariodominicano.com\/?p=621711"},"modified":"2025-06-17T19:48:08","modified_gmt":"2025-06-17T23:48:08","slug":"defensa-civil-celebra-59-anos-protegiendo-vidas-con-compromiso-y-honor","status":"publish","type":"post","link":"https:\/\/diariodominicano.com\/?p=621711","title":{"rendered":"Defensa Civil celebra 59 A\u00f1os protegiendo vidas con compromiso y honor"},"content":{"rendered":"\n<p><strong>San Pedro de Macor\u00eds.-<\/strong>&nbsp;\u201cEsta es una nueva Defensa Civil\u201d. Con estas palabras Juan Salas, director ejecutivo de la instituci\u00f3n, resalt\u00f3 los avances que ha tenido la entidad de respuesta a emergencias, en ocasi\u00f3n de celebrar 59 a\u00f1os al servicio de la naci\u00f3n.<\/p>\n\n\n\n<p>Salas encabez\u00f3 una misa de acci\u00f3n de gracias oficiada en la Catedral San Pedro Ap\u00f3stol, en San Pedro de Macor\u00eds, donde se resalt\u00f3 el buen trabajo que, desde el 17 de junio de 1966, ha realizado la Defensa Civil ante cualquier situaci\u00f3n que amenace las vidas y propiedades de los m\u00e1s vulnerables.<\/p>\n\n\n\n<p>\u201cHoy celebramos no solo un aniversario, sino el orgullo de servir con entrega y humanidad en esta valiosa familia naranja. Tras casi seis d\u00e9cadas, la Defensa Civil sigue firme, fortaleciendo sus capacidades y su v\u00ednculo con las comunidades. Una muestra de esto es el desarrollo de nuestra aplicaci\u00f3n AlertaDO y la coordinaci\u00f3n con organismos hom\u00f3logos regionales, acciones estas que nos permiten tomar las mejores decisiones en momentos de crisis y en pro de la vida\u201d, expres\u00f3 el funcionario.<\/p>\n\n\n\n<p>El tambi\u00e9n presidente de la Comisi\u00f3n Nacional de Emergencias (CNE), explic\u00f3 que trabaja en la preparaci\u00f3n y capacitaci\u00f3n constante de sus m\u00e1s de 16 mil miembros voluntarios y voluntarias a nivel nacional en diferentes \u00e1reas de la Gesti\u00f3n de Riesgos, para brindar una mejor respuesta ante eventos adversos, intensificados por el Cambio clim\u00e1tico y&nbsp; ante la Temporada Cicl\u00f3nica 2025.<\/p>\n\n\n\n<p>A la eucarist\u00eda asistieron adem\u00e1s los directores provinciales de la Defensa Civil Regional Este, voluntarios, voluntarias, personal administrativo y autoridades locales de San Pedro de Macor\u00eds. Concluy\u00f3 con un llamado a continuar trabajando unidos por una Rep\u00fablica Dominicana m\u00e1s segura y resiliente.<\/p>\n\n\n\n<p><strong>Reconocimiento a Pablo Polanco Rosa<\/strong><\/p>\n\n\n\n<p>Tras la misa, el director Juan Salas entreg\u00f3 un reconocimiento p\u00f3stumo al fenecido director regional Este de la Defensa Civil en San Pedro de Macor\u00eds, Pablo Polanco Rosa, por su destacada trayectoria, compromiso ejemplar y valiosa contribuci\u00f3n al fortalecimiento de la gesti\u00f3n de riesgo en el pa\u00eds.<\/p>\n\n\n\n<p>En el acto de homenaje estuvieron presentes familiares de Polanco, quienes agradecieron a las autoridades de Santo Domingo, por resaltar la trayectoria de su padre, un hombre de servicio y cuyo legado se mantendr\u00e1, como afirm\u00f3 Salas.<\/p>\n\n\n\n<p>Defensa Civil Dominicana <a href=\"mailto:redesdefensacivil@gmail.com\">redesdefensacivil@gmail.com<\/a><\/p>\n","protected":false},"excerpt":{"rendered":"<p>San Pedro de Macor\u00eds.-&nbsp;\u201cEsta es una nueva Defensa Civil\u201d. Con estas palabras Juan Salas, director ejecutivo de la instituci\u00f3n, resalt\u00f3 los avances que ha tenido la entidad de respuesta a emergencias, en ocasi\u00f3n de celebrar 59 a\u00f1os al servicio de la naci\u00f3n. Salas encabez\u00f3 una misa de acci\u00f3n de gracias oficiada en la Catedral San [&hellip;]<\/p>\n","protected":false},"author":7,"featured_media":621726,"comment_status":"closed","ping_status":"closed","sticky":false,"template":"","format":"standard","meta":{"footnotes":""},"categories":[20],"tags":[573],"class_list":["post-621711","post","type-post","status-publish","format-standard","has-post-thumbnail","hentry","category-dominicana-hoy","tag-defensa-civil"],"_links":{"self":[{"href":"https:\/\/diariodominicano.com\/index.php?rest_route=\/wp\/v2\/posts\/621711","targetHints":{"allow":["GET"]}}],"collection":[{"href":"https:\/\/diariodominicano.com\/index.php?rest_route=\/wp\/v2\/posts"}],"about":[{"href":"https:\/\/diariodominicano.com\/index.php?rest_route=\/wp\/v2\/types\/post"}],"author":[{"embeddable":true,"href":"https:\/\/diariodominicano.com\/index.php?rest_route=\/wp\/v2\/users\/7"}],"replies":[{"embeddable":true,"href":"https:\/\/diariodominicano.com\/index.php?rest_route=%2Fwp%2Fv2%2Fcomments&post=621711"}],"version-history":[{"count":1,"href":"https:\/\/diariodominicano.com\/index.php?rest_route=\/wp\/v2\/posts\/621711\/revisions"}],"predecessor-version":[{"id":621727,"href":"https:\/\/diariodominicano.com\/index.php?rest_route=\/wp\/v2\/posts\/621711\/revisions\/621727"}],"wp:featuredmedia":[{"embeddable":true,"href":"https:\/\/diariodominicano.com\/index.php?rest_route=\/wp\/v2\/media\/621726"}],"wp:attachment":[{"href":"https:\/\/diariodominicano.com\/index.php?rest_route=%2Fwp%2Fv2%2Fmedia&parent=621711"}],"wp:term":[{"taxonomy":"category","embeddable":true,"href":"https:\/\/diariodominicano.com\/index.php?rest_route=%2Fwp%2Fv2%2Fcategories&post=621711"},{"taxonomy":"post_tag","embeddable":true,"href":"https:\/\/diariodominicano.com\/index.php?rest_route=%2Fwp%2Fv2%2Ftags&post=621711"}],"curies":[{"name":"wp","href":"https:\/\/api.w.org\/{rel}","templated":true}]}}