{"id":621682,"date":"2025-06-17T18:07:14","date_gmt":"2025-06-17T22:07:14","guid":{"rendered":"https:\/\/diariodominicano.com\/?p=621682"},"modified":"2025-06-17T18:15:18","modified_gmt":"2025-06-17T22:15:18","slug":"pastores-evangelicos-de-san-juan-respaldan-autorizacion-para-estudios-ambientales-del-proyecto-romero","status":"publish","type":"post","link":"https:\/\/diariodominicano.com\/?p=621682","title":{"rendered":"Pastores Evang\u00e9licos de San Juan respaldan autorizaci\u00f3n para estudios ambientales del Proyecto Romero"},"content":{"rendered":"\n<p>San Juan de la Maguana: Representantes de diversas confraternidades de iglesias evang\u00e9licas de la provincia San Juan ofrecieron en el d\u00eda de hoy una rueda de prensa ante los principales medios de comunicaci\u00f3n locales, en la que manifestaron p\u00fablicamente su respaldo a la reciente decisi\u00f3n del Ministerio de Medio Ambiente y Recursos Naturales de autorizar los estudios de impacto ambiental del Proyecto Romero, mediante la emisi\u00f3n de los T\u00e9rminos de Referencia (TDR).<\/p>\n\n\n\n<p>Bajo el lema \u201cSan Juan necesita saber\u201d, los l\u00edderes religiosos expresaron que esta autorizaci\u00f3n representa un paso necesario para que la poblaci\u00f3n y el pa\u00eds conozcan, con base cient\u00edfica y t\u00e9cnica, si los recursos minerales identificados pueden ser aprovechados de forma ambientalmente responsable y en beneficio de la colectividad.<\/p>\n\n\n\n<p>Durante el encuentro, se ley\u00f3 un manifiesto en el que se enfatiza que los estudios ambientales son la \u00fanica v\u00eda leg\u00edtima y objetiva para determinar la viabilidad del proyecto, y que cualquier decisi\u00f3n sobre su futuro debe estar basada en los resultados que estos arrojen.<\/p>\n\n\n\n<p>\u201cSolo si los estudios concluyen que el proyecto es viable desde el punto de vista ambiental, y si el Ministerio de Medio Ambiente lo aprueba mediante una licencia ambiental, el Proyecto Romero podr\u00e1 avanzar hacia su fase de construcci\u00f3n con el respaldo de nuestras comunidades\u201d, indicaron los pastores.<\/p>\n\n\n\n<p>Los pastores concluyeron reafirmando su compromiso con el bienestar de San Juan, la protecci\u00f3n de sus recursos naturales, el desarrollo de su gente y la defensa de una agricultura sostenible.<\/p>\n\n\n\n<p>&nbsp;Manifestaron que est\u00e1n atentos y vigilantes al desarrollo de los estudios de impacto ambiental, y que esperar\u00e1n sus resultados t\u00e9cnicos antes de asumir una posici\u00f3n definitiva sobre el desarrollo del proyecto, reiterando que solo respaldar\u00e1n aquellas iniciativas que demuestren ser compatibles con la protecci\u00f3n del medio ambiente y el bien com\u00fan de la provincia.<\/p>\n\n\n\n<p>Ohelmis Sanchez <a href=\"mailto:ohelmissanchez01@gmail.com\">ohelmissanchez01@gmail.com<\/a><\/p>\n","protected":false},"excerpt":{"rendered":"<p>San Juan de la Maguana: Representantes de diversas confraternidades de iglesias evang\u00e9licas de la provincia San Juan ofrecieron en el d\u00eda de hoy una rueda de prensa ante los principales medios de comunicaci\u00f3n locales, en la que manifestaron p\u00fablicamente su respaldo a la reciente decisi\u00f3n del Ministerio de Medio Ambiente y Recursos Naturales de autorizar [&hellip;]<\/p>\n","protected":false},"author":7,"featured_media":621701,"comment_status":"closed","ping_status":"closed","sticky":false,"template":"","format":"standard","meta":{"footnotes":""},"categories":[36],"tags":[2720,2721],"class_list":["post-621682","post","type-post","status-publish","format-standard","has-post-thumbnail","hentry","category-hombresmujeresycosas","tag-pastores-evangelicos-de-san-juan","tag-proyecto-romero"],"_links":{"self":[{"href":"https:\/\/diariodominicano.com\/index.php?rest_route=\/wp\/v2\/posts\/621682","targetHints":{"allow":["GET"]}}],"collection":[{"href":"https:\/\/diariodominicano.com\/index.php?rest_route=\/wp\/v2\/posts"}],"about":[{"href":"https:\/\/diariodominicano.com\/index.php?rest_route=\/wp\/v2\/types\/post"}],"author":[{"embeddable":true,"href":"https:\/\/diariodominicano.com\/index.php?rest_route=\/wp\/v2\/users\/7"}],"replies":[{"embeddable":true,"href":"https:\/\/diariodominicano.com\/index.php?rest_route=%2Fwp%2Fv2%2Fcomments&post=621682"}],"version-history":[{"count":1,"href":"https:\/\/diariodominicano.com\/index.php?rest_route=\/wp\/v2\/posts\/621682\/revisions"}],"predecessor-version":[{"id":621702,"href":"https:\/\/diariodominicano.com\/index.php?rest_route=\/wp\/v2\/posts\/621682\/revisions\/621702"}],"wp:featuredmedia":[{"embeddable":true,"href":"https:\/\/diariodominicano.com\/index.php?rest_route=\/wp\/v2\/media\/621701"}],"wp:attachment":[{"href":"https:\/\/diariodominicano.com\/index.php?rest_route=%2Fwp%2Fv2%2Fmedia&parent=621682"}],"wp:term":[{"taxonomy":"category","embeddable":true,"href":"https:\/\/diariodominicano.com\/index.php?rest_route=%2Fwp%2Fv2%2Fcategories&post=621682"},{"taxonomy":"post_tag","embeddable":true,"href":"https:\/\/diariodominicano.com\/index.php?rest_route=%2Fwp%2Fv2%2Ftags&post=621682"}],"curies":[{"name":"wp","href":"https:\/\/api.w.org\/{rel}","templated":true}]}}