{"id":621672,"date":"2025-06-17T15:48:51","date_gmt":"2025-06-17T19:48:51","guid":{"rendered":"https:\/\/diariodominicano.com\/?p=621672"},"modified":"2025-06-17T15:49:11","modified_gmt":"2025-06-17T19:49:11","slug":"congresista-espaillat-vota-anticipadamente-en-primarias-democratas-y-llama-votar-por-cuomo-para-enfrentar-a-trump","status":"publish","type":"post","link":"https:\/\/diariodominicano.com\/?p=621672","title":{"rendered":"Congresista Espaillat vota anticipadamente en primarias dem\u00f3cratas y llama votar por Cuomo para enfrentar a Trump"},"content":{"rendered":"\n<p><strong>Por Ram\u00f3n Mercedes<\/strong><\/p>\n\n\n\n<p><strong>NUEVA YORK.-<\/strong> El congresista Adriano Espaillat (NY-13) ejerci\u00f3 este lunes su derecho al voto anticipado en las primarias dem\u00f3cratas, en la escuela p\u00fablica Washington Heights Academy PS\/IS 366, ubicada en el 202 de la avenida Sherman, en el Alto Manhattan.<\/p>\n\n\n\n<p>Antes de emitir su voto, Espaillat exhort\u00f3 a los neoyorquinos a apoyar al exgobernador Andrew Cuomo como candidato a la Alcald\u00eda de NYC, asegurando que es la persona indicada para enfrentar la ola de incertidumbre y temor que ha provocado Donald Trump.<\/p>\n\n\n\n<p>\u00abPara lograrlo, necesitamos a alguien con experiencia, y Cuomo est\u00e1 preparado para enfrentar a la administraci\u00f3n del presidente republicano\u00bb, afirm\u00f3.<\/p>\n\n\n\n<p>El congresista recomend\u00f3 votar con anticipaci\u00f3n para evitar contratiempos como lluvias o emergencias familiares, y destac\u00f3 la importancia de contar con un liderazgo firme.<\/p>\n\n\n\n<p>\u00abLa ciudad necesita enderezarse\u00bb. \u00abCuomo tiene la experiencia y la capacidad para hacerlo\u00bb. \u00abNecesitamos una voz experimentada que devuelva la seguridad p\u00fablica y enfrente el azote de Trump, que mantiene al pa\u00eds ya nuestra ciudad en un estado de nerviosismo y temor sin precedentes\u00bb, expres\u00f3.<\/p>\n\n\n\n<p>Espaillat insisti\u00f3 en que Cuomo puede liderar esta lucha \u00abjunto a todos nosotros\u00bb, defendiendo el car\u00e1cter democr\u00e1tico de Estados Unidos. \u00abEste es un pa\u00eds de leyes e instituciones, y vamos a luchar para que siga si\u00e9ndolo\u00bb, enfatiz\u00f3.<\/p>\n\n\n\n<p>Asimismo, critic\u00f3 la actitud autoritaria del expresidente Trump. \u00abSe cree un monarca, un rey\u00bb. Pero este es un pa\u00eds democr\u00e1tico donde todos tienen derecho a opinar.<\/p>\n\n\n\n<p>Su intolerancia ha desatado una ola de violencia que lamentablemente cost\u00f3 la vida de dos legisladores en Minnesota. Rechazamos esa violencia y vamos a proteger esta naci\u00f3n\u201d, puntualiz\u00f3.<\/p>\n\n\n\n<p><strong>Calendario electoral:<\/strong> La votaci\u00f3n anticipada comenz\u00f3 el s\u00e1bado pasado y se extender\u00e1 hasta el s\u00e1bado 22 de junio. El domingo 23 ser\u00e1 el \u00faltimo d\u00eda para solicitar en persona una boleta para las elecciones primarias, que se celebrar\u00e1n el martes 24.<\/p>\n\n\n\n<p>Posteriormente, el 20 de octubre ser\u00e1 la fecha l\u00edmite para realizar cambios de domicilio de cara a las elecciones generales. El 25 de octubre vence el plazo para registrarse como votante.<\/p>\n\n\n\n<p>La votaci\u00f3n anticipada para las elecciones generales se realizar\u00e1 entre el 25 de octubre y el 11 de noviembre. El 3 de noviembre ser\u00e1 el \u00faltimo d\u00eda para solicitar en persona una boleta, y el lunes 4 de noviembre se celebrar\u00e1n las elecciones generales.<\/p>\n\n\n\n<p><strong>Cargos en disputa:<\/strong> En estas primarias dem\u00f3cratas se elegir\u00e1n oficialmente los candidatos a los siguientes cargos: Alcalde, Defensor del Pueblo, Interventor, Presidentes de Condado, Concejales, Fiscal de Distrito, Jueces del Tribunal Supremo y del Tribunal Civil.<\/p>\n\n\n\n<p>No se celebrar\u00e1n primarias republicanas para la Alcald\u00eda, ya que el \u00fanico candidato es Curtis Sliwa, reconocido l\u00edder comunitario, activista y locutor, fundador de Los \u00c1ngeles Guardianes, quien ha aspirado al cargo en otras ocasiones.<a href=\"https:\/\/www.youtube.com\/watch?v=aUP0UCFjVMc\">https:\/\/www.youtube.com\/watch?v=aUP0UCFjVMc<\/a><\/p>\n","protected":false},"excerpt":{"rendered":"<p>Por Ram\u00f3n Mercedes NUEVA YORK.- El congresista Adriano Espaillat (NY-13) ejerci\u00f3 este lunes su derecho al voto anticipado en las primarias dem\u00f3cratas, en la escuela p\u00fablica Washington Heights Academy PS\/IS 366, ubicada en el 202 de la avenida Sherman, en el Alto Manhattan. Antes de emitir su voto, Espaillat exhort\u00f3 a los neoyorquinos a apoyar [&hellip;]<\/p>\n","protected":false},"author":7,"featured_media":621670,"comment_status":"closed","ping_status":"closed","sticky":false,"template":"","format":"standard","meta":{"footnotes":""},"categories":[23],"tags":[181],"class_list":["post-621672","post","type-post","status-publish","format-standard","has-post-thumbnail","hentry","category-internacional","tag-ramon-mercedes"],"_links":{"self":[{"href":"https:\/\/diariodominicano.com\/index.php?rest_route=\/wp\/v2\/posts\/621672","targetHints":{"allow":["GET"]}}],"collection":[{"href":"https:\/\/diariodominicano.com\/index.php?rest_route=\/wp\/v2\/posts"}],"about":[{"href":"https:\/\/diariodominicano.com\/index.php?rest_route=\/wp\/v2\/types\/post"}],"author":[{"embeddable":true,"href":"https:\/\/diariodominicano.com\/index.php?rest_route=\/wp\/v2\/users\/7"}],"replies":[{"embeddable":true,"href":"https:\/\/diariodominicano.com\/index.php?rest_route=%2Fwp%2Fv2%2Fcomments&post=621672"}],"version-history":[{"count":1,"href":"https:\/\/diariodominicano.com\/index.php?rest_route=\/wp\/v2\/posts\/621672\/revisions"}],"predecessor-version":[{"id":621678,"href":"https:\/\/diariodominicano.com\/index.php?rest_route=\/wp\/v2\/posts\/621672\/revisions\/621678"}],"wp:featuredmedia":[{"embeddable":true,"href":"https:\/\/diariodominicano.com\/index.php?rest_route=\/wp\/v2\/media\/621670"}],"wp:attachment":[{"href":"https:\/\/diariodominicano.com\/index.php?rest_route=%2Fwp%2Fv2%2Fmedia&parent=621672"}],"wp:term":[{"taxonomy":"category","embeddable":true,"href":"https:\/\/diariodominicano.com\/index.php?rest_route=%2Fwp%2Fv2%2Fcategories&post=621672"},{"taxonomy":"post_tag","embeddable":true,"href":"https:\/\/diariodominicano.com\/index.php?rest_route=%2Fwp%2Fv2%2Ftags&post=621672"}],"curies":[{"name":"wp","href":"https:\/\/api.w.org\/{rel}","templated":true}]}}