{"id":621607,"date":"2025-06-17T02:45:39","date_gmt":"2025-06-17T06:45:39","guid":{"rendered":"https:\/\/diariodominicano.com\/?p=621607"},"modified":"2025-06-17T02:56:05","modified_gmt":"2025-06-17T06:56:05","slug":"inefi-realizo-cuatro-importantes-eventos-en-distintos-puntos-del-pais","status":"publish","type":"post","link":"https:\/\/diariodominicano.com\/?p=621607","title":{"rendered":"INEFI realiz\u00f3 cuatro importantes eventos en distintos puntos del pa\u00eds"},"content":{"rendered":"\n<p><strong>SANTO DOMINGO.<\/strong>&nbsp;\u2013 En un fin de semana sin precedentes, el Instituto Nacional de Educaci\u00f3n F\u00edsica (INEFI) llev\u00f3 a cabo de manera simult\u00e1nea cuatro importantes eventos en distintos puntos del pa\u00eds, consolidando su compromiso con la educaci\u00f3n f\u00edsica, la inclusi\u00f3n y el fortalecimiento del deporte escolar en toda la Rep\u00fablica Dominicana.<\/p>\n\n\n\n<p>El s\u00e1bado, el director ejecutivo del INEFI, Alberto Rodr\u00edguez Mella, encabez\u00f3 el Festival Nacional de Marcha Escolar 2025, celebrado en la Gran Arena del Cibao, en Santiago de los Caballeros, con la participaci\u00f3n de las 18 regionales educativas del pa\u00eds.<\/p>\n\n\n\n<p>Ese mismo d\u00eda, el programa \u201cINEFI con el Barrio\u201d se desarroll\u00f3 en el Ensanche Espaillat, en el Distrito Nacional, donde ni\u00f1os, j\u00f3venes y adultos participaron en torneos de baloncesto 3&#215;3, vitilla, ajedrez y b\u00e1dminton, en una jornada que combin\u00f3 competencia, recreaci\u00f3n y convivencia comunitaria.<\/p>\n\n\n\n<figure class=\"wp-block-gallery has-nested-images columns-default is-cropped wp-block-gallery-1 is-layout-flex wp-block-gallery-is-layout-flex\">\n<figure class=\"wp-block-image size-large\"><img loading=\"lazy\" decoding=\"async\" width=\"852\" height=\"568\" data-id=\"621610\" src=\"https:\/\/diariodominicano.com\/wp-content\/uploads\/2025\/06\/Panoramica-de-la-inauguracion-del-Festival-Nacional-de-Marcha-Escolar-INEFI-2025-celebrado-en-la-Gran-Arena-del-Cibao-en-Santiago-de-los-Caballeros.jpeg\" alt=\"\" class=\"wp-image-621610\" srcset=\"https:\/\/diariodominicano.com\/wp-content\/uploads\/2025\/06\/Panoramica-de-la-inauguracion-del-Festival-Nacional-de-Marcha-Escolar-INEFI-2025-celebrado-en-la-Gran-Arena-del-Cibao-en-Santiago-de-los-Caballeros.jpeg 852w, https:\/\/diariodominicano.com\/wp-content\/uploads\/2025\/06\/Panoramica-de-la-inauguracion-del-Festival-Nacional-de-Marcha-Escolar-INEFI-2025-celebrado-en-la-Gran-Arena-del-Cibao-en-Santiago-de-los-Caballeros-300x200.jpeg 300w, https:\/\/diariodominicano.com\/wp-content\/uploads\/2025\/06\/Panoramica-de-la-inauguracion-del-Festival-Nacional-de-Marcha-Escolar-INEFI-2025-celebrado-en-la-Gran-Arena-del-Cibao-en-Santiago-de-los-Caballeros-768x512.jpeg 768w, https:\/\/diariodominicano.com\/wp-content\/uploads\/2025\/06\/Panoramica-de-la-inauguracion-del-Festival-Nacional-de-Marcha-Escolar-INEFI-2025-celebrado-en-la-Gran-Arena-del-Cibao-en-Santiago-de-los-Caballeros-816x544.jpeg 816w\" sizes=\"auto, (max-width: 852px) 100vw, 852px\" \/><\/figure>\n<\/figure>\n\n\n\n<p>Tambi\u00e9n el s\u00e1bado, en el complejo deportivo Pedro Julio Nolasco de La Romana, se celebr\u00f3 una nueva etapa de eliminatorias regionales del Torneo Nacional de Atletismo Escolar, con la participaci\u00f3n de m\u00e1s de 300 estudiantes de la regi\u00f3n Este.<\/p>\n\n\n\n<p>Durante el s\u00e1bado y el domingo, se llev\u00f3 a cabo el Festival Metropolitano de Deporte Adaptado en el Parque Mirador Norte, en el municipio Santo Domingo Norte, reafirmando el compromiso del INEFI con la inclusi\u00f3n plena de los estudiantes con discapacidad.<\/p>\n\n\n\n<figure class=\"wp-block-gallery has-nested-images columns-default is-cropped wp-block-gallery-2 is-layout-flex wp-block-gallery-is-layout-flex\">\n<figure class=\"wp-block-image size-large\"><img loading=\"lazy\" decoding=\"async\" width=\"852\" height=\"568\" data-id=\"621611\" src=\"https:\/\/diariodominicano.com\/wp-content\/uploads\/2025\/06\/Alberto-Rodriguez-Mella-posa-junto-a-las-capitanas-de-dos-regionales-estudiantiles-en-la-inauguracion-del-Festival-Nacional-de-Marcha-Escolar-INEFI-2025.jpeg\" alt=\"\" class=\"wp-image-621611\" srcset=\"https:\/\/diariodominicano.com\/wp-content\/uploads\/2025\/06\/Alberto-Rodriguez-Mella-posa-junto-a-las-capitanas-de-dos-regionales-estudiantiles-en-la-inauguracion-del-Festival-Nacional-de-Marcha-Escolar-INEFI-2025.jpeg 852w, https:\/\/diariodominicano.com\/wp-content\/uploads\/2025\/06\/Alberto-Rodriguez-Mella-posa-junto-a-las-capitanas-de-dos-regionales-estudiantiles-en-la-inauguracion-del-Festival-Nacional-de-Marcha-Escolar-INEFI-2025-300x200.jpeg 300w, https:\/\/diariodominicano.com\/wp-content\/uploads\/2025\/06\/Alberto-Rodriguez-Mella-posa-junto-a-las-capitanas-de-dos-regionales-estudiantiles-en-la-inauguracion-del-Festival-Nacional-de-Marcha-Escolar-INEFI-2025-768x512.jpeg 768w, https:\/\/diariodominicano.com\/wp-content\/uploads\/2025\/06\/Alberto-Rodriguez-Mella-posa-junto-a-las-capitanas-de-dos-regionales-estudiantiles-en-la-inauguracion-del-Festival-Nacional-de-Marcha-Escolar-INEFI-2025-816x544.jpeg 816w\" sizes=\"auto, (max-width: 852px) 100vw, 852px\" \/><\/figure>\n<\/figure>\n\n\n\n<p>Sobre estas iniciativas, Alberto Rodr\u00edguez Mella destac\u00f3:<\/p>\n\n\n\n<p>\u201cEl objetivo de estas actividades masivas es transformar vidas a trav\u00e9s del deporte y la inclusi\u00f3n. Gracias al esfuerzo conjunto de nuestro equipo y las comunidades educativas, seguimos haciendo historia\u201d.<\/p>\n\n\n\n<p>Con estos eventos, el INEFI demuestra su visi\u00f3n de llegar a cada rinc\u00f3n del pa\u00eds con propuestas que promuevan una cultura f\u00edsica activa, participativa y accesible para todos.<\/p>\n\n\n\n<p>PRENSA INEFI <a href=\"mailto:prensainefi@gmail.com\">prensainefi@gmail.com<\/a> <strong>&nbsp;<\/strong><\/p>\n","protected":false},"excerpt":{"rendered":"<p>SANTO DOMINGO.&nbsp;\u2013 En un fin de semana sin precedentes, el Instituto Nacional de Educaci\u00f3n F\u00edsica (INEFI) llev\u00f3 a cabo de manera simult\u00e1nea cuatro importantes eventos en distintos puntos del pa\u00eds, consolidando su compromiso con la educaci\u00f3n f\u00edsica, la inclusi\u00f3n y el fortalecimiento del deporte escolar en toda la Rep\u00fablica Dominicana. El s\u00e1bado, el director ejecutivo [&hellip;]<\/p>\n","protected":false},"author":7,"featured_media":621609,"comment_status":"closed","ping_status":"closed","sticky":false,"template":"","format":"standard","meta":{"footnotes":""},"categories":[17],"tags":[491],"class_list":["post-621607","post","type-post","status-publish","format-standard","has-post-thumbnail","hentry","category-deportes","tag-inefi"],"_links":{"self":[{"href":"https:\/\/diariodominicano.com\/index.php?rest_route=\/wp\/v2\/posts\/621607","targetHints":{"allow":["GET"]}}],"collection":[{"href":"https:\/\/diariodominicano.com\/index.php?rest_route=\/wp\/v2\/posts"}],"about":[{"href":"https:\/\/diariodominicano.com\/index.php?rest_route=\/wp\/v2\/types\/post"}],"author":[{"embeddable":true,"href":"https:\/\/diariodominicano.com\/index.php?rest_route=\/wp\/v2\/users\/7"}],"replies":[{"embeddable":true,"href":"https:\/\/diariodominicano.com\/index.php?rest_route=%2Fwp%2Fv2%2Fcomments&post=621607"}],"version-history":[{"count":2,"href":"https:\/\/diariodominicano.com\/index.php?rest_route=\/wp\/v2\/posts\/621607\/revisions"}],"predecessor-version":[{"id":621614,"href":"https:\/\/diariodominicano.com\/index.php?rest_route=\/wp\/v2\/posts\/621607\/revisions\/621614"}],"wp:featuredmedia":[{"embeddable":true,"href":"https:\/\/diariodominicano.com\/index.php?rest_route=\/wp\/v2\/media\/621609"}],"wp:attachment":[{"href":"https:\/\/diariodominicano.com\/index.php?rest_route=%2Fwp%2Fv2%2Fmedia&parent=621607"}],"wp:term":[{"taxonomy":"category","embeddable":true,"href":"https:\/\/diariodominicano.com\/index.php?rest_route=%2Fwp%2Fv2%2Fcategories&post=621607"},{"taxonomy":"post_tag","embeddable":true,"href":"https:\/\/diariodominicano.com\/index.php?rest_route=%2Fwp%2Fv2%2Ftags&post=621607"}],"curies":[{"name":"wp","href":"https:\/\/api.w.org\/{rel}","templated":true}]}}