{"id":621485,"date":"2025-06-16T14:57:36","date_gmt":"2025-06-16T18:57:36","guid":{"rendered":"https:\/\/diariodominicano.com\/?p=621485"},"modified":"2025-06-16T15:04:20","modified_gmt":"2025-06-16T19:04:20","slug":"ismael-reyes-asegura-el-trabajo-infantil-es-un-fracaso-de-la-politica-y-el-estado-no-puede-ser-indiferente","status":"publish","type":"post","link":"https:\/\/diariodominicano.com\/?p=621485","title":{"rendered":"Ismael Reyes asegura \u00abel trabajo infantil es un fracaso de la pol\u00edtica y el Estado no puede ser indiferente\u00bb"},"content":{"rendered":"\n<p>El presidente del Partido Dem\u00f3crata Institucional (PDI), Ismael Reyes, llam\u00f3 al gobierno y a todos los sectores sociales a enfrentar con responsabilidad y visi\u00f3n la persistencia del trabajo infantil en Rep\u00fablica Dominicana, tema que volvi\u00f3 al centro de la agenda tras recientes denuncias de organizaciones sociales y del Ministerio de Trabajo.<\/p>\n\n\n\n<p>\u201cEstamos hablando que d\u00e9 seg\u00fan organizaciones sociales m\u00e1s de 300 mil ni\u00f1os y ni\u00f1as est\u00e1n trabajando. Los ni\u00f1as y ni\u00f1os que no deber\u00edan cargar bultos ni vender en las esquinas, sino tener cuadernos en las manos y sue\u00f1os. Un pa\u00eds que tolera el trabajo infantil no es un pa\u00eds pobre, es un pa\u00eds que ha fallado en sus prioridades \u00e9ticas\u201d, declar\u00f3 Reyes.<\/p>\n\n\n\n<p>Desde el PDI, reiter\u00f3 la necesidad de establecer una pol\u00edtica p\u00fablica integral para erradicar el trabajo infantil, con enfoque preventivo, protecci\u00f3n familiar, apoyo educativo y seguimiento institucional, incluyendo la creaci\u00f3n de una red nacional de alerta comunitaria temprana, fortalecimiento de los programas de cuidado infantil y el rescate del rol activo del Estado como garante del bienestar de la ni\u00f1ez.<\/p>\n\n\n\n<p>\u201cNo se trata de n\u00fameros. Se trata de vidas. El Estado no puede continuar atrapado en presentaciones y planes que no tocan la realidad. Hay que actuar desde lo humano, desde la cercan\u00eda y con responsabilidad institucional. La ni\u00f1ez debe ser prioridad, no una estad\u00edstica para discursos\u201d.<\/p>\n\n\n\n<p>Reyes dijo que el nuevo PDI representa una visi\u00f3n distinta: \u201cuna pol\u00edtica que construye, que escucha y que pone a los m\u00e1s vulnerables en el centro de las decisiones p\u00fablicas. La verdadera pol\u00edtica es la que se parece a lo mejor del pueblo dominicano. Y proteger a nuestra infancia es la forma m\u00e1s digna de empezar\u201d.<\/p>\n\n\n\n<p>Carmen Estevez <a href=\"mailto:estevezc119@gmail.com\">estevezc119@gmail.com<\/a><\/p>\n\n\n\n<p>#IsmaelReyes #PartidoDem\u00f3crataInstitucional #PDI #OrganizacionesSociales #MinisteriodeTrabajo<\/p>\n","protected":false},"excerpt":{"rendered":"<p>El presidente del Partido Dem\u00f3crata Institucional (PDI), Ismael Reyes, llam\u00f3 al gobierno y a todos los sectores sociales a enfrentar con responsabilidad y visi\u00f3n la persistencia del trabajo infantil en Rep\u00fablica Dominicana, tema que volvi\u00f3 al centro de la agenda tras recientes denuncias de organizaciones sociales y del Ministerio de Trabajo. \u201cEstamos hablando que d\u00e9 [&hellip;]<\/p>\n","protected":false},"author":7,"featured_media":621492,"comment_status":"closed","ping_status":"closed","sticky":false,"template":"","format":"standard","meta":{"footnotes":""},"categories":[22],"tags":[2199,2710],"class_list":["post-621485","post","type-post","status-publish","format-standard","has-post-thumbnail","hentry","category-politica","tag-ismael-reyes","tag-partido-democrata-institucional-pdi"],"_links":{"self":[{"href":"https:\/\/diariodominicano.com\/index.php?rest_route=\/wp\/v2\/posts\/621485","targetHints":{"allow":["GET"]}}],"collection":[{"href":"https:\/\/diariodominicano.com\/index.php?rest_route=\/wp\/v2\/posts"}],"about":[{"href":"https:\/\/diariodominicano.com\/index.php?rest_route=\/wp\/v2\/types\/post"}],"author":[{"embeddable":true,"href":"https:\/\/diariodominicano.com\/index.php?rest_route=\/wp\/v2\/users\/7"}],"replies":[{"embeddable":true,"href":"https:\/\/diariodominicano.com\/index.php?rest_route=%2Fwp%2Fv2%2Fcomments&post=621485"}],"version-history":[{"count":1,"href":"https:\/\/diariodominicano.com\/index.php?rest_route=\/wp\/v2\/posts\/621485\/revisions"}],"predecessor-version":[{"id":621493,"href":"https:\/\/diariodominicano.com\/index.php?rest_route=\/wp\/v2\/posts\/621485\/revisions\/621493"}],"wp:featuredmedia":[{"embeddable":true,"href":"https:\/\/diariodominicano.com\/index.php?rest_route=\/wp\/v2\/media\/621492"}],"wp:attachment":[{"href":"https:\/\/diariodominicano.com\/index.php?rest_route=%2Fwp%2Fv2%2Fmedia&parent=621485"}],"wp:term":[{"taxonomy":"category","embeddable":true,"href":"https:\/\/diariodominicano.com\/index.php?rest_route=%2Fwp%2Fv2%2Fcategories&post=621485"},{"taxonomy":"post_tag","embeddable":true,"href":"https:\/\/diariodominicano.com\/index.php?rest_route=%2Fwp%2Fv2%2Ftags&post=621485"}],"curies":[{"name":"wp","href":"https:\/\/api.w.org\/{rel}","templated":true}]}}