{"id":620957,"date":"2025-06-13T15:45:43","date_gmt":"2025-06-13T19:45:43","guid":{"rendered":"https:\/\/diariodominicano.com\/?p=620957"},"modified":"2025-06-13T15:45:46","modified_gmt":"2025-06-13T19:45:46","slug":"facci-anuncia-la-quinta-edicion-del-torneo","status":"publish","type":"post","link":"https:\/\/diariodominicano.com\/?p=620957","title":{"rendered":"FACCI anuncia la quinta edici\u00f3n del torneo"},"content":{"rendered":"\n<p><strong>\u201cKids Hope Golf Tournament<\/strong><\/p>\n\n\n\n<p>Ciudad Destino Cap Cana acoger\u00e1 nuevamente este evento deportivo y solidario que re\u00fane a empresas, golfistas y aliados comprometidos con la causa.<\/p>\n\n\n\n<p>La Fundaci\u00f3n Amigos Contra el C\u00e1ncer Infantil (FACCI) anunci\u00f3 la celebraci\u00f3n de la quinta edici\u00f3n del Kids Hope Golf Tournament, que tendr\u00e1 lugar los d\u00edas 15 y 16 de agosto en el prestigioso Punta Espada Golf Course, en Ciudad Destino Cap Cana. Este evento ben\u00e9fico se consolida como una de las principales iniciativas de recaudaci\u00f3n de fondos para brindar esperanza y apoyo integral a ni\u00f1os diagnosticados con c\u00e1ncer.<\/p>\n\n\n\n<figure class=\"wp-block-gallery has-nested-images columns-default is-cropped wp-block-gallery-1 is-layout-flex wp-block-gallery-is-layout-flex\">\n<figure class=\"wp-block-image size-large\"><img loading=\"lazy\" decoding=\"async\" width=\"393\" height=\"155\" data-id=\"620982\" src=\"https:\/\/diariodominicano.com\/wp-content\/uploads\/2025\/06\/Lara-Colon-John-Besosa.png\" alt=\"\" class=\"wp-image-620982\" srcset=\"https:\/\/diariodominicano.com\/wp-content\/uploads\/2025\/06\/Lara-Colon-John-Besosa.png 393w, https:\/\/diariodominicano.com\/wp-content\/uploads\/2025\/06\/Lara-Colon-John-Besosa-300x118.png 300w\" sizes=\"auto, (max-width: 393px) 100vw, 393px\" \/><figcaption class=\"wp-element-caption\">Lara Col\u00f3n, John Besosa <\/figcaption><\/figure>\n<\/figure>\n\n\n\n<p>\u201cKids Hope es un evento de competencia, solidaridad y compromiso con los ni\u00f1os con c\u00e1ncer, es un evento de agradecimiento de campe\u00f3n a campe\u00f3n porque saben lo que es perseguir un sue\u00f1o y luchar por lograr algo con pasi\u00f3n\u201d, expres\u00f3 Alexandra Matos de Purcell, presidenta de FACCI.<\/p>\n\n\n\n<figure class=\"wp-block-gallery has-nested-images columns-default is-cropped wp-block-gallery-2 is-layout-flex wp-block-gallery-is-layout-flex\">\n<figure class=\"wp-block-image size-large\"><img loading=\"lazy\" decoding=\"async\" width=\"568\" height=\"207\" data-id=\"620981\" src=\"https:\/\/diariodominicano.com\/wp-content\/uploads\/2025\/06\/Roberto-Bonetti-Alejandra-Perez-Alejandro-Rodriguez.png\" alt=\"\" class=\"wp-image-620981\" srcset=\"https:\/\/diariodominicano.com\/wp-content\/uploads\/2025\/06\/Roberto-Bonetti-Alejandra-Perez-Alejandro-Rodriguez.png 568w, https:\/\/diariodominicano.com\/wp-content\/uploads\/2025\/06\/Roberto-Bonetti-Alejandra-Perez-Alejandro-Rodriguez-300x109.png 300w\" sizes=\"auto, (max-width: 568px) 100vw, 568px\" \/><figcaption class=\"wp-element-caption\">Roberto Bonetti, Alejandra P\u00e9rez, Alejandro Rodr\u00edguez<\/figcaption><\/figure>\n<\/figure>\n\n\n\n<p>Este a\u00f1o, el torneo se celebrar\u00e1 bajo el formato scramble en parejas, recibiendo a m\u00e1s de 240 golfistas nacionales e internacionales, distribuidos en las categor\u00edas A, B, C y Damas. Ser\u00e1n reconocidos los tres primeros lugares en puntuaci\u00f3n neta, adem\u00e1s de un premio especial al mejor puntaje bruto.<\/p>\n\n\n\n<figure class=\"wp-block-gallery has-nested-images columns-default is-cropped wp-block-gallery-3 is-layout-flex wp-block-gallery-is-layout-flex\">\n<figure class=\"wp-block-image size-large\"><img loading=\"lazy\" decoding=\"async\" width=\"624\" height=\"283\" data-id=\"620979\" src=\"https:\/\/diariodominicano.com\/wp-content\/uploads\/2025\/06\/Roxanna-de-Acebal-Maria-Turull-Samir-Chami-Alexandra-Matos-de-Purcell.png\" alt=\"\" class=\"wp-image-620979\" srcset=\"https:\/\/diariodominicano.com\/wp-content\/uploads\/2025\/06\/Roxanna-de-Acebal-Maria-Turull-Samir-Chami-Alexandra-Matos-de-Purcell.png 624w, https:\/\/diariodominicano.com\/wp-content\/uploads\/2025\/06\/Roxanna-de-Acebal-Maria-Turull-Samir-Chami-Alexandra-Matos-de-Purcell-300x136.png 300w\" sizes=\"auto, (max-width: 624px) 100vw, 624px\" \/><figcaption class=\"wp-element-caption\">Roxanna de Acebal, Mar\u00eda Turull, Samir Chami, Alexandra Matos de Purcell <\/figcaption><\/figure>\n<\/figure>\n\n\n\n<p>Entre las novedades m\u00e1s esperadas, regresa la din\u00e1mica del \u201cHelic\u00f3ptero Golf Ball Drop\u201d, una rifa interactiva y visualmente impactante que ya se ha convertido en una tradici\u00f3n. En esta ocasi\u00f3n, los premios incluir\u00e1n obras originales de reconocidos artistas pl\u00e1sticos dominicanos y experiencias exclusivas para los ganadores.<\/p>\n\n\n\n<p>El evento contar\u00e1 nuevamente con la presencia de figuras emblem\u00e1ticas del golf dominicano como Willy Pumarol y Juan Jos\u00e9 Guerra quienes se integrar\u00e1n a las din\u00e1micas especiales como \u201cBuy a Mulligan from the Pro\u201d, agregando un componente emocionante y participativo a la jornada.<\/p>\n\n\n\n<p>Los fondos recaudados en el torneo estar\u00e1n destinados a fortalecer los programas de atenci\u00f3n, infraestructura y soporte emocional que FACCI desarrolla principalmente en el Hospital Infantil Dr. Robert Reid Cabral, impactando \u00e1reas clave como internamiento, consulta, alimentaci\u00f3n, diagn\u00f3stico y acompa\u00f1amiento familiar.<\/p>\n\n\n\n<p>Durante m\u00e1s de 20 a\u00f1os, FACCI ha sido una voz activa y efectiva en la lucha contra el c\u00e1ncer infantil en la Rep\u00fablica Dominicana, impulsando mejoras tangibles en el sistema de salud y en la calidad de vida de cientos de ni\u00f1os.<\/p>\n\n\n\n<p>Las personas interesadas en participar o colaborar con esta causa pueden registrarse a trav\u00e9s del portal oficial:<\/p>\n\n\n\n<p><a href=\"http:\/\/www.facci.org.do\/kids\/registro\" target=\"_blank\" rel=\"noreferrer noopener\">www.facci.org.do\/kids\/registro<\/a>&nbsp;O llamar al +1 (829) 470-8616 para m\u00e1s informaci\u00f3n.<\/p>\n\n\n\n<p>El Kids Hope Golf Tournament ha evolucionado en estos cinco a\u00f1os como una plataforma de encuentro entre el deporte, la filantrop\u00eda y la responsabilidad social. Su \u00e9xito ha sido posible gracias al respaldo continuo de empresas patrocinadoras y aliados estrat\u00e9gicos, comprometidos con dejar una huella positiva en la sociedad.<\/p>\n\n\n\n<p>La quinta edici\u00f3n cuenta con el respaldo de m\u00e1s de 40 marcas l\u00edderes en sus sectores. FACCI reiter\u00f3 su agradecimiento a todos quienes, a\u00f1o tras a\u00f1o, se suman a esta noble causa.<\/p>\n\n\n\n<p>Contacto de prensa: Comunicaciones FACCI&nbsp;<a href=\"mailto:faccifundacion@facci.org.do\" target=\"_blank\" rel=\"noreferrer noopener\">faccifundacion@facci.org.do<\/a>; +1 (829) 470-8616<\/p>\n\n\n\n<p><strong>Brianna Vasquez\u00a0&lt;brianna.vasquez@newlink-group.com<\/strong>\u2002<\/p>\n","protected":false},"excerpt":{"rendered":"<p>\u201cKids Hope Golf Tournament Ciudad Destino Cap Cana acoger\u00e1 nuevamente este evento deportivo y solidario que re\u00fane a empresas, golfistas y aliados comprometidos con la causa. La Fundaci\u00f3n Amigos Contra el C\u00e1ncer Infantil (FACCI) anunci\u00f3 la celebraci\u00f3n de la quinta edici\u00f3n del Kids Hope Golf Tournament, que tendr\u00e1 lugar los d\u00edas 15 y 16 de [&hellip;]<\/p>\n","protected":false},"author":7,"featured_media":620980,"comment_status":"closed","ping_status":"open","sticky":false,"template":"","format":"standard","meta":{"footnotes":""},"categories":[17],"tags":[2694],"class_list":["post-620957","post","type-post","status-publish","format-standard","has-post-thumbnail","hentry","category-deportes","tag-facci"],"_links":{"self":[{"href":"https:\/\/diariodominicano.com\/index.php?rest_route=\/wp\/v2\/posts\/620957","targetHints":{"allow":["GET"]}}],"collection":[{"href":"https:\/\/diariodominicano.com\/index.php?rest_route=\/wp\/v2\/posts"}],"about":[{"href":"https:\/\/diariodominicano.com\/index.php?rest_route=\/wp\/v2\/types\/post"}],"author":[{"embeddable":true,"href":"https:\/\/diariodominicano.com\/index.php?rest_route=\/wp\/v2\/users\/7"}],"replies":[{"embeddable":true,"href":"https:\/\/diariodominicano.com\/index.php?rest_route=%2Fwp%2Fv2%2Fcomments&post=620957"}],"version-history":[{"count":1,"href":"https:\/\/diariodominicano.com\/index.php?rest_route=\/wp\/v2\/posts\/620957\/revisions"}],"predecessor-version":[{"id":620985,"href":"https:\/\/diariodominicano.com\/index.php?rest_route=\/wp\/v2\/posts\/620957\/revisions\/620985"}],"wp:featuredmedia":[{"embeddable":true,"href":"https:\/\/diariodominicano.com\/index.php?rest_route=\/wp\/v2\/media\/620980"}],"wp:attachment":[{"href":"https:\/\/diariodominicano.com\/index.php?rest_route=%2Fwp%2Fv2%2Fmedia&parent=620957"}],"wp:term":[{"taxonomy":"category","embeddable":true,"href":"https:\/\/diariodominicano.com\/index.php?rest_route=%2Fwp%2Fv2%2Fcategories&post=620957"},{"taxonomy":"post_tag","embeddable":true,"href":"https:\/\/diariodominicano.com\/index.php?rest_route=%2Fwp%2Fv2%2Ftags&post=620957"}],"curies":[{"name":"wp","href":"https:\/\/api.w.org\/{rel}","templated":true}]}}