{"id":620953,"date":"2025-06-13T14:15:07","date_gmt":"2025-06-13T18:15:07","guid":{"rendered":"https:\/\/diariodominicano.com\/?p=620953"},"modified":"2025-06-13T14:15:16","modified_gmt":"2025-06-13T18:15:16","slug":"jce-presenta-avances-de-la-nueva-cedula-a-camara-americana-de-comercio","status":"publish","type":"post","link":"https:\/\/diariodominicano.com\/?p=620953","title":{"rendered":"JCE presenta avances de la nueva c\u00e9dula a C\u00e1mara Americana de Comercio"},"content":{"rendered":"\n<p><strong>Santo Domingo, RD.<\/strong>&nbsp;&#8211; La Junta Central Electoral (<strong>JCE<\/strong>) present\u00f3 este jueves a la C\u00e1mara Americana de Comercio (<strong>AMCHAMDR<\/strong>) el proyecto de la&nbsp;<strong>nueva C\u00e9dula<\/strong>&nbsp;de Identidad y Electoral, en el cual se detallaron los avances en seguridad y tecnolog\u00eda que incorporar\u00e1 el documento.<\/p>\n\n\n\n<p>El encuentro fue encabezado por los miembros titulares del Pleno: Dolores Fern\u00e1ndez S\u00e1nchez, Samir Chami Isa y Rafael Vallejo Santelises, as\u00ed como los miembros suplentes Prado L\u00f3pez Cornielle y Anibelca Rosario.<\/p>\n\n\n\n<p><br>Tambi\u00e9n estuvieron presentes el director de Cedulaci\u00f3n, Am\u00e9rico Rodr\u00edguez; la directora de Registro Civil, Rhina D\u00edaz; y el director de Inform\u00e1tica, Johnny Rivera.&nbsp;<\/p>\n\n\n\n<figure class=\"wp-block-image\"><img decoding=\"async\" src=\"https:\/\/diariodominicano.com\/wp-content\/uploads\/2025\/06\/Camara-de-Comercio-1024x683.jpg\" alt=\"\"\/><\/figure>\n\n\n\n<p><br>La AMCHAMDR estuvo representada por su presidenta, Francesca Rainieri, acompa\u00f1ada por los miembros de su Consejo de Directores.<\/p>\n\n\n\n<p><br>Durante la presentaci\u00f3n Rodr\u00edguez destac\u00f3 que la nueva c\u00e9dula representa un avance significativo hacia la modernizaci\u00f3n del sistema de identificaci\u00f3n en el pa\u00eds.<\/p>\n\n\n\n<p><br>\u00ab<em>Este nuevo documento no solo garantizar\u00e1 una mayor seguridad, sino que facilitar\u00e1 el acceso a una variedad de servicios, contribuyendo al desarrollo socioecon\u00f3mico de la Rep\u00fablica Dominicana<\/em>\u00ab, afirm\u00f3 Rodr\u00edguez.&nbsp;<\/p>\n\n\n\n<p><em><br><\/em>Asegur\u00f3 que este esfuerzo busca involucrar a la ciudadan\u00eda en el proceso de transformaci\u00f3n del sistema de identificaci\u00f3n, asegurando que todos los dominicanos cuenten con un documento que refleje los est\u00e1ndares internacionales en materia de seguridad y tecnolog\u00eda.&nbsp;<\/p>\n\n\n\n<p><br>La instituci\u00f3n contin\u00faa presentando el proyecto a diferentes sectores de la sociedad, con el objetivo de crear conciencia sobre la importancia de contar con una c\u00e9dula moderna, segura y funcional.<\/p>\n\n\n\n<p>Direcci\u00f3n de Comunicaciones<\/p>\n\n\n\n<p>Comunicaciones JCE <a href=\"mailto:Comunicaciones@jce.do\">Comunicaciones@jce.do<\/a><\/p>\n","protected":false},"excerpt":{"rendered":"<p>Santo Domingo, RD.&nbsp;&#8211; La Junta Central Electoral (JCE) present\u00f3 este jueves a la C\u00e1mara Americana de Comercio (AMCHAMDR) el proyecto de la&nbsp;nueva C\u00e9dula&nbsp;de Identidad y Electoral, en el cual se detallaron los avances en seguridad y tecnolog\u00eda que incorporar\u00e1 el documento. El encuentro fue encabezado por los miembros titulares del Pleno: Dolores Fern\u00e1ndez S\u00e1nchez, Samir [&hellip;]<\/p>\n","protected":false},"author":7,"featured_media":620961,"comment_status":"closed","ping_status":"closed","sticky":false,"template":"","format":"standard","meta":{"footnotes":""},"categories":[20,27],"tags":[522],"class_list":["post-620953","post","type-post","status-publish","format-standard","has-post-thumbnail","hentry","category-dominicana-hoy","category-portada","tag-jce"],"_links":{"self":[{"href":"https:\/\/diariodominicano.com\/index.php?rest_route=\/wp\/v2\/posts\/620953","targetHints":{"allow":["GET"]}}],"collection":[{"href":"https:\/\/diariodominicano.com\/index.php?rest_route=\/wp\/v2\/posts"}],"about":[{"href":"https:\/\/diariodominicano.com\/index.php?rest_route=\/wp\/v2\/types\/post"}],"author":[{"embeddable":true,"href":"https:\/\/diariodominicano.com\/index.php?rest_route=\/wp\/v2\/users\/7"}],"replies":[{"embeddable":true,"href":"https:\/\/diariodominicano.com\/index.php?rest_route=%2Fwp%2Fv2%2Fcomments&post=620953"}],"version-history":[{"count":1,"href":"https:\/\/diariodominicano.com\/index.php?rest_route=\/wp\/v2\/posts\/620953\/revisions"}],"predecessor-version":[{"id":620963,"href":"https:\/\/diariodominicano.com\/index.php?rest_route=\/wp\/v2\/posts\/620953\/revisions\/620963"}],"wp:featuredmedia":[{"embeddable":true,"href":"https:\/\/diariodominicano.com\/index.php?rest_route=\/wp\/v2\/media\/620961"}],"wp:attachment":[{"href":"https:\/\/diariodominicano.com\/index.php?rest_route=%2Fwp%2Fv2%2Fmedia&parent=620953"}],"wp:term":[{"taxonomy":"category","embeddable":true,"href":"https:\/\/diariodominicano.com\/index.php?rest_route=%2Fwp%2Fv2%2Fcategories&post=620953"},{"taxonomy":"post_tag","embeddable":true,"href":"https:\/\/diariodominicano.com\/index.php?rest_route=%2Fwp%2Fv2%2Ftags&post=620953"}],"curies":[{"name":"wp","href":"https:\/\/api.w.org\/{rel}","templated":true}]}}