{"id":620918,"date":"2025-06-13T13:46:32","date_gmt":"2025-06-13T17:46:32","guid":{"rendered":"https:\/\/diariodominicano.com\/?p=620918"},"modified":"2025-06-13T13:46:37","modified_gmt":"2025-06-13T17:46:37","slug":"este-sabado-es-el-ultimo-dia-para-registrarse-en-el-proceso-electoral-nyc-participante-dominicanos","status":"publish","type":"post","link":"https:\/\/diariodominicano.com\/?p=620918","title":{"rendered":"Este s\u00e1bado es el \u00faltimo d\u00eda para registrarse en el proceso electoral NYC; participante dominicanos"},"content":{"rendered":"\n<p><strong>Por Ram\u00f3n Mercedes<\/strong><\/p>\n\n\n\n<p><strong>NUEVA YORK<\/strong>&nbsp;.- Faltan 12 d\u00edas para celebrar las primarias dem\u00f3cratas en la Gran Manzana para elegir de manera oficial los candidatos de los diferentes partido a Alcalde, Defensor del Pueblo, Interventor, Presidentes de Condados, Concejales, Fiscal de Distrito, Jueces del Tribunal Supremo y del Tribunal Civil.<\/p>\n\n\n\n<p>No habr\u00e1 primarias republicanas para alcalde. El \u00fanico candidato es Curtis Sliwa, un reconocido l\u00edder comunitario, activista, locutor que dirige \u00abLos \u00c1ngeles Guardianes\u00bb, y quien en otras ocasiones se ha postulado al cargo.<\/p>\n\n\n\n<p>El actual alcalde, Eric Adams, no competir\u00e1 en las primarias dem\u00f3cratas mientras se prepara para postularse en una boleta independiente el pr\u00f3ximo 4 de noviembre en las elecciones generales. El abogado Jim Walden, tambi\u00e9n se postular\u00e1 de manera independiente.<\/p>\n\n\n\n<p>Actualmente en NYC hay m\u00e1s de 300 mil dominicanos con derecho a votar en las elecciones de Estados Unidos. La noche de este jueves hubo el \u00faltimo debate, de 11 precandidatos quedaron siete.<\/p>\n\n\n\n<p>Los participantes fueron el exgobernador Andrew Cuomo; el asamble\u00edsta de Queens pro palestino, Zohran Mamdani; la presidenta del Concejo Municipal, Adrienne Adams; el contralor municipal, Brad Lander; el excontralor municipal, Scott Stringer; el senador estatal de Brooklyn, Zellnor Myrie, y la reci\u00e9n llegada a la pol\u00edtica, Whitney Tilson. Se dio como ganador al ex gobernador.<\/p>\n\n\n\n<p>Cuomo se perfila cada vez m\u00e1s como el seguro ganador por los dem\u00f3cratas. En los \u00faltimos d\u00edas ha recibido el respaldo del ex alcalde de Nueva York, Michael Bloomberg; de la actual senadora por Queens y candidata a la misma alcald\u00eda, Jessica Ramos; Recibi\u00f3 este lunes m\u00e1s de 500.000 d\u00f3lares que le hab\u00eda retenido la Junta de Financiamiento de Campa\u00f1as.<\/p>\n\n\n\n<p>Tambi\u00e9n han dado su apoyo a Cuomo, los congresistas Adriano Espaillat (D-13) y Richie Torres (D-15); el sindicato de trabajadores de la salud 1199, con cerca de 200 mil afiliados; y el sindicato 32BJ de servicios de construcci\u00f3n, con cerca de 170 mil trabajadores.<\/p>\n\n\n\n<p>Hay que destacar que entre la comunidad dominicana en la urbe existe una \u00abcuomoman\u00eda\u00bb, por ser el candidato de mayor simpat\u00eda.<\/p>\n\n\n\n<p>El calendario electoral en NY es como rige:&nbsp;<strong>&nbsp;<\/strong>Este s\u00e1bado 14, fecha l\u00edmite para registrarse como votante para las elecciones primarias. Del 14 al 22 es la votaci\u00f3n anticipada. El d\u00eda 23, \u00faltimo d\u00eda para solicitar en persona una boleta para las elecciones. El pr\u00f3ximo d\u00eda 24 se celebrar\u00e1n las elecciones primarias. Los votos por correo deben tener matasellos de esta fecha.<\/p>\n\n\n\n<p>Luego, el pr\u00f3ximo 20 de octubre, deben ser procesados \u200b\u200blos cambios de domicilio para las elecciones generales recibidos hasta esta fecha.<\/p>\n\n\n\n<p>El 25 de octubre, fecha l\u00edmite para registrarse como votante para las elecciones generales. Del 25 de octubre al 11 de noviembre, d\u00edas de votaci\u00f3n anticipada para las elecciones generales.<\/p>\n\n\n\n<p>El 3 de noviembre, \u00faltimo d\u00eda para solicitar en persona una boleta; El 4 de noviembre, se celebrar\u00e1n las elecciones generales. Los votos por correo deben tener matasellos de esa fecha. &nbsp;<\/p>\n","protected":false},"excerpt":{"rendered":"<p>Por Ram\u00f3n Mercedes NUEVA YORK&nbsp;.- Faltan 12 d\u00edas para celebrar las primarias dem\u00f3cratas en la Gran Manzana para elegir de manera oficial los candidatos de los diferentes partido a Alcalde, Defensor del Pueblo, Interventor, Presidentes de Condados, Concejales, Fiscal de Distrito, Jueces del Tribunal Supremo y del Tribunal Civil. No habr\u00e1 primarias republicanas para alcalde. [&hellip;]<\/p>\n","protected":false},"author":7,"featured_media":620924,"comment_status":"closed","ping_status":"closed","sticky":false,"template":"","format":"standard","meta":{"footnotes":""},"categories":[23],"tags":[181],"class_list":["post-620918","post","type-post","status-publish","format-standard","has-post-thumbnail","hentry","category-internacional","tag-ramon-mercedes"],"_links":{"self":[{"href":"https:\/\/diariodominicano.com\/index.php?rest_route=\/wp\/v2\/posts\/620918","targetHints":{"allow":["GET"]}}],"collection":[{"href":"https:\/\/diariodominicano.com\/index.php?rest_route=\/wp\/v2\/posts"}],"about":[{"href":"https:\/\/diariodominicano.com\/index.php?rest_route=\/wp\/v2\/types\/post"}],"author":[{"embeddable":true,"href":"https:\/\/diariodominicano.com\/index.php?rest_route=\/wp\/v2\/users\/7"}],"replies":[{"embeddable":true,"href":"https:\/\/diariodominicano.com\/index.php?rest_route=%2Fwp%2Fv2%2Fcomments&post=620918"}],"version-history":[{"count":1,"href":"https:\/\/diariodominicano.com\/index.php?rest_route=\/wp\/v2\/posts\/620918\/revisions"}],"predecessor-version":[{"id":620933,"href":"https:\/\/diariodominicano.com\/index.php?rest_route=\/wp\/v2\/posts\/620918\/revisions\/620933"}],"wp:featuredmedia":[{"embeddable":true,"href":"https:\/\/diariodominicano.com\/index.php?rest_route=\/wp\/v2\/media\/620924"}],"wp:attachment":[{"href":"https:\/\/diariodominicano.com\/index.php?rest_route=%2Fwp%2Fv2%2Fmedia&parent=620918"}],"wp:term":[{"taxonomy":"category","embeddable":true,"href":"https:\/\/diariodominicano.com\/index.php?rest_route=%2Fwp%2Fv2%2Fcategories&post=620918"},{"taxonomy":"post_tag","embeddable":true,"href":"https:\/\/diariodominicano.com\/index.php?rest_route=%2Fwp%2Fv2%2Ftags&post=620918"}],"curies":[{"name":"wp","href":"https:\/\/api.w.org\/{rel}","templated":true}]}}