{"id":620690,"date":"2025-06-13T00:32:01","date_gmt":"2025-06-13T04:32:01","guid":{"rendered":"https:\/\/diariodominicano.com\/?p=620690"},"modified":"2025-06-13T00:48:29","modified_gmt":"2025-06-13T04:48:29","slug":"infotep-capacita-diez-instructores-del-inadeh-de-panama-en-hosteleria-y-gastronomia","status":"publish","type":"post","link":"https:\/\/diariodominicano.com\/?p=620690","title":{"rendered":"INFOTEP capacita diez instructores del INADEH de Panam\u00e1 en hosteler\u00eda y gastronom\u00eda"},"content":{"rendered":"\n<p>\u00b7&nbsp;&nbsp;&nbsp;&nbsp;&nbsp;&nbsp;&nbsp;&nbsp;&nbsp;<em>La capacitaci\u00f3n forma parte de un acuerdo de cooperaci\u00f3n firmado entre ambas instituciones para fortalecer la formaci\u00f3n t\u00e9cnico-profesional y compartir buenas pr\u00e1cticas en gesti\u00f3n hotelera y t\u00e9cnicas culinarias.<\/em><\/p>\n\n\n\n<p>Santo Domingo. -El Instituto Nacional de Formaci\u00f3n T\u00e9cnico Profesional (INFOTEP) recibi\u00f3 la visita de una delegaci\u00f3n del Instituto Nacional de Formaci\u00f3n Profesional y Capacitaci\u00f3n para el Desarrollo Humano (INADEH) de Panam\u00e1, como parte de un intercambio de conocimientos orientado al fortalecimiento institucional y formativo de ambas entidades.<\/p>\n\n\n\n<figure class=\"wp-block-gallery has-nested-images columns-default is-cropped wp-block-gallery-1 is-layout-flex wp-block-gallery-is-layout-flex\">\n<figure class=\"wp-block-image size-large\"><img loading=\"lazy\" decoding=\"async\" width=\"1024\" height=\"683\" data-id=\"620760\" src=\"https:\/\/diariodominicano.com\/wp-content\/uploads\/2025\/06\/Maira-Morla-sub-directora-general-del-INFOTEP-junto-a-la-subdirectora-del-INADEH-Carmen-Corro-y-el-jefe-de-Cooperacion-Internacional-Elbert-Rubio-1024x683.jpg\" alt=\"\" class=\"wp-image-620760\" srcset=\"https:\/\/diariodominicano.com\/wp-content\/uploads\/2025\/06\/Maira-Morla-sub-directora-general-del-INFOTEP-junto-a-la-subdirectora-del-INADEH-Carmen-Corro-y-el-jefe-de-Cooperacion-Internacional-Elbert-Rubio-1024x683.jpg 1024w, https:\/\/diariodominicano.com\/wp-content\/uploads\/2025\/06\/Maira-Morla-sub-directora-general-del-INFOTEP-junto-a-la-subdirectora-del-INADEH-Carmen-Corro-y-el-jefe-de-Cooperacion-Internacional-Elbert-Rubio-300x200.jpg 300w, https:\/\/diariodominicano.com\/wp-content\/uploads\/2025\/06\/Maira-Morla-sub-directora-general-del-INFOTEP-junto-a-la-subdirectora-del-INADEH-Carmen-Corro-y-el-jefe-de-Cooperacion-Internacional-Elbert-Rubio-768x512.jpg 768w, https:\/\/diariodominicano.com\/wp-content\/uploads\/2025\/06\/Maira-Morla-sub-directora-general-del-INFOTEP-junto-a-la-subdirectora-del-INADEH-Carmen-Corro-y-el-jefe-de-Cooperacion-Internacional-Elbert-Rubio-816x544.jpg 816w, https:\/\/diariodominicano.com\/wp-content\/uploads\/2025\/06\/Maira-Morla-sub-directora-general-del-INFOTEP-junto-a-la-subdirectora-del-INADEH-Carmen-Corro-y-el-jefe-de-Cooperacion-Internacional-Elbert-Rubio.jpg 1050w\" sizes=\"auto, (max-width: 1024px) 100vw, 1024px\" \/><\/figure>\n<\/figure>\n\n\n\n<p>La visita fue encabezada por la subdirectora general del INFOTEP, Mayra Morla, en representaci\u00f3n del director general, Rafael Santos Bad\u00eda; junto a la subdirectora del INADEH, Carmen Corro, y el jefe de Cooperaci\u00f3n Internacional, Elbert Rubio.<\/p>\n\n\n\n<p>Durante su estancia en el pa\u00eds, la delegaci\u00f3n paname\u00f1a particip\u00f3 en jornadas de capacitaci\u00f3n en \u00e1reas clave como hosteler\u00eda y gastronom\u00eda, con el objetivo de aplicar las buenas pr\u00e1cticas aprendidas en la futura apertura de un hotel escuela que proyecta el INADEH en Panam\u00e1.<\/p>\n\n\n\n<figure class=\"wp-block-gallery has-nested-images columns-default is-cropped wp-block-gallery-2 is-layout-flex wp-block-gallery-is-layout-flex\">\n<figure class=\"wp-block-image size-large\"><img loading=\"lazy\" decoding=\"async\" width=\"674\" height=\"450\" data-id=\"620762\" src=\"https:\/\/diariodominicano.com\/wp-content\/uploads\/2025\/06\/Maira-Morla-sub-directora-general-de-INFOTEP-recibe-visita-de-la-delegacion-de-Instituto-Nacional-de-Formacion-Profesional-y-Capacitacion-para-el-Desarrollo-Humano-INADEH-de-Panama.jpg\" alt=\"\" class=\"wp-image-620762\" srcset=\"https:\/\/diariodominicano.com\/wp-content\/uploads\/2025\/06\/Maira-Morla-sub-directora-general-de-INFOTEP-recibe-visita-de-la-delegacion-de-Instituto-Nacional-de-Formacion-Profesional-y-Capacitacion-para-el-Desarrollo-Humano-INADEH-de-Panama.jpg 674w, https:\/\/diariodominicano.com\/wp-content\/uploads\/2025\/06\/Maira-Morla-sub-directora-general-de-INFOTEP-recibe-visita-de-la-delegacion-de-Instituto-Nacional-de-Formacion-Profesional-y-Capacitacion-para-el-Desarrollo-Humano-INADEH-de-Panama-300x200.jpg 300w\" sizes=\"auto, (max-width: 674px) 100vw, 674px\" \/><\/figure>\n<\/figure>\n\n\n\n<p>Mayra Morla destac\u00f3 que esta visita responde a un acuerdo de colaboraci\u00f3n interinstitucional firmado en 2022, y subray\u00f3 el inter\u00e9s de ambas entidades en seguir fortaleciendo sus programas de formaci\u00f3n t\u00e9cnico-profesional.<\/p>\n\n\n\n<p>\u201cLa cooperaci\u00f3n con el INADEH nos permite compartir nuestras metodolog\u00edas, experiencias y est\u00e1ndares de calidad, lo que enriquece mutuamente nuestros modelos de formaci\u00f3n\u201d, afirm\u00f3 Morla.<\/p>\n\n\n\n<p>La subdirectora tambi\u00e9n present\u00f3 los avances del INFOTEP en su proceso de expansi\u00f3n nacional, los beneficios de implementar un sistema de gesti\u00f3n de calidad basado en la norma ISO 9001, las certificaciones obtenidas y el impacto de estos elementos en la formaci\u00f3n de capital humano para el desarrollo econ\u00f3mico del pa\u00eds.<\/p>\n\n\n\n<p>De su lado, Carmen Corro expres\u00f3 su agradecimiento por el c\u00e1lido recibimiento y por la oportunidad de continuar fortaleciendo los v\u00ednculos entre ambas instituciones.<\/p>\n\n\n\n<p>\u201cDesde la Escuela de Hoteler\u00eda, Gastronom\u00eda y Pasteler\u00eda del INFOTEP en Hig\u00fcey, contamos con una comisi\u00f3n de diez instructores del INADEH que est\u00e1n participando en un programa integral de capacitaci\u00f3n en t\u00e9cnicas culinarias y gesti\u00f3n hotelera, con miras a implementar nuevas pr\u00e1cticas en sus procesos formativos\u201d, explic\u00f3 Corro.<\/p>\n\n\n\n<p>Asimismo, Elbert Rubio, jefe de Cooperaci\u00f3n Internacional del INADEH, valor\u00f3 positivamente la experiencia:<\/p>\n\n\n\n<p>\u201cEste encuentro nos permitir\u00e1 fortalecer m\u00faltiples \u00e1reas de nuestra instituci\u00f3n. Lo aprendido ser\u00e1 compartido con otros directores para replicar estas buenas pr\u00e1cticas y as\u00ed seguir mejorando la calidad de nuestra formaci\u00f3n\u201d.<\/p>\n\n\n\n<p>Prensa INFOTEP <a href=\"mailto:prensainfotep@infotep.gob.do\">prensainfotep@infotep.gob.do<\/a><\/p>\n","protected":false},"excerpt":{"rendered":"<p>\u00b7&nbsp;&nbsp;&nbsp;&nbsp;&nbsp;&nbsp;&nbsp;&nbsp;&nbsp;La capacitaci\u00f3n forma parte de un acuerdo de cooperaci\u00f3n firmado entre ambas instituciones para fortalecer la formaci\u00f3n t\u00e9cnico-profesional y compartir buenas pr\u00e1cticas en gesti\u00f3n hotelera y t\u00e9cnicas culinarias. Santo Domingo. -El Instituto Nacional de Formaci\u00f3n T\u00e9cnico Profesional (INFOTEP) recibi\u00f3 la visita de una delegaci\u00f3n del Instituto Nacional de Formaci\u00f3n Profesional y Capacitaci\u00f3n para el Desarrollo [&hellip;]<\/p>\n","protected":false},"author":7,"featured_media":620760,"comment_status":"closed","ping_status":"closed","sticky":false,"template":"","format":"standard","meta":{"footnotes":""},"categories":[32],"tags":[2686,94],"class_list":["post-620690","post","type-post","status-publish","format-standard","has-post-thumbnail","hentry","category-turismo","tag-inadeh","tag-infotep"],"_links":{"self":[{"href":"https:\/\/diariodominicano.com\/index.php?rest_route=\/wp\/v2\/posts\/620690","targetHints":{"allow":["GET"]}}],"collection":[{"href":"https:\/\/diariodominicano.com\/index.php?rest_route=\/wp\/v2\/posts"}],"about":[{"href":"https:\/\/diariodominicano.com\/index.php?rest_route=\/wp\/v2\/types\/post"}],"author":[{"embeddable":true,"href":"https:\/\/diariodominicano.com\/index.php?rest_route=\/wp\/v2\/users\/7"}],"replies":[{"embeddable":true,"href":"https:\/\/diariodominicano.com\/index.php?rest_route=%2Fwp%2Fv2%2Fcomments&post=620690"}],"version-history":[{"count":1,"href":"https:\/\/diariodominicano.com\/index.php?rest_route=\/wp\/v2\/posts\/620690\/revisions"}],"predecessor-version":[{"id":620765,"href":"https:\/\/diariodominicano.com\/index.php?rest_route=\/wp\/v2\/posts\/620690\/revisions\/620765"}],"wp:featuredmedia":[{"embeddable":true,"href":"https:\/\/diariodominicano.com\/index.php?rest_route=\/wp\/v2\/media\/620760"}],"wp:attachment":[{"href":"https:\/\/diariodominicano.com\/index.php?rest_route=%2Fwp%2Fv2%2Fmedia&parent=620690"}],"wp:term":[{"taxonomy":"category","embeddable":true,"href":"https:\/\/diariodominicano.com\/index.php?rest_route=%2Fwp%2Fv2%2Fcategories&post=620690"},{"taxonomy":"post_tag","embeddable":true,"href":"https:\/\/diariodominicano.com\/index.php?rest_route=%2Fwp%2Fv2%2Ftags&post=620690"}],"curies":[{"name":"wp","href":"https:\/\/api.w.org\/{rel}","templated":true}]}}