{"id":620689,"date":"2025-06-13T00:32:28","date_gmt":"2025-06-13T04:32:28","guid":{"rendered":"https:\/\/diariodominicano.com\/?p=620689"},"modified":"2025-06-13T00:47:55","modified_gmt":"2025-06-13T04:47:55","slug":"destacan-aporte-del-agn-en-la-preservacion-de-la-memoria-historica-de-la-nacion","status":"publish","type":"post","link":"https:\/\/diariodominicano.com\/?p=620689","title":{"rendered":"Destacan aporte del AGN en la preservaci\u00f3n de la memoria hist\u00f3rica de la naci\u00f3n"},"content":{"rendered":"\n<p><strong><em>Santo Domingo.<\/em><\/strong><strong>&nbsp;\u2013<\/strong>&nbsp;Con motivo del D\u00eda Internacional de los Archivos, representantes del Archivo General de la Naci\u00f3n (AGN) destacaron el impacto del trabajo archiv\u00edstico en la preservaci\u00f3n de la memoria hist\u00f3rica del pa\u00eds, durante una entrevista en el programa&nbsp;<em>El Gobierno de la Tarde<\/em>&nbsp;por la Z101.<\/p>\n\n\n\n<p>\u00c1ngel Hern\u00e1ndez, encargado del Sistema Nacional de Archivos del AGN, record\u00f3 que \u201cel 9 de junio de 1948 fue fundado el Consejo Internacional de Archivos, con el objetivo de proteger, salvaguardar y desarrollar los archivos, en su doble acepci\u00f3n, tanto como conjunto de documentos que genera una persona o instituci\u00f3n, como espacio f\u00edsico\u201d.<\/p>\n\n\n\n<p>Hern\u00e1ndez tambi\u00e9n resalt\u00f3 que, desde la gesti\u00f3n del historiador Roberto Cass\u00e1, el AGN ha impulsado uno de los proyectos de digitalizaci\u00f3n m\u00e1s importante del Caribe. \u201cActualmente existen alrededor de 40 millones de im\u00e1genes digitalizadas, de las cuales la mayor\u00eda est\u00e1n disponibles al p\u00fablico en nuestra p\u00e1gina web. Esto reduce la necesidad de visitas presenciales y facilita el acceso desde el extranjero\u201d, afirm\u00f3.<\/p>\n\n\n\n<p>Por su parte, Pedro Pablo de la Cruz, encargado del Departamento de Documentos Electr\u00f3nicos, explic\u00f3 el rol del AGN como entidad rectora de la archiv\u00edstica nacional. \u201cEl Archivo General de la Naci\u00f3n recibe los fondos documentales cuando ya han cumplido su etapa \u00fatil en las instituciones p\u00fablicas. Entonces pasan a formar parte del patrimonio hist\u00f3rico del pa\u00eds, al servicio de la ciudadan\u00eda\u201d, expres\u00f3.<\/p>\n\n\n\n<p>De la Cruz subray\u00f3 que los archivos no pueden entenderse sin los documentos. \u201cSon el alma de los archivos. Nuestra misi\u00f3n consiste en recopilar y custodiar el patrimonio documental producido por instituciones p\u00fablicas, entidades privadas o personas\u201d, dijo.<\/p>\n\n\n\n<p>Adem\u00e1s, llam\u00f3 a diferenciar entre documento f\u00edsico y documento electr\u00f3nico. \u201cEl proceso de digitalizaci\u00f3n no es inmediato. Antes de convertir un documento a formato electr\u00f3nico, este atraviesa un tratamiento archiv\u00edstico que incluye limpieza, restauraci\u00f3n y evaluaci\u00f3n. Algunos llegan deteriorados o afectados por plagas\u201d, explic\u00f3.<\/p>\n\n\n\n<p>Los representantes indicaron que el AGN realiza m\u00faltiples actividades para acercar la historia a la poblaci\u00f3n. Entre ellas mencionaron la Feria del Libro de Historia Dominicana, el Encuentro Nacional de Archivos, conferencias, puestas en circulaci\u00f3n de libros y talleres especializados.<\/p>\n\n\n\n<p><strong>Relaciones Publicas <\/strong><strong><a href=\"mailto:relacionespublicas@agn.gob.do\">relacionespublicas@agn.gob.do<\/a><\/strong><strong> <\/strong><strong><\/strong><\/p>\n","protected":false},"excerpt":{"rendered":"<p>Santo Domingo.&nbsp;\u2013&nbsp;Con motivo del D\u00eda Internacional de los Archivos, representantes del Archivo General de la Naci\u00f3n (AGN) destacaron el impacto del trabajo archiv\u00edstico en la preservaci\u00f3n de la memoria hist\u00f3rica del pa\u00eds, durante una entrevista en el programa&nbsp;El Gobierno de la Tarde&nbsp;por la Z101. \u00c1ngel Hern\u00e1ndez, encargado del Sistema Nacional de Archivos del AGN, record\u00f3 [&hellip;]<\/p>\n","protected":false},"author":7,"featured_media":620759,"comment_status":"closed","ping_status":"closed","sticky":false,"template":"","format":"standard","meta":{"footnotes":""},"categories":[21],"tags":[1513],"class_list":["post-620689","post","type-post","status-publish","format-standard","has-post-thumbnail","hentry","category-cultura","tag-archivo-general-de-la-nacion-agn"],"_links":{"self":[{"href":"https:\/\/diariodominicano.com\/index.php?rest_route=\/wp\/v2\/posts\/620689","targetHints":{"allow":["GET"]}}],"collection":[{"href":"https:\/\/diariodominicano.com\/index.php?rest_route=\/wp\/v2\/posts"}],"about":[{"href":"https:\/\/diariodominicano.com\/index.php?rest_route=\/wp\/v2\/types\/post"}],"author":[{"embeddable":true,"href":"https:\/\/diariodominicano.com\/index.php?rest_route=\/wp\/v2\/users\/7"}],"replies":[{"embeddable":true,"href":"https:\/\/diariodominicano.com\/index.php?rest_route=%2Fwp%2Fv2%2Fcomments&post=620689"}],"version-history":[{"count":1,"href":"https:\/\/diariodominicano.com\/index.php?rest_route=\/wp\/v2\/posts\/620689\/revisions"}],"predecessor-version":[{"id":620766,"href":"https:\/\/diariodominicano.com\/index.php?rest_route=\/wp\/v2\/posts\/620689\/revisions\/620766"}],"wp:featuredmedia":[{"embeddable":true,"href":"https:\/\/diariodominicano.com\/index.php?rest_route=\/wp\/v2\/media\/620759"}],"wp:attachment":[{"href":"https:\/\/diariodominicano.com\/index.php?rest_route=%2Fwp%2Fv2%2Fmedia&parent=620689"}],"wp:term":[{"taxonomy":"category","embeddable":true,"href":"https:\/\/diariodominicano.com\/index.php?rest_route=%2Fwp%2Fv2%2Fcategories&post=620689"},{"taxonomy":"post_tag","embeddable":true,"href":"https:\/\/diariodominicano.com\/index.php?rest_route=%2Fwp%2Fv2%2Ftags&post=620689"}],"curies":[{"name":"wp","href":"https:\/\/api.w.org\/{rel}","templated":true}]}}