{"id":620654,"date":"2025-06-12T20:24:53","date_gmt":"2025-06-13T00:24:53","guid":{"rendered":"https:\/\/diariodominicano.com\/?p=620654"},"modified":"2025-06-12T20:24:55","modified_gmt":"2025-06-13T00:24:55","slug":"inefi-impulsa-valores-patrios-y-disciplina-con-gran-festival-nacional-de-marcha-escolar-2025","status":"publish","type":"post","link":"https:\/\/diariodominicano.com\/?p=620654","title":{"rendered":"INEFI impulsa valores patrios y disciplina con gran Festival Nacional de Marcha Escolar 2025"},"content":{"rendered":"\n<p><strong><em><u>Santiago ser\u00e1 sede del evento que re\u00fane a m\u00e1s de 500 estudiantes en representaci\u00f3n de todo el pa\u00eds<\/u><\/em><\/strong><\/p>\n\n\n\n<p>SANTO DOMINGO, Rep\u00fablica Dominicana. \u2013 Con la participaci\u00f3n de 18 equipos escolares, representativos a todas las regionales educativas del pa\u00eds, el Instituto Nacional de Educaci\u00f3n F\u00edsica (INEFI) celebrar\u00e1 este s\u00e1bado (8:00 am) el Festival Nacional de Marcha Escolar 2025, en la Gran Arena del Cibao, en Santiago de los Caballeros.<\/p>\n\n\n\n<p>El director ejecutivo del INEFI, Alberto Rodr\u00edguez Mella destac\u00f3 que \u201ca trav\u00e9s de esta celebraci\u00f3n, el INEFI rinde homenaje al esfuerzo de los docentes de educaci\u00f3n f\u00edsica en todo el pa\u00eds, culminando su labor con un evento de gran impacto formativo y cultural\u201d.<\/p>\n\n\n\n<figure class=\"wp-block-image\"><img decoding=\"async\" src=\"https:\/\/diariodominicano.com\/wp-content\/uploads\/2025\/06\/Vista-del-gran-Festival-Nacional-de-Marcha-Escolar-2024-organizado-por-el-Instituto-Nacional-de-Educacion-Fisica-INEFI-1024x490.jpg\" alt=\"\"\/><\/figure>\n\n\n\n<p>La marcha escolar es una actividad establecida en el Plan Operativo Anual (POA) de todos los distritos y regionales. Su celebraci\u00f3n constituye una plataforma para resaltar los valores patrios, la disciplina y el sentido de identidad nacional.<\/p>\n\n\n\n<p>Cada delegaci\u00f3n estar\u00e1 conformada por 24 estudiantes marchantes, un capit\u00e1n, cuatro m\u00fasicos y un profesor de educaci\u00f3n f\u00edsica.<\/p>\n\n\n\n<p>Adem\u00e1s, las regionales tambi\u00e9n contar\u00e1n con un t\u00e9cnico regional, un t\u00e9cnico distrital y el director o directora del centro educativo ganador de la regional correspondiente, sumando un total de 594 participantes.<\/p>\n\n\n\n<p>De su lado, el encargado del departamento de Educaci\u00f3n Corporal y del Movimiento del INEFI, V\u00edctor P\u00e9rez, inform\u00f3 que el evento contar\u00e1 con la presencia de las principales autoridades de la provincia y se premiar\u00e1 a los participantes en las siguientes categor\u00edas: Marcha ordinaria, fantas\u00eda de marcha y vestuario.<\/p>\n\n\n\n<p>Entre los centros educativos participantes est\u00e1n el Liceo Francisco Amad\u00eds Pe\u00f1a \u2013 Cabral, Barahona (Regional 01); Polit\u00e9cnico Monse\u00f1or Thom\u00e1s F. Reilly \u2013 San Juan de la Maguana (Regional 02), Liceo en Artes Prof. Lucila Mojica \u2013 Nizao (03), Polit\u00e9cnico Jos\u00e9 N\u00fa\u00f1ez de C\u00e1ceres \u2013 Villa Altagracia (04), Liceo Secundario Sor Ana Nolan \u2013 Consuelo (05) y el Liceo Villa Progreso Veragua \u2013 Gaspar Hern\u00e1ndez (Regional 06).<\/p>\n\n\n\n<p>Tambi\u00e9n accionar\u00e1n el Centro Educativo Juan Pablo Duarte \u2013 Villa Riva (Regional 07), Polit\u00e9cnico Prof. Milagros Celeste Arias \u2013 Liceo Almedio, Santiago (08), Liceo Secundario Eugenio Mar\u00eda de Hostos \u2013 Jaibo, Laguna Salada (09), Instituto Polit\u00e9cnico Mar\u00eda de la Altagracia (POMAVID) \u2013 Villa Duarte, Santo Domingo (10), y el Polit\u00e9cnico Profesor Javier Mart\u00ednez\u2013San Felipe, Puerto Plata (11),<\/p>\n\n\n\n<p>Completan la n\u00f3mina el Liceo Vetilio Alfau Dur\u00e1n \u2013 Hig\u00fcey (Regional 12), Liceo Carmen Digna Evangelista A. \u2013 Dajab\u00f3n (13), Colegio Evang\u00e9lico Dr. Pelegr\u00edn Adolfo G\u00f3mez \u2013 Nagua (14), Polit\u00e9cnico Belisario Peguero Guerrero \u2013 Distrito Nacional (15), Liceo JEE Francisco Henr\u00edquez y Carvajal \u2013 Cotu\u00ed, S\u00e1nchez Ram\u00edrez (16), Liceo Juan Isidro P\u00e9rez \u2013 Monte Plata (17) y el Liceo Enriquillo Modalidad Acad\u00e9mica (EMA) \u2013 Duverg\u00e9, Bahoruco (18).<\/p>\n\n\n\n<p>PRENSA INEFI <a href=\"mailto:prensainefi@gmail.com\">prensainefi@gmail.com<\/a><\/p>\n","protected":false},"excerpt":{"rendered":"<p>Santiago ser\u00e1 sede del evento que re\u00fane a m\u00e1s de 500 estudiantes en representaci\u00f3n de todo el pa\u00eds SANTO DOMINGO, Rep\u00fablica Dominicana. \u2013 Con la participaci\u00f3n de 18 equipos escolares, representativos a todas las regionales educativas del pa\u00eds, el Instituto Nacional de Educaci\u00f3n F\u00edsica (INEFI) celebrar\u00e1 este s\u00e1bado (8:00 am) el Festival Nacional de Marcha [&hellip;]<\/p>\n","protected":false},"author":7,"featured_media":620676,"comment_status":"closed","ping_status":"closed","sticky":false,"template":"","format":"standard","meta":{"footnotes":""},"categories":[17],"tags":[491],"class_list":["post-620654","post","type-post","status-publish","format-standard","has-post-thumbnail","hentry","category-deportes","tag-inefi"],"_links":{"self":[{"href":"https:\/\/diariodominicano.com\/index.php?rest_route=\/wp\/v2\/posts\/620654","targetHints":{"allow":["GET"]}}],"collection":[{"href":"https:\/\/diariodominicano.com\/index.php?rest_route=\/wp\/v2\/posts"}],"about":[{"href":"https:\/\/diariodominicano.com\/index.php?rest_route=\/wp\/v2\/types\/post"}],"author":[{"embeddable":true,"href":"https:\/\/diariodominicano.com\/index.php?rest_route=\/wp\/v2\/users\/7"}],"replies":[{"embeddable":true,"href":"https:\/\/diariodominicano.com\/index.php?rest_route=%2Fwp%2Fv2%2Fcomments&post=620654"}],"version-history":[{"count":1,"href":"https:\/\/diariodominicano.com\/index.php?rest_route=\/wp\/v2\/posts\/620654\/revisions"}],"predecessor-version":[{"id":620686,"href":"https:\/\/diariodominicano.com\/index.php?rest_route=\/wp\/v2\/posts\/620654\/revisions\/620686"}],"wp:featuredmedia":[{"embeddable":true,"href":"https:\/\/diariodominicano.com\/index.php?rest_route=\/wp\/v2\/media\/620676"}],"wp:attachment":[{"href":"https:\/\/diariodominicano.com\/index.php?rest_route=%2Fwp%2Fv2%2Fmedia&parent=620654"}],"wp:term":[{"taxonomy":"category","embeddable":true,"href":"https:\/\/diariodominicano.com\/index.php?rest_route=%2Fwp%2Fv2%2Fcategories&post=620654"},{"taxonomy":"post_tag","embeddable":true,"href":"https:\/\/diariodominicano.com\/index.php?rest_route=%2Fwp%2Fv2%2Ftags&post=620654"}],"curies":[{"name":"wp","href":"https:\/\/api.w.org\/{rel}","templated":true}]}}