{"id":620653,"date":"2025-06-12T19:55:23","date_gmt":"2025-06-12T23:55:23","guid":{"rendered":"https:\/\/diariodominicano.com\/?p=620653"},"modified":"2025-06-12T19:58:05","modified_gmt":"2025-06-12T23:58:05","slug":"el-consultor-juridico-del-poder-ejecutivo-dicta-conferencia-la-transparencia-en-el-estado-dominicano-en-el-itsc","status":"publish","type":"post","link":"https:\/\/diariodominicano.com\/?p=620653","title":{"rendered":"El consultor jur\u00eddico del Poder Ejecutivo dicta conferencia \u201cLa Transparencia en el Estado Dominicano\u201d, en el ITSC"},"content":{"rendered":"\n<p><strong>El ciclo de conferencias que promueve el ITSC, sobre Innovaci\u00f3n, Desarrollo y Pensamiento Cr\u00edtico, agota una agenda de participaci\u00f3n ciudadana, democracia y transparencia.<\/strong><\/p>\n\n\n\n<p><strong>Santo Domingo Este, R.D. Como parte de su ciclo de conferencias, pautadas para el presente a\u00f1o, el Instituto T\u00e9cnico Superior Comunitario (ITSC), fue sede de la conferencia magistral \u201cLa Transparencia en el Estado Dominicano\u201d, dictada por el Dr. Antoliano Peralta Romero, consultor jur\u00eddico del Poder Ejecutivo.<\/strong><\/p>\n\n\n\n<figure class=\"wp-block-gallery has-nested-images columns-default is-cropped wp-block-gallery-1 is-layout-flex wp-block-gallery-is-layout-flex\">\n<figure class=\"wp-block-image size-large\"><img loading=\"lazy\" decoding=\"async\" width=\"941\" height=\"627\" data-id=\"620674\" src=\"https:\/\/diariodominicano.com\/wp-content\/uploads\/2025\/06\/El-consultor-juridico-del-Poder-Ejecutivo-dicta-conferencia-La-Transparencia-en-el-Estado-Dominicano-en-ITSC.jpeg\" alt=\"\" class=\"wp-image-620674\" srcset=\"https:\/\/diariodominicano.com\/wp-content\/uploads\/2025\/06\/El-consultor-juridico-del-Poder-Ejecutivo-dicta-conferencia-La-Transparencia-en-el-Estado-Dominicano-en-ITSC.jpeg 941w, https:\/\/diariodominicano.com\/wp-content\/uploads\/2025\/06\/El-consultor-juridico-del-Poder-Ejecutivo-dicta-conferencia-La-Transparencia-en-el-Estado-Dominicano-en-ITSC-300x200.jpeg 300w, https:\/\/diariodominicano.com\/wp-content\/uploads\/2025\/06\/El-consultor-juridico-del-Poder-Ejecutivo-dicta-conferencia-La-Transparencia-en-el-Estado-Dominicano-en-ITSC-768x512.jpeg 768w, https:\/\/diariodominicano.com\/wp-content\/uploads\/2025\/06\/El-consultor-juridico-del-Poder-Ejecutivo-dicta-conferencia-La-Transparencia-en-el-Estado-Dominicano-en-ITSC-816x544.jpeg 816w\" sizes=\"auto, (max-width: 941px) 100vw, 941px\" \/><\/figure>\n<\/figure>\n\n\n\n<p><strong>En sus palabras de bienvenida, el Dr. Jos\u00e9 Ram\u00f3n Holgu\u00edn Brito, rector del communiy college, agradeci\u00f3 a Peralta Romero el empoderar a todos los colaboradores del ITSC, sobre un tema que fomenta la participaci\u00f3n activa y la construcci\u00f3n de una sociedad m\u00e1s justa.<\/strong><\/p>\n\n\n\n<p><strong>\u00abLa transparencia permite a los ciudadanos participar activamente en la toma de decisiones y en la gesti\u00f3n p\u00fablica, lo que fortalece la democracia\u00bb, afirm\u00f3 la autoridad acad\u00e9mica.<\/strong><\/p>\n\n\n\n<figure class=\"wp-block-gallery has-nested-images columns-default is-cropped wp-block-gallery-2 is-layout-flex wp-block-gallery-is-layout-flex\">\n<figure class=\"wp-block-image size-large\"><img loading=\"lazy\" decoding=\"async\" width=\"1024\" height=\"638\" data-id=\"620673\" src=\"https:\/\/diariodominicano.com\/wp-content\/uploads\/2025\/06\/El-consultor-juridico-del-Poder-Ejecutivo-dicta-conferencia-La-Transparencia-en-el-Estado-Dominicano-en-ITSC-1024x638.jpg\" alt=\"\" class=\"wp-image-620673\" srcset=\"https:\/\/diariodominicano.com\/wp-content\/uploads\/2025\/06\/El-consultor-juridico-del-Poder-Ejecutivo-dicta-conferencia-La-Transparencia-en-el-Estado-Dominicano-en-ITSC-1024x638.jpg 1024w, https:\/\/diariodominicano.com\/wp-content\/uploads\/2025\/06\/El-consultor-juridico-del-Poder-Ejecutivo-dicta-conferencia-La-Transparencia-en-el-Estado-Dominicano-en-ITSC-300x187.jpg 300w, https:\/\/diariodominicano.com\/wp-content\/uploads\/2025\/06\/El-consultor-juridico-del-Poder-Ejecutivo-dicta-conferencia-La-Transparencia-en-el-Estado-Dominicano-en-ITSC-768x479.jpg 768w, https:\/\/diariodominicano.com\/wp-content\/uploads\/2025\/06\/El-consultor-juridico-del-Poder-Ejecutivo-dicta-conferencia-La-Transparencia-en-el-Estado-Dominicano-en-ITSC-816x509.jpg 816w, https:\/\/diariodominicano.com\/wp-content\/uploads\/2025\/06\/El-consultor-juridico-del-Poder-Ejecutivo-dicta-conferencia-La-Transparencia-en-el-Estado-Dominicano-en-ITSC.jpg 1290w\" sizes=\"auto, (max-width: 1024px) 100vw, 1024px\" \/><\/figure>\n<\/figure>\n\n\n\n<p><strong>De igual manera, Holgu\u00edn Brito extern\u00f3 que la transparencia \u00abcrea confianza entre el gobierno y la ciudadan\u00eda, al demostrar que se est\u00e1n utilizando los recursos p\u00fablicos de manera responsable y legal\u201d.<\/strong><\/p>\n\n\n\n<p><strong>En tanto, durante su ponencia, el consultor jur\u00eddico extern\u00f3 que el presidente Luis Abinader a afirmado, en varias ocasiones, su compromiso con un gobierno abierto, transparente y accesible para el fortalecimiento de la democracia y la confianza de la ciudadan\u00eda en sus instituciones.<\/strong><\/p>\n\n\n\n<p><strong>\u00abNuestro mandatario ha demostrado estar comprometido con un gobierno que act\u00fae con la m\u00e1xima transparencia y que siempre est\u00e9 a la altura de las expectativas de nuestros pueblos. Juntos podemos construir un pa\u00eds donde cada dominicano se sienta orgulloso de su gobierno y de su participaci\u00f3n en la vida p\u00fablica\u201d, afirm\u00f3 el funcionario.<\/strong><\/p>\n\n\n\n<p><strong>De igual manera, Peralta afirm\u00f3 que la transparencia es crucial en el Estado dominicano \u00abpara la lucha contra la corrupci\u00f3n, adem\u00e1s, ayuda a la ciudadan\u00eda a estar al tanto sobre los procesos de la administraci\u00f3n p\u00fablica\u00bb.<\/strong><\/p>\n\n\n\n<p><strong>En ese mismo orden, Antoliano Peralta, explic\u00f3 que la transparencia es una herramienta fundamental \u00abpara construir un Estado m\u00e1s eficiente, responsable y que sirva a los intereses de la ciudadan\u00eda, promoviendo una sociedad m\u00e1s justa e inclusiva.<\/strong><\/p>\n\n\n\n<p><strong>Por \u00faltimo, el consultor jur\u00eddico inform\u00f3 que a trav\u00e9s de plataformas digitales, est\u00e1n dando pasos firmes hacia un gobierno m\u00e1s abierto, fortaleciendo la comunicaci\u00f3n y facilitando el acceso a la informaci\u00f3n.<\/strong><\/p>\n\n\n\n<p><strong>Durante la conferencia tambi\u00e9n estuvieron presentes Silvana G\u00e1lvez, vicerrectora Acad\u00e9mica del ITSC. Por igual, Iris Ram\u00edrez y Alfredo Herrera, asesores de la alta casa de estudios.<\/strong><\/p>\n\n\n\n<p><strong>Asimismo, Pedro Montilla, consultor Poder Ejecutivo; Andr\u00e9s Astacio, superintendente de Electricidad (SIE), Mary Rosario, consultora ejecutiva del Banco Agr\u00edcola y Rafael Peralta Romero, escritor y profesor universitario de la Universidad Aut\u00f3noma de Santo Domingo (UASD).<\/strong><\/p>\n\n\n\n<p><strong>Por igual, Wendy Cepeda, alcaldesa distrito municipal de San Luis ; Rodolfo Valera, titular de la Direcci\u00f3n General de Embellecimiento de Carreteras, Avenidas y Circunvalaciones del Pa\u00eds (DIGECAC) y Valerio de Le\u00f3n, presidente de la Sociedad General de Autores, Compositores y Autores Dominicanos, entre otras personalidades.<\/strong><\/p>\n\n\n\n<p><strong>Trayectoria Dr. Antoliano Peralta Romero<\/strong><\/p>\n\n\n\n<p><strong>Es doctor en Derecho, egresado de la Facultad De Ciencias Jur\u00eddicas y Pol\u00edticas de la Universidad Aut\u00f3noma de Santo Domingo (UASD). Cuenta con un m\u00e1ster en Derecho Administrativo y Gesti\u00f3n Municipal, otorgado por la Universidad de Castilla-La Mancha, Espa\u00f1a. Ha participado en seminarios y capacitaciones de formaci\u00f3n continua en temas de derecho p\u00fablico y privado a nivel local e internacional.<\/strong><\/p>\n\n\n\n<p><strong>Durante su vida profesional se ha desarrollado como un distinguido abogado litigante y consultor para entidades p\u00fablicas y privadas, especialista en materia electoral.<\/strong><\/p>\n\n\n\n<p><strong>Fue vicepresidente del Colegio de Abogados de la Rep\u00fablica Dominicana (CARD) y secretario general de la Asociaci\u00f3n de Abogados de la Rep\u00fablica Dominicana (ADOMA).<\/strong><\/p>\n\n\n\n<p><strong>Es coautor y autor, respectivamente, de las obras Reformas a la Constituci\u00f3n Pol\u00edtica Dominicana, 1994-2002-2010 (Editorial Gente, 2012) y Precisiones jur\u00eddicas y otros temas (Editorial Gente, 2012). Adem\u00e1s, es articulista en diversos peri\u00f3dicos nacionales, como lo son La Naci\u00f3n, Hoy, Acento y Metro.<\/strong><\/p>\n\n\n\n<p><strong>La manifestaci\u00f3n de su vocaci\u00f3n hacia la docencia no ha estado ausente en la trayectoria del Dr. Peralta, desempe\u00f1\u00e1ndose como profesor universitario y capacitador para la Escuela Nacional de Formaci\u00f3n Electoral y del Estado Civil, as\u00ed como tambi\u00e9n para el Colegio de Notarios de la Rep\u00fablica Dominicana.<\/strong><\/p>\n\n\n\n<p><strong>Actualmente se desempe\u00f1a como consultor jur\u00eddico del Poder Ejecutivo, designado por el presidente Luis Abinader mediante el decreto n\u00fam. 324-20 del 16 de agosto de 2020.<\/strong><\/p>\n\n\n\n<p><strong>Ibelca Mencia <a href=\"mailto:ibelca@timmrd.com\">ibelca@timmrd.com<\/a><\/strong><\/p>\n","protected":false},"excerpt":{"rendered":"<p>El ciclo de conferencias que promueve el ITSC, sobre Innovaci\u00f3n, Desarrollo y Pensamiento Cr\u00edtico, agota una agenda de participaci\u00f3n ciudadana, democracia y transparencia. Santo Domingo Este, R.D. Como parte de su ciclo de conferencias, pautadas para el presente a\u00f1o, el Instituto T\u00e9cnico Superior Comunitario (ITSC), fue sede de la conferencia magistral \u201cLa Transparencia en el [&hellip;]<\/p>\n","protected":false},"author":7,"featured_media":620672,"comment_status":"closed","ping_status":"closed","sticky":false,"template":"","format":"standard","meta":{"footnotes":""},"categories":[17],"tags":[491],"class_list":["post-620653","post","type-post","status-publish","format-standard","has-post-thumbnail","hentry","category-deportes","tag-inefi"],"_links":{"self":[{"href":"https:\/\/diariodominicano.com\/index.php?rest_route=\/wp\/v2\/posts\/620653","targetHints":{"allow":["GET"]}}],"collection":[{"href":"https:\/\/diariodominicano.com\/index.php?rest_route=\/wp\/v2\/posts"}],"about":[{"href":"https:\/\/diariodominicano.com\/index.php?rest_route=\/wp\/v2\/types\/post"}],"author":[{"embeddable":true,"href":"https:\/\/diariodominicano.com\/index.php?rest_route=\/wp\/v2\/users\/7"}],"replies":[{"embeddable":true,"href":"https:\/\/diariodominicano.com\/index.php?rest_route=%2Fwp%2Fv2%2Fcomments&post=620653"}],"version-history":[{"count":2,"href":"https:\/\/diariodominicano.com\/index.php?rest_route=\/wp\/v2\/posts\/620653\/revisions"}],"predecessor-version":[{"id":620685,"href":"https:\/\/diariodominicano.com\/index.php?rest_route=\/wp\/v2\/posts\/620653\/revisions\/620685"}],"wp:featuredmedia":[{"embeddable":true,"href":"https:\/\/diariodominicano.com\/index.php?rest_route=\/wp\/v2\/media\/620672"}],"wp:attachment":[{"href":"https:\/\/diariodominicano.com\/index.php?rest_route=%2Fwp%2Fv2%2Fmedia&parent=620653"}],"wp:term":[{"taxonomy":"category","embeddable":true,"href":"https:\/\/diariodominicano.com\/index.php?rest_route=%2Fwp%2Fv2%2Fcategories&post=620653"},{"taxonomy":"post_tag","embeddable":true,"href":"https:\/\/diariodominicano.com\/index.php?rest_route=%2Fwp%2Fv2%2Ftags&post=620653"}],"curies":[{"name":"wp","href":"https:\/\/api.w.org\/{rel}","templated":true}]}}