{"id":620652,"date":"2025-06-12T19:54:08","date_gmt":"2025-06-12T23:54:08","guid":{"rendered":"https:\/\/diariodominicano.com\/?p=620652"},"modified":"2025-06-12T19:54:11","modified_gmt":"2025-06-12T23:54:11","slug":"republica-dominicana-promueve-la-resiliencia-costera-en-el-foro-internacional-sobre-oceanos","status":"publish","type":"post","link":"https:\/\/diariodominicano.com\/?p=620652","title":{"rendered":"Rep\u00fablica Dominicana promueve la resiliencia costera en el foro internacional sobre oc\u00e9anos"},"content":{"rendered":"\n<p><em>***El vicepresidente ejecutivo del CNCCMDL destac\u00f3 la importancia de garantizar la resiliencia en las ciudades y comunidades costeras, integrando la planificaci\u00f3n y resiliencia en las infraestructuras costeras del pa\u00eds y el Caribe***<\/em><\/p>\n\n\n\n<p><strong><em>Niza, Francia.<\/em><\/strong>&nbsp;<em>\u2013<\/em>&nbsp;El vicepresidente ejecutivo del Consejo Nacional para el Cambio Clim\u00e1tico y Mecanismo de Desarrollo Limpio (CNCCMDL), Max Puig, destac\u00f3 la necesidad de que las pol\u00edticas p\u00fablicas de Rep\u00fablica Dominicana y el Caribe se centren en cuidar a los pobladores de las ciudades y comunidades costeras, desarrollando infraestructuras planificadas para la resiliencia.<\/p>\n\n\n\n<p>Durante su participaci\u00f3n en el panel \u201cConstruyendo Infraestructura Costera Resiliente: Uniendo Ciencia, Pol\u00edtica y Finanzas para la Adaptaci\u00f3n Clim\u00e1tica\u201d, organizado por la Coalici\u00f3n para Infraestructura Resiliente a Desastres (CDRI) en Francia, Puig insisti\u00f3 en que se deben integrar las pol\u00edticas de reducci\u00f3n del riesgo de desastres, adaptaci\u00f3n al cambio clim\u00e1tico y planificaci\u00f3n de infraestructura para impulsar el desarrollo sostenible en los Peque\u00f1os Estados Insulares en Desarrollo.<\/p>\n\n\n\n<p>\u201cNuestras econom\u00edas, comunidades y ecosistemas son todos costeros, por lo que necesitamos fortalecer la integraci\u00f3n entre la reducci\u00f3n del riesgo de desastres, la adaptaci\u00f3n al cambio clim\u00e1tico y la planificaci\u00f3n de infraestructura para mejorar la resiliencia de nuestra gente, y al articular estos enfoques, podemos planificar e invertir en infraestructura que no solo resista amenazas, sino que adem\u00e1s contribuya al desarrollo sostenible basado en los mares y oc\u00e9anos\u201d, dijo Puig.<\/p>\n\n\n\n<p>Para ello, record\u00f3 la importancia de ecosistemas como los manglares y los arrecifes de coral, que cumplen la triple funci\u00f3n de reducir riesgos, proteger la biodiversidad y sostener medios de vida para la poblaci\u00f3n a trav\u00e9s de la pesca y el turismo.<\/p>\n\n\n\n<p>\u201cUn factor clave para esto es desarrollar plataformas compartidas de datos y sistemas de alerta temprana que orienten la planificaci\u00f3n a largo plazo, al mismo tiempo que desarrollamos marcos de inversi\u00f3n p\u00fablicos informados sobre el riesgo, y alineados con los planos nacionales de adaptaci\u00f3n y las estrategias clim\u00e1ticas de largo plazo, para dirigir los recursos hacia donde generen resiliencia, sostenibilidad y crecimiento econ\u00f3mico\u201d, recalc\u00f3.<\/p>\n\n\n\n<p>\u00abEs lo que estamos aprendiendo en Rep\u00fablica Dominicana, incorporar la resiliencia en los sistemas nacionales. Nuestro Plan Nacional de Adaptaci\u00f3n prioriza las zonas costeras y se vincula directamente con las directrices de inversi\u00f3n p\u00fablica, lo que significa que toda nueva infraestructura, ya sea un puerto, un malec\u00f3n o un proyecto tur\u00edstico, debe evaluar los riesgos clim\u00e1ticos y alinearse con los objetivos de adaptaci\u00f3n a los efectos del cambio clim\u00e1tico\u00bb, afirm\u00f3.<\/p>\n\n\n\n<p>Tambi\u00e9n detall\u00f3 los aprendizajes derivados de proyectos piloto como el de la cuenca del r\u00edo Yuna en el norte del pa\u00eds, donde estamos trabajando con comunidades y gobiernos locales en enfoques h\u00edbridos que combinan obras de protecci\u00f3n con restauraci\u00f3n ecol\u00f3gica.<\/p>\n\n\n\n<p>En el panel \u201cConstruyendo Infraestructura Costera Resiliente: Uniendo Ciencia, Pol\u00edtica y Finanzas para la Adaptaci\u00f3n Clim\u00e1tica\u201d, organizado por la CDRI, tambi\u00e9n participaron el Representante Especial del secretario general de la ONU para la Reducci\u00f3n del Riesgo de Desastres, Kamal Kishore; la Enviada Especial del secretario general de la ONU para el Agua, Retno Marsudi; y la embajadora para el Clima de Antigua y Barbuda, Ruleta Camacho Thomas.<\/p>\n\n\n\n<p>Tambi\u00e9n intervino el director general de la CDRI, Amit Prothi; el presidente de la Fundaci\u00f3n PVBLIC, Stephen Keppel; la concejal para Econom\u00eda, Turismo, Relaciones Internacionales y Protecci\u00f3n Civil de la ciudad de Matosinhos en Portugal, Marta Pontes; y fue moderado por la Experta T\u00e9cnica Internacional en Adaptaci\u00f3n al Cambio Clim\u00e1tico en Infraestructura, Agathe Nougaret<\/p>\n\n\n\n<p>El vicepresidente ejecutivo del CNCCMDL, Max Puig, se encuentra en Francia como parte de la delegaci\u00f3n nacional que acompa\u00f1a al presidente de la Rep\u00fablica, Luis Abinader, en la Conferencia de las Naciones Unidas sobre los Oc\u00e9anos que se celebra en la ciudad francesa de Niza.<\/p>\n\n\n\n<p>Victor Aponte <a href=\"mailto:victoraponterd@gmail.com\">victoraponterd@gmail.com<\/a><\/p>\n","protected":false},"excerpt":{"rendered":"<p>***El vicepresidente ejecutivo del CNCCMDL destac\u00f3 la importancia de garantizar la resiliencia en las ciudades y comunidades costeras, integrando la planificaci\u00f3n y resiliencia en las infraestructuras costeras del pa\u00eds y el Caribe*** Niza, Francia.&nbsp;\u2013&nbsp;El vicepresidente ejecutivo del Consejo Nacional para el Cambio Clim\u00e1tico y Mecanismo de Desarrollo Limpio (CNCCMDL), Max Puig, destac\u00f3 la necesidad de [&hellip;]<\/p>\n","protected":false},"author":7,"featured_media":0,"comment_status":"closed","ping_status":"closed","sticky":false,"template":"","format":"standard","meta":{"footnotes":""},"categories":[36],"tags":[2684,197],"class_list":["post-620652","post","type-post","status-publish","format-standard","hentry","category-hombresmujeresycosas","tag-cnccmdl","tag-republica-dominicana"],"_links":{"self":[{"href":"https:\/\/diariodominicano.com\/index.php?rest_route=\/wp\/v2\/posts\/620652","targetHints":{"allow":["GET"]}}],"collection":[{"href":"https:\/\/diariodominicano.com\/index.php?rest_route=\/wp\/v2\/posts"}],"about":[{"href":"https:\/\/diariodominicano.com\/index.php?rest_route=\/wp\/v2\/types\/post"}],"author":[{"embeddable":true,"href":"https:\/\/diariodominicano.com\/index.php?rest_route=\/wp\/v2\/users\/7"}],"replies":[{"embeddable":true,"href":"https:\/\/diariodominicano.com\/index.php?rest_route=%2Fwp%2Fv2%2Fcomments&post=620652"}],"version-history":[{"count":1,"href":"https:\/\/diariodominicano.com\/index.php?rest_route=\/wp\/v2\/posts\/620652\/revisions"}],"predecessor-version":[{"id":620682,"href":"https:\/\/diariodominicano.com\/index.php?rest_route=\/wp\/v2\/posts\/620652\/revisions\/620682"}],"wp:attachment":[{"href":"https:\/\/diariodominicano.com\/index.php?rest_route=%2Fwp%2Fv2%2Fmedia&parent=620652"}],"wp:term":[{"taxonomy":"category","embeddable":true,"href":"https:\/\/diariodominicano.com\/index.php?rest_route=%2Fwp%2Fv2%2Fcategories&post=620652"},{"taxonomy":"post_tag","embeddable":true,"href":"https:\/\/diariodominicano.com\/index.php?rest_route=%2Fwp%2Fv2%2Ftags&post=620652"}],"curies":[{"name":"wp","href":"https:\/\/api.w.org\/{rel}","templated":true}]}}