{"id":620499,"date":"2025-06-11T19:12:49","date_gmt":"2025-06-11T23:12:49","guid":{"rendered":"https:\/\/diariodominicano.com\/?p=620499"},"modified":"2025-06-11T19:12:51","modified_gmt":"2025-06-11T23:12:51","slug":"testigo-del-tiempo-conspiracion-contra-donald-trump","status":"publish","type":"post","link":"https:\/\/diariodominicano.com\/?p=620499","title":{"rendered":"Testigo del tiempo \/ \u00bfConspiraci\u00f3n contra Donald Trump?"},"content":{"rendered":"\n<p><strong>J.C. Malone<\/strong><\/p>\n\n\n\n<p><strong>&nbsp;&nbsp;&nbsp;&nbsp;&nbsp; Los des\u00f3rdenes de Los Angeles, autos incendiados, tiendas saqueadas, y ataques a polic\u00edas, \u201cprotestando contra las deportaciones de inmigrantes\u201d, quiz\u00e1 escondan algo peor, con muy feos antecedentes.<\/strong><\/p>\n\n\n\n<p><strong>&nbsp;&nbsp;&nbsp;&nbsp;&nbsp; Parecen una conspiraci\u00f3n contra el votante que eligi\u00f3 al presidente Donald Trump para que deporte inmigrantes irregulares.<\/strong><\/p>\n\n\n\n<p><strong>&nbsp;&nbsp;&nbsp;&nbsp;&nbsp; El gobernador de California, Gavin Newsom, y la alcaldesa de Los Angeles, Karen Bass, dem\u00f3cratas, tambi\u00e9n The New York Times, dicen que eran \u201cprotestas \u201cpac\u00edficas\u201d.<\/strong><\/p>\n\n\n\n<p><strong>&nbsp;&nbsp;&nbsp;&nbsp;&nbsp; En Ucrania, en el 2014 \u201cprotestas pac\u00edficas\u201d similares, destituyeron al presidente Viktor Yanukovych, trajeron a Volodimyr Zelensky, iniciaron el conflicto Ruso-Ucraniano. Esas \u201cprotestas pac\u00edficas\u201d, desde Washington, las coordin\u00f3 y dirigi\u00f3 el gobierno de Barack Obama y Joe Biden.<\/strong><\/p>\n\n\n\n<p><strong>&nbsp;&nbsp;&nbsp;&nbsp;&nbsp; En el primer gobierno de Trump, hubo saqueos y des\u00f3rdenes tras el asesinato de George Floyd en Minnessota. Antes, la polic\u00eda mat\u00f3 otros negros, sin protestas ni saqueos, los gobiernos suelen deportar indocumentados mundialmente, sin des\u00f3rdenes.<\/strong><\/p>\n\n\n\n<p><strong>&nbsp;&nbsp;&nbsp; &nbsp;&nbsp;Trump orden\u00f3 que la Guardia Nacional de California tome las calles angelinas y restablezca el orden.<\/strong><\/p>\n\n\n\n<p><strong>&nbsp;&nbsp;&nbsp;&nbsp;&nbsp; Los des\u00f3rdenes en Los Angeles, ondeando banderas mexicanas, aumentan el apoyo popular para las deportaciones masivas. Nadie apoyar\u00e1 saqueos, destrucciones y ataques a la polic\u00eda, ondeando una bandera extranjera, pero, \u00bfd\u00f3nde empez\u00f3 esto?<\/strong><\/p>\n\n\n\n<p><strong>&nbsp;&nbsp;&nbsp;&nbsp;&nbsp; Como presidente, Biden abri\u00f3 las fronteras estadounidenses, entraron unos 12 millones de inmigrantes irregulares.<\/strong><\/p>\n\n\n\n<p><strong>&nbsp;&nbsp;&nbsp;&nbsp;&nbsp; Trump prometi\u00f3 expulsar indocumentados si ganaba, votaron por \u00e9l<\/strong><\/p>\n\n\n\n<p><strong>&nbsp;&nbsp;&nbsp;&nbsp;&nbsp; Trump inici\u00f3 las deportaciones, varios jueces se opusieron, deportar indocumentados son procedimientos administrativos rutinarios.<\/strong><\/p>\n\n\n\n<p><strong>&nbsp;&nbsp;&nbsp;&nbsp;&nbsp; Obama y Biden, antes de Trump, deportaron a varios millones de indocumentados, no hubo oposici\u00f3n judicial ni protestas. Tampoco hubo oposici\u00f3n judicial cuando Biden abri\u00f3 las fronteras.<\/strong><\/p>\n\n\n\n<p><strong>&nbsp;&nbsp;&nbsp;&nbsp;&nbsp; En Nueva York organizan movimientos similares, si las dos principales ciudades del pa\u00eds descienden al caos, el gobierno restablecer\u00e1 el orden.<\/strong><\/p>\n\n\n\n<p><strong>Trump envi\u00f3 700 marines a Los Angeles, el gobernador Newsom apel\u00f3 esa orden ante un juez. Esto puede enfrentar al poder ejecutivo con el judicial, los gobiernos federal, estatal y municipal est\u00e1n enfrentados, la situaci\u00f3n es muy delicada.<\/strong><\/p>\n\n\n\n<p><strong>Trump siente que conspiran contra su gobierno, generalmente los gobernantes aplastan las conspiraciones, vivimos una situaci\u00f3n potencialmente explosiva.<\/strong><\/p>\n\n\n\n<p><strong>J.C. Malone<\/strong>&nbsp;<a href=\"mailto:jcmalone01@aol.com\" target=\"_blank\" rel=\"noreferrer noopener\">jcmalone01@aol.com<\/a><\/p>\n","protected":false},"excerpt":{"rendered":"<p>J.C. Malone &nbsp;&nbsp;&nbsp;&nbsp;&nbsp; Los des\u00f3rdenes de Los Angeles, autos incendiados, tiendas saqueadas, y ataques a polic\u00edas, \u201cprotestando contra las deportaciones de inmigrantes\u201d, quiz\u00e1 escondan algo peor, con muy feos antecedentes. &nbsp;&nbsp;&nbsp;&nbsp;&nbsp; Parecen una conspiraci\u00f3n contra el votante que eligi\u00f3 al presidente Donald Trump para que deporte inmigrantes irregulares. &nbsp;&nbsp;&nbsp;&nbsp;&nbsp; El gobernador de California, Gavin Newsom, [&hellip;]<\/p>\n","protected":false},"author":7,"featured_media":524963,"comment_status":"closed","ping_status":"closed","sticky":false,"template":"","format":"standard","meta":{"footnotes":""},"categories":[16],"tags":[1663],"class_list":["post-620499","post","type-post","status-publish","format-standard","has-post-thumbnail","hentry","category-opiniones","tag-j-c-malone"],"_links":{"self":[{"href":"https:\/\/diariodominicano.com\/index.php?rest_route=\/wp\/v2\/posts\/620499","targetHints":{"allow":["GET"]}}],"collection":[{"href":"https:\/\/diariodominicano.com\/index.php?rest_route=\/wp\/v2\/posts"}],"about":[{"href":"https:\/\/diariodominicano.com\/index.php?rest_route=\/wp\/v2\/types\/post"}],"author":[{"embeddable":true,"href":"https:\/\/diariodominicano.com\/index.php?rest_route=\/wp\/v2\/users\/7"}],"replies":[{"embeddable":true,"href":"https:\/\/diariodominicano.com\/index.php?rest_route=%2Fwp%2Fv2%2Fcomments&post=620499"}],"version-history":[{"count":1,"href":"https:\/\/diariodominicano.com\/index.php?rest_route=\/wp\/v2\/posts\/620499\/revisions"}],"predecessor-version":[{"id":620508,"href":"https:\/\/diariodominicano.com\/index.php?rest_route=\/wp\/v2\/posts\/620499\/revisions\/620508"}],"wp:featuredmedia":[{"embeddable":true,"href":"https:\/\/diariodominicano.com\/index.php?rest_route=\/wp\/v2\/media\/524963"}],"wp:attachment":[{"href":"https:\/\/diariodominicano.com\/index.php?rest_route=%2Fwp%2Fv2%2Fmedia&parent=620499"}],"wp:term":[{"taxonomy":"category","embeddable":true,"href":"https:\/\/diariodominicano.com\/index.php?rest_route=%2Fwp%2Fv2%2Fcategories&post=620499"},{"taxonomy":"post_tag","embeddable":true,"href":"https:\/\/diariodominicano.com\/index.php?rest_route=%2Fwp%2Fv2%2Ftags&post=620499"}],"curies":[{"name":"wp","href":"https:\/\/api.w.org\/{rel}","templated":true}]}}