{"id":620496,"date":"2025-06-11T17:56:09","date_gmt":"2025-06-11T21:56:09","guid":{"rendered":"https:\/\/diariodominicano.com\/?p=620496"},"modified":"2025-06-11T17:56:11","modified_gmt":"2025-06-11T21:56:11","slug":"odac-celebra-dia-mundial-de-la-acreditacion-y-destaca-su-impacto-en-el-crecimiento-de-las-mipymes","status":"publish","type":"post","link":"https:\/\/diariodominicano.com\/?p=620496","title":{"rendered":"ODAC celebra D\u00eda Mundial de la Acreditaci\u00f3n y destaca su impacto en el crecimiento de las mipymes"},"content":{"rendered":"\n<p><strong><em>El conversatorio virtual resalt\u00f3 que el sector de las mipymes&nbsp; tiene un alto potencial para la exportaci\u00f3n<\/em><\/strong><\/p>\n\n\n\n<p><strong>Santo Domingo, Rep\u00fablica Dominicana:\u2013<\/strong>&nbsp;Con motivo del D\u00eda Mundial de la Acreditaci\u00f3n, el Organismo Dominicano de Acreditaci\u00f3n (ODAC) celebr\u00f3 el conversatorio virtual&nbsp;<em>\u201cAcreditaci\u00f3n: empoderamiento de las peque\u00f1as y medianas empresas\u201d,<\/em>&nbsp;una jornada que resalt\u00f3 c\u00f3mo la acreditaci\u00f3n impulsa la competitividad, la confianza y la internacionalizaci\u00f3n de las mipymes dominicanas.<\/p>\n\n\n\n<p>La presidenta de la Cooperaci\u00f3n Interamericana de Acreditaci\u00f3n (IAAC), Andrea Melo, resalt\u00f3 que conforme a una encuesta regional, las mipymes que exportan sus servicios tienen un gran potencial, a trav\u00e9s de la acreditaci\u00f3n, ya que la misma elimina barreras t\u00e9cnicas al comercio.&nbsp;<\/p>\n\n\n\n<figure class=\"wp-block-image\"><img decoding=\"async\" src=\"https:\/\/diariodominicano.com\/wp-content\/uploads\/2025\/06\/Angel-David-Taveras-Difo-director-ejecutivo-del-ODAC-1024x683.jpeg\" alt=\"\"\/><\/figure>\n\n\n\n<p>\u201cEl acceso a servicios de acreditaci\u00f3n permite a las mipymes competir en mercados globales, especialmente en \u00e1reas como sostenibilidad, econom\u00eda circular y certificaciones verdes\u201d, afirm\u00f3 Melo.<\/p>\n\n\n\n<p>Por su lado, el director ejecutivo del ODAC, \u00c1ngel David Taveras Difo, destac\u00f3 que la acreditaci\u00f3n no solo garantiza la calidad de productos y servicios, sino que es una herramienta estrat\u00e9gica para fortalecer el aparato productivo nacional. \u201cApostar por las mipymes es apostar por el desarrollo del pa\u00eds\u201d, agreg\u00f3.<\/p>\n\n\n\n<p>Asimismo, el viceministro de Fomento a las Mipymes, Jorge Morales, destac\u00f3 que iniciativas como esta son clave para lograr mipymes certificadas, competitivas y alineadas a est\u00e1ndares internacionales, lo que permitir\u00e1 alcanzar la meta de duplicar el PIB al 2036.&nbsp;<\/p>\n\n\n\n<p>Durante el evento se presentaron estrategias para fomentar cl\u00fasteres sectoriales, normativas m\u00e1s accesibles y programas de apoyo que refuercen el rol de la evaluaci\u00f3n de la conformidad como puente hacia la exportaci\u00f3n y la innovaci\u00f3n.<\/p>\n\n\n\n<p>El evento virtual, se realiz\u00f3 en el marco de la conmemoraci\u00f3n del D\u00eda Mundial de la Acreditaci\u00f3n, una iniciativa de las cooperaciones internacionales que agrupan los organismos de acreditaci\u00f3n a nivel mundial. Este a\u00f1o el D\u00eda Mundial tuvo como lema: \u201cAcreditaci\u00f3n: empoderamiento de las peque\u00f1as y medianas empresas\u201d.<\/p>\n\n\n\n<p><strong>Comunicaciones ODAC<\/strong>&nbsp;&lt;<a href=\"mailto:comunicaciones@odac.gob.do\" target=\"_blank\" rel=\"noreferrer noopener\">comunicaciones@odac.gob.do<\/a>&gt;<\/p>\n","protected":false},"excerpt":{"rendered":"<p>El conversatorio virtual resalt\u00f3 que el sector de las mipymes&nbsp; tiene un alto potencial para la exportaci\u00f3n Santo Domingo, Rep\u00fablica Dominicana:\u2013&nbsp;Con motivo del D\u00eda Mundial de la Acreditaci\u00f3n, el Organismo Dominicano de Acreditaci\u00f3n (ODAC) celebr\u00f3 el conversatorio virtual&nbsp;\u201cAcreditaci\u00f3n: empoderamiento de las peque\u00f1as y medianas empresas\u201d,&nbsp;una jornada que resalt\u00f3 c\u00f3mo la acreditaci\u00f3n impulsa la competitividad, la [&hellip;]<\/p>\n","protected":false},"author":7,"featured_media":620504,"comment_status":"closed","ping_status":"closed","sticky":false,"template":"","format":"standard","meta":{"footnotes":""},"categories":[21],"tags":[2679,2023,853],"class_list":["post-620496","post","type-post","status-publish","format-standard","has-post-thumbnail","hentry","category-cultura","tag-dia-mundial-de-la-acreditacion","tag-mipymes","tag-odac"],"_links":{"self":[{"href":"https:\/\/diariodominicano.com\/index.php?rest_route=\/wp\/v2\/posts\/620496","targetHints":{"allow":["GET"]}}],"collection":[{"href":"https:\/\/diariodominicano.com\/index.php?rest_route=\/wp\/v2\/posts"}],"about":[{"href":"https:\/\/diariodominicano.com\/index.php?rest_route=\/wp\/v2\/types\/post"}],"author":[{"embeddable":true,"href":"https:\/\/diariodominicano.com\/index.php?rest_route=\/wp\/v2\/users\/7"}],"replies":[{"embeddable":true,"href":"https:\/\/diariodominicano.com\/index.php?rest_route=%2Fwp%2Fv2%2Fcomments&post=620496"}],"version-history":[{"count":1,"href":"https:\/\/diariodominicano.com\/index.php?rest_route=\/wp\/v2\/posts\/620496\/revisions"}],"predecessor-version":[{"id":620505,"href":"https:\/\/diariodominicano.com\/index.php?rest_route=\/wp\/v2\/posts\/620496\/revisions\/620505"}],"wp:featuredmedia":[{"embeddable":true,"href":"https:\/\/diariodominicano.com\/index.php?rest_route=\/wp\/v2\/media\/620504"}],"wp:attachment":[{"href":"https:\/\/diariodominicano.com\/index.php?rest_route=%2Fwp%2Fv2%2Fmedia&parent=620496"}],"wp:term":[{"taxonomy":"category","embeddable":true,"href":"https:\/\/diariodominicano.com\/index.php?rest_route=%2Fwp%2Fv2%2Fcategories&post=620496"},{"taxonomy":"post_tag","embeddable":true,"href":"https:\/\/diariodominicano.com\/index.php?rest_route=%2Fwp%2Fv2%2Ftags&post=620496"}],"curies":[{"name":"wp","href":"https:\/\/api.w.org\/{rel}","templated":true}]}}