{"id":620466,"date":"2025-06-11T17:17:47","date_gmt":"2025-06-11T21:17:47","guid":{"rendered":"https:\/\/diariodominicano.com\/?p=620466"},"modified":"2025-06-11T17:17:51","modified_gmt":"2025-06-11T21:17:51","slug":"cabrerense-en-ny-valoran-reconocimientos-a-cruz-eduardo-ya-gaton","status":"publish","type":"post","link":"https:\/\/diariodominicano.com\/?p=620466","title":{"rendered":"Cabrerense en NY valoran reconocimientos a Cruz Eduardo ya Gat\u00f3n"},"content":{"rendered":"\n<p><strong>Por Ram\u00f3n Mercedes<\/strong><\/p>\n\n\n\n<p><strong>NUEVA YORK.-<\/strong>&nbsp;Dominicos residentes en esta ciudad, procedente del municipio de Cabrera, provincia Mar\u00eda Trinidad S\u00e1nchez, manifestaron valorar los reconocimientos por parte del Distrito Educativo 14-02 a dos grandes figuras cuyos trabajos han impactado profundamente en el pueblo.<\/p>\n\n\n\n<p>El DE 14-02 es un espacio para la recopilaci\u00f3n de informaci\u00f3n educativa y la comunicaci\u00f3n directa entre los diferentes actores del Sistema Educativo de la Rep\u00fablica Dominicana.<\/p>\n\n\n\n<p>Los reconocidos fueron Alberto Cruz Eduardo, por sus valiosos aportes al desarrollo de la educaci\u00f3n y la cultura en Cabrera. Su entrega, compromiso y amor por la comunidad lo convierten en un verdadero modelo a seguir, sostienen en documento de prensa.<\/p>\n\n\n\n<p>Asimismo, a Iv\u00e1n Gat\u00f3n, diplom\u00e1tico de carrera, acad\u00e9mico y experto en relaciones internacionales, fue declarado visitante distinguido del municipio por la sala capitular del cabildo, por su destacada trayectoria profesional y su contribuci\u00f3n al conocimiento geopol\u00edtico ya la formaci\u00f3n de nuevas generaciones.<\/p>\n\n\n\n<p>Entre sus logros se destacan, representan RD en estudios especializados en China, Taiw\u00e1n, Jap\u00f3n, Alemania, Argentina, Chile y Espa\u00f1a, entre otros pa\u00edses.<\/p>\n\n\n\n<p>Coordinador acad\u00e9mico en programas de Geopol\u00edtica, Diplomacia y Relaciones Internacionales en EE.UU. UU. y RD.&nbsp;Presidente de la Fundaci\u00f3n Horizontes de Paz (FUNHORPAZ).<\/p>\n\n\n\n<p>Entre los firmantes figuran Leonardo Marte, Luis Rojas, Alejandrina de Ruiz, Altagracia M\u00e9ndez, H\u00e9ctor Sambrano, Daniel L\u00f3pez, Wilfredo del Rosario, Juan de Dios Guzm\u00e1n, Alberto Rosario, Mildred de Soto, Emilio Adames, Germania de los Santos, Rafael Encarnaci\u00f3n, Nelson Marmolejos y Julio Santana.<\/p>\n\n\n\n<p>Asimismo, Elvyn Rivera, Iris Rodr\u00edguez, Ana Mar\u00eda Huerta, Porfirio Padilla, Stalin Jim\u00e9nez, Luis\u00edn Cortorreal, Melanio Conde y Ryan V\u00e1squez, entre otros.<\/p>\n\n\n\n<p>La directora del Distrito escolar Austria Bonilla, organizadora del evento al que asistieron autoridades, profesores y directivos de las principales organizaciones sociales y culturales de Cabrera.<\/p>\n","protected":false},"excerpt":{"rendered":"<p>Por Ram\u00f3n Mercedes NUEVA YORK.-&nbsp;Dominicos residentes en esta ciudad, procedente del municipio de Cabrera, provincia Mar\u00eda Trinidad S\u00e1nchez, manifestaron valorar los reconocimientos por parte del Distrito Educativo 14-02 a dos grandes figuras cuyos trabajos han impactado profundamente en el pueblo. El DE 14-02 es un espacio para la recopilaci\u00f3n de informaci\u00f3n educativa y la comunicaci\u00f3n [&hellip;]<\/p>\n","protected":false},"author":7,"featured_media":0,"comment_status":"closed","ping_status":"closed","sticky":false,"template":"","format":"standard","meta":{"footnotes":""},"categories":[23],"tags":[171],"class_list":["post-620466","post","type-post","status-publish","format-standard","hentry","category-internacional","tag-ministerio-publico"],"_links":{"self":[{"href":"https:\/\/diariodominicano.com\/index.php?rest_route=\/wp\/v2\/posts\/620466","targetHints":{"allow":["GET"]}}],"collection":[{"href":"https:\/\/diariodominicano.com\/index.php?rest_route=\/wp\/v2\/posts"}],"about":[{"href":"https:\/\/diariodominicano.com\/index.php?rest_route=\/wp\/v2\/types\/post"}],"author":[{"embeddable":true,"href":"https:\/\/diariodominicano.com\/index.php?rest_route=\/wp\/v2\/users\/7"}],"replies":[{"embeddable":true,"href":"https:\/\/diariodominicano.com\/index.php?rest_route=%2Fwp%2Fv2%2Fcomments&post=620466"}],"version-history":[{"count":1,"href":"https:\/\/diariodominicano.com\/index.php?rest_route=\/wp\/v2\/posts\/620466\/revisions"}],"predecessor-version":[{"id":620487,"href":"https:\/\/diariodominicano.com\/index.php?rest_route=\/wp\/v2\/posts\/620466\/revisions\/620487"}],"wp:attachment":[{"href":"https:\/\/diariodominicano.com\/index.php?rest_route=%2Fwp%2Fv2%2Fmedia&parent=620466"}],"wp:term":[{"taxonomy":"category","embeddable":true,"href":"https:\/\/diariodominicano.com\/index.php?rest_route=%2Fwp%2Fv2%2Fcategories&post=620466"},{"taxonomy":"post_tag","embeddable":true,"href":"https:\/\/diariodominicano.com\/index.php?rest_route=%2Fwp%2Fv2%2Ftags&post=620466"}],"curies":[{"name":"wp","href":"https:\/\/api.w.org\/{rel}","templated":true}]}}