{"id":620398,"date":"2025-06-11T00:22:11","date_gmt":"2025-06-11T04:22:11","guid":{"rendered":"https:\/\/diariodominicano.com\/?p=620398"},"modified":"2025-06-11T00:22:14","modified_gmt":"2025-06-11T04:22:14","slug":"la-memoria-historica-del-zemi-y-sus-tropiezos-para-ser-exhibido-en-el-pais","status":"publish","type":"post","link":"https:\/\/diariodominicano.com\/?p=620398","title":{"rendered":"La memoria hist\u00f3rica del Zem\u00ed y sus tropiezos para ser exhibido en el pa\u00eds"},"content":{"rendered":"\n<p><strong>Por Onorio Mont\u00e1s<\/strong><\/p>\n\n\n\n<p>Onorio Mont\u00e1s es periodista, ha sido editor de todos los peri\u00f3dicos impresos y corresponsal de agencias de noticias, reside en Santo Domingo..<\/p>\n\n\n\n<p>En 1983 tuve la dicha de ser convocado por mi amigo Bernardo Vega Bouri\u00e9 a la saz\u00f3n Gobernador del Banco Central de la Rep\u00fablica Dominicana para la realizaci\u00f3n de un libro acerca de la cultura taina, una \u00fanica oportunidad en mi vida. Conocer un poco de esa cultura con las grandes colecciones existentes, fui convocado junto a Frank Moya Pons qui\u00e9n escribir\u00eda una introducci\u00f3n a la obra y Pedro Jos\u00e9 Borrell Benz qui\u00e9n pose\u00eda una importante documentaci\u00f3n gr\u00e1fica de las pictograf\u00edas existentes en diferentes cuevas o cavernas, expresiones art\u00edsticas de las culturas ta\u00edna e igneri ind\u00edgenas de la Rep\u00fablica Dominicana, (grupo \u00e9tnico y cultural precolombino, de origen arahuaco, que habit\u00f3 la isla y otras \u00e1reas del Caribe antes de la llegada de los espa\u00f1oles), que datan de hace m\u00e1s de 2,000 a\u00f1os. Estas pinturas rupestres o pictograf\u00edas mostraban el arte precolombino.<\/p>\n\n\n\n<p>Al designar como embajador a Tony Raful Tejada le insist\u00ed en que conociera tres piezas que exist\u00edan en Italia el Zem\u00ed de Algod\u00f3n \u00fanico en el mundo que se conserva en este material que se exhib\u00eda en el Museo di Antropologia ed Etnografia de Torino (MAET) y otras piezas de menos importancia en el Museo Luiggi Pegorini en Roma y en el Museo Nazi\u00f3nale di Antropologia e Etnografia de Firenze. El Zem\u00ed ten\u00eda una larga historia el primero en hablar del Zem\u00ed es el antrop\u00f3logo estadounidense Jesse Walter Fewks quien en un art\u00edculo de 1891 anuncia su descubrimiento, adjunt\u00e1ndole un dibujo que ten\u00eda el capit\u00e1n Appleton de Boston en el que se representan dos Zem\u00ed (el de algod\u00f3n junto con otro de madera, ambos actualmente conservados en Tur\u00edn.<\/p>\n\n\n\n<p>El peri\u00f3dico \u201cCorrierre della Sera\u201d cita tambi\u00e9n un documento seg\u00fan el cual el zemi fue comprado por Giovanni Battista Cambiaso en 1882, y luego enviado a parientes en G\u00e9nova y que en 1928 fue donado al Museo de antig\u00fcedades de Tur\u00edn por el letrado genov\u00e9s Cesare Buscaglia.<\/p>\n\n\n\n<p>La exhibici\u00f3n del Zem\u00ed en Rep\u00fablica Dominicana ha tenido<\/p>\n\n\n\n<p>muchos escollos principalmente el celo del gobierno de Italia de la no devoluci\u00f3n de esta valiosa pieza sustra\u00edda de nuestro pa\u00eds por la familia Cambiaso. El profesor y escritor italiano Danilo Manera, quien ha desarrollado un fundamental papel para tratar de que el Zem\u00ed de algod\u00f3n sea devuelto a Santo Domingo; \u201cdesmitific\u00f3 versiones que dicen que la pieza fue robada de territorio dominicano y resalt\u00f3 que la pieza se ha salvado gracias a la profesionalidad del cuidado de conservaci\u00f3n a que ha sido sometido en Torino, Italia\u201d.<\/p>\n\n\n\n<p>En mi visita a dicho museo en una sesi\u00f3n exclusiva de fotograf\u00edas tuve la dicha de ver, tocar y contemplar minuciosamente y \u201chasta recibir las emanaciones m\u00e1gicas que sent\u00ed de esta deidad o esp\u00edritu ancestral de ese mundo sobrenatural\u201d.<\/p>\n\n\n\n<p>Estuve acompa\u00f1ado por el embajador dominicano en Italia en esa oportunidad Tony Raful Tejada el Rettore dell&#8217;Universit\u00e0 di Torino \u00e8 Stefano Geuna y Cecilia Pennacini directora del Museo di Antropologia ed Etnografia de Torino (MAET), adem\u00e1s del agregado cultural de nuestra embajada Joaqu\u00edn Taveras.<\/p>\n\n\n\n<p>Luego de la sesi\u00f3n de fotos fuimos invitados por el rector Stefano Geuna, y quien nos expresara su complacencia en que dicha pieza viniera de nuevo a Santo Domingo y que har\u00eda todo lo estuviera a su alcance para ayudar a lograr nuestro deseo, desde luego surgieron casi inmediatamente \u201cun clavo en el zapato\u201d la directora del museo Cecilia Pennacini sac\u00f3 a relucir unos recortes de peri\u00f3dicos \u201cLe F\u00edgaro\u201d y \u201cCorrierre della Sera\u201d con las declaraciones del cantautor Jos\u00e9 Antonio Rodr\u00edguez, que hab\u00eda sido delegado permanente de la Rep\u00fablica Dominicana ante la Organizaci\u00f3n de las Naciones Unidas para la Educaci\u00f3n, la Ciencia (UNESCO), sobre la Convenci\u00f3n de 1970 sobre la protecci\u00f3n del patrimonio cultural que \u201cEstablece la base jur\u00eddica para la repatriaci\u00f3n de bienes culturales, especialmente aquellos que han sido saqueados o apropiados ilegalmente\u201d.<\/p>\n\n\n\n<p>Lo que ocasion\u00f3 un largo impase y celo de las autoridades culturales italianas.<\/p>\n\n\n\n<p>Gracias a las excelentes relaciones del Embajador Tony Raful Tejada se fue subsanando todos los escollos.<\/p>\n\n\n\n<p>Tuve la oportunidad de pronunciar una conferencia sobre la cultura ind\u00edgena y particularmente sobre el Zem\u00ed de Algod\u00f3n y mi libro Arte Taino en el IILA &#8211; Organizzazione internazionale italo-latina americana, con una gran concurrencia de funcionarios y miembros del Cuerpo Diplom\u00e1tico destacados en Italia y dominicanos residentes.<\/p>\n\n\n\n<p>Mas adelante el presidente Luis Abinader le dio un fuerte espaldarazo a las diligencias que se ven\u00edan haciendo para traer en exhibici\u00f3n el Zem\u00ed en el mes de mayo de 2024 se reuni\u00f3 con el presidente italiano Sergio Mattarella, en el Palacio de Quirinal, en Roma.<\/p>\n\n\n\n<p>Mas adelante la Ministra de Cultura Milagros Germ\u00e1n Olalla firm\u00f3 los acuerdos con el gobierno de Italia para facilitar el intercambio de bienes culturales, incluyendo el regreso temporal del Zem\u00ed de Algod\u00f3n, una pieza crucial del patrimonio ta\u00edno. Este acuerdo, gestionado por el embajador de la Rep\u00fablica Dominicana en Italia Tony Raful, permitir\u00eda que el Zem\u00ed de Algod\u00f3n sea devuelto temporalmente al pa\u00eds.<\/p>\n\n\n\n<p><strong>Debi\u00f3 de haber llegado en abril a nuestro pa\u00eds<\/strong><\/p>\n\n\n\n<p>Luego de todas las formalidades la famosa pieza debi\u00f3 llegar al pa\u00eds en el mes de abril de acuerdo a lo convenido y el Museo del Hombre Dominicano enviar\u00eda 14 piezas que ser\u00edan exhibidas en Italia como una forma de intercambio cultural entre ambos.<\/p>\n\n\n\n<p>Es extra\u00f1o que con el cambio de funcionario en sustituci\u00f3n de la se\u00f1ora Germ\u00e1n Olalla se haya paralizado toda la actividad a cerca de los acuerdos de estado firmados, y est\u00e9 en manos de una secretaria el seguimiento a lo relativo llegada al pa\u00eds de esta importante pieza que involucra Seguros y aparataje de seguridad exigido por el gobierno italiano.<\/p>\n\n\n\n<p>El hecho de la exhibici\u00f3n de seguro se convertir\u00eda en un gran evento cultural que dar\u00eda la oportunidad a las nuevas generaciones y a los estudiantes de conocer y contemplar esta pieza de tanto valor hist\u00f3rico, ojal\u00e1 que las nuevas autoridades del Ministerio de Cultura le den la importancia que tiene este acuerdo de cooperaci\u00f3n cultural que tiene para nuestro pa\u00eds.<\/p>\n","protected":false},"excerpt":{"rendered":"<p>Por Onorio Mont\u00e1s Onorio Mont\u00e1s es periodista, ha sido editor de todos los peri\u00f3dicos impresos y corresponsal de agencias de noticias, reside en Santo Domingo.. En 1983 tuve la dicha de ser convocado por mi amigo Bernardo Vega Bouri\u00e9 a la saz\u00f3n Gobernador del Banco Central de la Rep\u00fablica Dominicana para la realizaci\u00f3n de un [&hellip;]<\/p>\n","protected":false},"author":7,"featured_media":620403,"comment_status":"open","ping_status":"closed","sticky":false,"template":"","format":"standard","meta":{"footnotes":""},"categories":[21,16],"tags":[1354],"class_list":["post-620398","post","type-post","status-publish","format-standard","has-post-thumbnail","hentry","category-cultura","category-opiniones","tag-onorio-montas"],"_links":{"self":[{"href":"https:\/\/diariodominicano.com\/index.php?rest_route=\/wp\/v2\/posts\/620398","targetHints":{"allow":["GET"]}}],"collection":[{"href":"https:\/\/diariodominicano.com\/index.php?rest_route=\/wp\/v2\/posts"}],"about":[{"href":"https:\/\/diariodominicano.com\/index.php?rest_route=\/wp\/v2\/types\/post"}],"author":[{"embeddable":true,"href":"https:\/\/diariodominicano.com\/index.php?rest_route=\/wp\/v2\/users\/7"}],"replies":[{"embeddable":true,"href":"https:\/\/diariodominicano.com\/index.php?rest_route=%2Fwp%2Fv2%2Fcomments&post=620398"}],"version-history":[{"count":1,"href":"https:\/\/diariodominicano.com\/index.php?rest_route=\/wp\/v2\/posts\/620398\/revisions"}],"predecessor-version":[{"id":620404,"href":"https:\/\/diariodominicano.com\/index.php?rest_route=\/wp\/v2\/posts\/620398\/revisions\/620404"}],"wp:featuredmedia":[{"embeddable":true,"href":"https:\/\/diariodominicano.com\/index.php?rest_route=\/wp\/v2\/media\/620403"}],"wp:attachment":[{"href":"https:\/\/diariodominicano.com\/index.php?rest_route=%2Fwp%2Fv2%2Fmedia&parent=620398"}],"wp:term":[{"taxonomy":"category","embeddable":true,"href":"https:\/\/diariodominicano.com\/index.php?rest_route=%2Fwp%2Fv2%2Fcategories&post=620398"},{"taxonomy":"post_tag","embeddable":true,"href":"https:\/\/diariodominicano.com\/index.php?rest_route=%2Fwp%2Fv2%2Ftags&post=620398"}],"curies":[{"name":"wp","href":"https:\/\/api.w.org\/{rel}","templated":true}]}}