{"id":620363,"date":"2025-06-10T18:29:08","date_gmt":"2025-06-10T22:29:08","guid":{"rendered":"https:\/\/diariodominicano.com\/?p=620363"},"modified":"2025-06-10T18:29:11","modified_gmt":"2025-06-10T22:29:11","slug":"inefi-celebra-primera-competencia-de-brazadas-educativas","status":"publish","type":"post","link":"https:\/\/diariodominicano.com\/?p=620363","title":{"rendered":"INEFI celebra primera competencia de \u00abBrazadas Educativas\u00bb"},"content":{"rendered":"\n<p><em>En el certamen participaron estudiantes de 15 centros educativos del Distrito Nacional<br><\/em><br><br>SANTO DOMINGO, Distrito Nacional.\u2013 El Instituto Nacional de Educaci\u00f3n F\u00edsica (INEFI) celebr\u00f3 este fin de semana la primera competencia del programa \u201cBrazadas Educativas\u201d, en la piscina del Albergue Ol\u00edmpico Dominicano. El evento Reuni\u00f3n a m\u00e1s de 200 estudiantes, con edades entre 5 y 16 a\u00f1os, provenientes de 15 centros educativos del Distrito Nacional.<\/p>\n\n\n\n<p><br><br>El director ejecutivo del INEFI, Alberto Rodr\u00edguez Mella, destac\u00f3 la importancia de esta iniciativa, calific\u00e1ndola como un paso fundamental en la formaci\u00f3n integral de los ni\u00f1os. \u00abDebemos ense\u00f1ar a nadar a los ni\u00f1os, desde el m\u00e1s peque\u00f1o hasta el m\u00e1s grande, ya que somos una isla rodeada de agua. Ma\u00f1ana podremos entregarlos a la Federaci\u00f3n de Nataci\u00f3n y al Alto Rendimiento para que los sigan formando\u00bb, afirm\u00f3.<\/p>\n\n\n\n<figure class=\"wp-block-image\"><img decoding=\"async\" src=\"https:\/\/diariodominicano.com\/wp-content\/uploads\/2025\/06\/INEFI-celebra-primera-competencia-de-Brazadas-Educativas-1024x683.jpg\" alt=\"\"\/><\/figure>\n\n\n\n<p><br><br>Rodr\u00edguez Mella tambi\u00e9n resalt\u00f3 que el principal objetivo del INEFI es alejar a los ni\u00f1os y adolescentes de entornos negativos. \u00abSi hay una herramienta contundente para lograr esto, es la educaci\u00f3n. Y si combinas educaci\u00f3n con deporte, ganamos todos\u00bb, subray\u00f3.<\/p>\n\n\n\n<p><br><br>El programa est\u00e1 dirigido por la destacada judoca Mar\u00eda Garc\u00eda, directora de \u201cAtletas con INEFI\u201d, y fue creado en diciembre de 2024 con el objetivo de fomentar la pr\u00e1ctica deportiva, evaluar el progreso de los estudiantes-atletas y promover valores como la disciplina, el trabajo en equipo y la perseverancia.<\/p>\n\n\n\n<p><br><br>\u00abEste evento lo realizamos para observar las destrezas que los ni\u00f1os y ni\u00f1as han desarrollado a lo largo del proceso. A partir de ahora, iniciaremos con los niveles correspondientes seg\u00fan el rendimiento de cada participante del proyecto &#8216;Brazadas Educativas'\u00bb, explic\u00f3 Garc\u00eda.<\/p>\n\n\n\n<p><br><br>El certamen cont\u00f3 tambi\u00e9n con la presencia del director administrativo del INEFI, C\u00e9sar Ruiz, quien ha brindado un seguimiento constante al desarrollo del programa desde sus inicios. Asimismo, la asistencia de familiares de los participantes y diversas personalidades del \u00e1mbito deportivo y educativo.<\/p>\n\n\n\n<p><br><br>Adem\u00e1s de las competencias de nataci\u00f3n, los atletas tambi\u00e9n demostraron sus habilidades en el polo acu\u00e1tico, evidenciando la diversidad de disciplinas que abarca el programa.<\/p>\n\n\n\n<p>PRENSA INEFI <a href=\"mailto:prensainefi@gmail.com\">prensainefi@gmail.com<\/a><\/p>\n\n\n\n<p><\/p>\n","protected":false},"excerpt":{"rendered":"<p>En el certamen participaron estudiantes de 15 centros educativos del Distrito Nacional SANTO DOMINGO, Distrito Nacional.\u2013 El Instituto Nacional de Educaci\u00f3n F\u00edsica (INEFI) celebr\u00f3 este fin de semana la primera competencia del programa \u201cBrazadas Educativas\u201d, en la piscina del Albergue Ol\u00edmpico Dominicano. El evento Reuni\u00f3n a m\u00e1s de 200 estudiantes, con edades entre 5 y [&hellip;]<\/p>\n","protected":false},"author":7,"featured_media":620374,"comment_status":"closed","ping_status":"closed","sticky":false,"template":"","format":"standard","meta":{"footnotes":""},"categories":[17],"tags":[491],"class_list":["post-620363","post","type-post","status-publish","format-standard","has-post-thumbnail","hentry","category-deportes","tag-inefi"],"_links":{"self":[{"href":"https:\/\/diariodominicano.com\/index.php?rest_route=\/wp\/v2\/posts\/620363","targetHints":{"allow":["GET"]}}],"collection":[{"href":"https:\/\/diariodominicano.com\/index.php?rest_route=\/wp\/v2\/posts"}],"about":[{"href":"https:\/\/diariodominicano.com\/index.php?rest_route=\/wp\/v2\/types\/post"}],"author":[{"embeddable":true,"href":"https:\/\/diariodominicano.com\/index.php?rest_route=\/wp\/v2\/users\/7"}],"replies":[{"embeddable":true,"href":"https:\/\/diariodominicano.com\/index.php?rest_route=%2Fwp%2Fv2%2Fcomments&post=620363"}],"version-history":[{"count":1,"href":"https:\/\/diariodominicano.com\/index.php?rest_route=\/wp\/v2\/posts\/620363\/revisions"}],"predecessor-version":[{"id":620376,"href":"https:\/\/diariodominicano.com\/index.php?rest_route=\/wp\/v2\/posts\/620363\/revisions\/620376"}],"wp:featuredmedia":[{"embeddable":true,"href":"https:\/\/diariodominicano.com\/index.php?rest_route=\/wp\/v2\/media\/620374"}],"wp:attachment":[{"href":"https:\/\/diariodominicano.com\/index.php?rest_route=%2Fwp%2Fv2%2Fmedia&parent=620363"}],"wp:term":[{"taxonomy":"category","embeddable":true,"href":"https:\/\/diariodominicano.com\/index.php?rest_route=%2Fwp%2Fv2%2Fcategories&post=620363"},{"taxonomy":"post_tag","embeddable":true,"href":"https:\/\/diariodominicano.com\/index.php?rest_route=%2Fwp%2Fv2%2Ftags&post=620363"}],"curies":[{"name":"wp","href":"https:\/\/api.w.org\/{rel}","templated":true}]}}