{"id":620331,"date":"2025-06-10T12:46:09","date_gmt":"2025-06-10T16:46:09","guid":{"rendered":"https:\/\/diariodominicano.com\/?p=620331"},"modified":"2025-06-10T12:46:58","modified_gmt":"2025-06-10T16:46:58","slug":"diplomacia-dominicana-arrecia-y-pide-que-la-onu-asuma-control-en-haiti-2","status":"publish","type":"post","link":"https:\/\/diariodominicano.com\/?p=620331","title":{"rendered":"Diplomacia dominicana arrecia y pide que la ONU asuma control en Hait\u00ed"},"content":{"rendered":"\n<p><strong>Manuel D\u00edaz Aponte<\/strong><\/p>\n\n\n\n<p>A primera vista la intenci\u00f3n es v\u00e1lida y manda una se\u00f1al unificadora de la sociedad dominicana frente a la terrible crisis haitiana, cuyo agravamiento sigue aumentando, y ya es una amenaza real para la regi\u00f3n.<\/p>\n\n\n\n<p>Los dominicanos no desean nuevas regulaciones de haitianos porque ya de eso estamos cansados, y en varios escenarios de protestas realizados en el pa\u00eds se ha demostrado la inconformidad por la desbordada migraci\u00f3n haitiana en suelo Patrio. &nbsp;<\/p>\n\n\n\n<p>Asimismo, por el alto costo que ello representa para el Estado dominicano, que es lo mismo que expresar, mayor sacrificio econ\u00f3mico del contribuyente.<\/p>\n\n\n\n<p>\u00bfDebe nuestro pa\u00eds cargar con las penurias de su vecino que han hecho todo lo posible para su autodestrucci\u00f3n?<\/p>\n\n\n\n<p>Ning\u00fan empresario de los que agitan la bandera de regularizaci\u00f3n de haitianos en el pa\u00eds sacar\u00e1 de sus bolsillos los dineros que se requieren para esa acci\u00f3n, todo lo contrario, desean y buscan que sea el Gobierno quien lo asuma.<\/p>\n\n\n\n<p>\u00bfQu\u00e9 bueno es as\u00ed, tener fincas privadas y asentamientos de haitianos en suelo dominicanos costeados por el presupuesto nacional?<\/p>\n\n\n\n<p>Desde la distancia representantes de las ONG pro-haitianas siguen d\u00e1ndonos con el l\u00e1tigo acus\u00e1ndolos de racistas y xenof\u00f3bicos, pero resulta que la Rep\u00fablica Dominicana es la \u00fanica naci\u00f3n en el mundo que en verdad le extiende las manos a los infortunados haitianos. &nbsp;&nbsp;&nbsp;&nbsp;&nbsp;&nbsp;&nbsp;<\/p>\n\n\n\n<p>Utilizan el drama de las embarazadas que vienen al territorio dominicano exclusivamente a parir en los hospitales p\u00fablicos financiadas con los recursos del contribuyente nativo, es sencillamente, inaguantable que tengamos tambi\u00e9n que cubrir todos los partos de esas mujeres haitianas.<\/p>\n\n\n\n<p>Desde el Vaticano, ahora el&nbsp;<strong><em>Vatican News<\/em><\/strong>, \u00f3rgano informativo de la Santa Sede, expresa: \u201cHait\u00ed y Rep\u00fablica Dominicana, dos infiernos para un mismo pueblo\u201d. Desconsiderada calificaci\u00f3n para los dominicanos en su mayor\u00eda creyente de la fe cat\u00f3lica, y, por el contrario, los haitianos adoran la hechicera y el vud\u00fa.<\/p>\n\n\n\n<p>Ese desafortunado relato cargado de inexactitudes nos acusa de xen\u00f3fobos y de maltratos a los inmigrantes haitianos, incluyendo a las embarazadas. \u00bfSer\u00e1 que pretenden que todo el presupuesto nacional sea dirigido a proteger a los haitianos? \u00a1Ya es el colmo, por Dios!<\/p>\n\n\n\n<p>\u00bfQu\u00e9 naci\u00f3n del mundo est\u00e1 obligada a financiar los embarazos de las mujeres haitianas? Deber\u00eda la Iglesia Cat\u00f3lica promover programas de orientaci\u00f3n y planificaci\u00f3n familiar en Hait\u00ed, para evitar que los hospitales p\u00fablicos dominicanos sigan abarrotados de parturientas provenientes de ese territorio. &nbsp;<\/p>\n\n\n\n<p>Igualmente, \u00bfpor qu\u00e9 no aportan recursos para construir hospitales maternos-infantiles en territorio haitiano? &nbsp;<\/p>\n\n\n\n<p><strong>Voz del liderato<\/strong><\/p>\n\n\n\n<p>El liderato pol\u00edtico de la Rep\u00fablica Dominicana levant\u00f3 su voz para solicitar la transformaci\u00f3n de la actual Misi\u00f3n Multinacional de Apoyo a la Seguridad (MSS) en ese territorio, en una misi\u00f3n h\u00edbrida con liderazgo log\u00edstico y operativo de la ONU.&nbsp;<\/p>\n\n\n\n<p>Ya no se trata exclusivamente de la posici\u00f3n que valientemente ha venido asumiendo y defendiendo el presidente Luis Abinader en distintos escenarios internacionales para que Hait\u00ed reciba la debida atenci\u00f3n de los organismos internacionales. Ahora, tambi\u00e9n intervienen expresidentes, conscientes de la gravedad del conflicto para la regi\u00f3n del Caribe.<\/p>\n\n\n\n<p>Ese liderato nacional ha tenido que unirse a una sola voz ante el desplome de la institucionalidad en Hait\u00ed, que vive agobiado por la sangre y dolor, poniendo simult\u00e1neamente en serio peligro a la Rep\u00fablica Dominicana, que comparte la Isla de la Espa\u00f1ola.&nbsp;&nbsp; &nbsp;<\/p>\n\n\n\n<p>Abinader ha sido puntero y firme en su pol\u00edtica exterior hacia Hait\u00ed, dejando claro en innumerables encuentros diplom\u00e1ticos y foros en los que ha participado, la pesada carga que significa para los dominicanos la eterna crisis haitiana.<\/p>\n\n\n\n<p>Ahora ese escenario toma un nuevo giro con la inclusi\u00f3n del liderato pol\u00edtico nacional que se ha sumado a los esfuerzos encaminados por las autoridades demandando de la ONU una acci\u00f3n efectiva sobre Hait\u00ed. &nbsp;<\/p>\n\n\n\n<p><strong>Cartas conjuntas<\/strong><\/p>\n\n\n\n<p>\u201cEl env\u00edo conjunto de estas cartas por el actual presidente y tres expresidentes refleja la urgencia nacional y el consenso pol\u00edtico sobre la necesidad de una acci\u00f3n internacional m\u00e1s eficaz para evitar el colapso total del Estado haitiano\u201d, dijo el vocero de la Presidencia, Homero Figueroa.<\/p>\n\n\n\n<p>Las misivas a\u00f1aden, adem\u00e1s, que: \u201cEl futuro de Hait\u00ed tambi\u00e9n es una cuesti\u00f3n de seguridad hemisf\u00e9rica. Rep\u00fablica Dominicana hace este llamado en nombre de la estabilidad regional, la protecci\u00f3n de los derechos humanos y la defensa del multilateralismo como \u00fanico camino para enfrentar desaf\u00edos globales compartidos\u201d.<\/p>\n\n\n\n<p>Esas comunicaciones, seg\u00fan puntualiz\u00f3 el portavoz de la Presidencia, han sido canalizadas a trav\u00e9s de las respectivas representaciones permanentes ante las Naciones Unidas.<\/p>\n\n\n\n<p>Las misivas fueron remitidas a los siguientes jefes de Estado a trav\u00e9s de sus representantes permanentes en la ONU:<\/p>\n\n\n\n<p><strong>&nbsp;Estados Unidos:&nbsp;Donald J. Trump.&nbsp;<\/strong><\/p>\n\n\n\n<p><strong>&nbsp;&nbsp;&nbsp;&nbsp;&nbsp;&nbsp;&nbsp;&nbsp;&nbsp;&nbsp;&nbsp; \u2022&nbsp;&nbsp;&nbsp;&nbsp;&nbsp;&nbsp;&nbsp;&nbsp;&nbsp;&nbsp; Rep\u00fablica Popular China:&nbsp;Xi Jinping.&nbsp;<\/strong><\/p>\n\n\n\n<p><strong>&nbsp;&nbsp;&nbsp;&nbsp;&nbsp;&nbsp;&nbsp;&nbsp;&nbsp;&nbsp;&nbsp; \u2022&nbsp;&nbsp;&nbsp;&nbsp;&nbsp;&nbsp;&nbsp;&nbsp;&nbsp;&nbsp; Federaci\u00f3n de Rusia:&nbsp;Vladimir Putin.&nbsp;<\/strong><\/p>\n\n\n\n<p><strong>&nbsp;&nbsp;&nbsp;&nbsp;&nbsp;&nbsp;&nbsp;&nbsp;&nbsp;&nbsp;&nbsp; \u2022&nbsp;&nbsp;&nbsp;&nbsp;&nbsp;&nbsp;&nbsp;&nbsp;&nbsp;&nbsp; Francia:&nbsp;Emmanuel Macron.&nbsp;<\/strong><\/p>\n\n\n\n<p><strong>&nbsp;&nbsp;&nbsp;&nbsp;&nbsp;&nbsp;&nbsp;&nbsp;&nbsp;&nbsp;&nbsp; \u2022&nbsp;&nbsp;&nbsp;&nbsp;&nbsp;&nbsp;&nbsp;&nbsp;&nbsp;&nbsp; Reino Unido:&nbsp;Sir Keir Starmer.&nbsp;<\/strong><\/p>\n\n\n\n<p><strong>&nbsp;&nbsp;&nbsp;&nbsp;&nbsp;&nbsp;&nbsp;&nbsp;&nbsp;&nbsp;&nbsp; \u2022&nbsp;&nbsp;&nbsp;&nbsp;&nbsp;&nbsp;&nbsp;&nbsp;&nbsp;&nbsp; Rep\u00fablica de Corea:&nbsp;Lee Ju-ho.&nbsp;<\/strong><\/p>\n\n\n\n<p><strong>&nbsp;&nbsp;&nbsp;&nbsp;&nbsp;&nbsp;&nbsp;&nbsp;&nbsp;&nbsp;&nbsp; \u2022&nbsp;&nbsp;&nbsp;&nbsp;&nbsp;&nbsp;&nbsp;&nbsp;&nbsp;&nbsp; Rep\u00fablica Isl\u00e1mica de Pakist\u00e1n:&nbsp;Sir Mian Muhammad Shehbaz Sharif.&nbsp;<\/strong><\/p>\n\n\n\n<p><strong>&nbsp;&nbsp;&nbsp;&nbsp;&nbsp;&nbsp;&nbsp;&nbsp;&nbsp;&nbsp;&nbsp; \u2022&nbsp;&nbsp;&nbsp;&nbsp;&nbsp;&nbsp;&nbsp;&nbsp;&nbsp;&nbsp; Rep\u00fablica Hel\u00e9nica (Grecia):&nbsp;Kyriakos Mitsotakis.&nbsp;<\/strong><\/p>\n\n\n\n<p><strong>&nbsp;&nbsp;&nbsp;&nbsp;&nbsp;&nbsp;&nbsp;&nbsp;&nbsp;&nbsp;&nbsp; \u2022&nbsp;&nbsp;&nbsp;&nbsp;&nbsp;&nbsp;&nbsp;&nbsp;&nbsp;&nbsp; Reino de Dinamarca:&nbsp;Mette Frederiksen.&nbsp;<\/strong><\/p>\n\n\n\n<p><strong>&nbsp;&nbsp;&nbsp;&nbsp;&nbsp;&nbsp;&nbsp;&nbsp;&nbsp;&nbsp;&nbsp; \u2022&nbsp;&nbsp;&nbsp;&nbsp;&nbsp;&nbsp;&nbsp;&nbsp;&nbsp;&nbsp; Rep\u00fablica de Eslovenia:&nbsp;Robert Golob.&nbsp;<\/strong><\/p>\n\n\n\n<p><strong>&nbsp;&nbsp;&nbsp;&nbsp;&nbsp;&nbsp;&nbsp;&nbsp;&nbsp;&nbsp;&nbsp; \u2022&nbsp;&nbsp;&nbsp;&nbsp;&nbsp;&nbsp;&nbsp;&nbsp;&nbsp;&nbsp; Rep\u00fablica Argelina Democr\u00e1tica y Popular:&nbsp;Abdelmadjid Tebboune.&nbsp;<\/strong><\/p>\n\n\n\n<p><strong>&nbsp;&nbsp;&nbsp;&nbsp;&nbsp;&nbsp;&nbsp;&nbsp;&nbsp;&nbsp;&nbsp; \u2022&nbsp;&nbsp;&nbsp;&nbsp;&nbsp;&nbsp;&nbsp;&nbsp;&nbsp;&nbsp; Rep\u00fablica Cooperativa de Guyana:&nbsp;Mohamed Irfaan Ali.&nbsp;<\/strong><\/p>\n\n\n\n<p><strong>&nbsp;&nbsp;&nbsp;&nbsp;&nbsp;&nbsp;&nbsp;&nbsp;&nbsp;&nbsp;&nbsp; \u2022&nbsp;&nbsp;&nbsp;&nbsp;&nbsp;&nbsp;&nbsp;&nbsp;&nbsp;&nbsp; Rep\u00fablica de Sierra Leona:&nbsp;Julius Maada Wonie Bio.&nbsp;<\/strong><\/p>\n\n\n\n<p><strong>&nbsp;&nbsp;&nbsp;&nbsp;&nbsp;&nbsp;&nbsp;&nbsp;&nbsp;&nbsp;&nbsp; \u2022&nbsp;&nbsp;&nbsp;&nbsp;&nbsp;&nbsp;&nbsp;&nbsp;&nbsp;&nbsp; Rep\u00fablica de Panam\u00e1:&nbsp;Jos\u00e9 Ra\u00fal Mulino.&nbsp;<\/strong><\/p>\n\n\n\n<p><strong>&nbsp;&nbsp;&nbsp;&nbsp;&nbsp;&nbsp;&nbsp;&nbsp;&nbsp;&nbsp;&nbsp; \u2022&nbsp;&nbsp;&nbsp;&nbsp;&nbsp;&nbsp;&nbsp;&nbsp;&nbsp;&nbsp; Rep\u00fablica Federal de Somalia:&nbsp;Hassan Sheikh Mohamud.&nbsp;<\/strong><\/p>\n\n\n\n<p><strong>\u00bfY la ONU, asumir\u00e1 su papel?<\/strong><\/p>\n\n\n\n<p>Ante el recrudecimiento de la violencia en Hait\u00ed que sigue ardiendo en manos de pandillas armadas, a la Rep\u00fablica Dominicana no le queda otra opci\u00f3n que articular propuestas unitarias de sus principales fuerzas vivas.<\/p>\n\n\n\n<p>El presidente Luis Abinader en los di\u00e1logos que ha sostenido con su hom\u00f3logo franc\u00e9s, Emmanuel Macron, en el marco de la Tercera Conferencia de las Naciones Unidas sobre el Oc\u00e9ano, efectuada en Niza, Francia, de seguro que habl\u00f3 de la crisis haitiana. Lo mismo, cuando viaje a Brasilia, capital de Brasil, donde se reunir\u00e1 con su par, Luis Ignacio Lula Da Silva.<\/p>\n\n\n\n<p>Ya es tiempo de que la ONU pase de la teor\u00eda a los hechos en la insoportable crisis haitiana, que empeora diariamente, representando una seria amenaza para la regi\u00f3n. &nbsp;&nbsp;&nbsp;&nbsp;&nbsp;&nbsp;&nbsp;<\/p>\n\n\n\n<p>Art\u00edculo de Manuel D\u00edaz Aponte&nbsp;<\/p>\n\n\n\n<p>De: Manuel Diaz <a href=\"mailto:manueldiazaponte@gmail.com\">manueldiazaponte@gmail.com<\/a><\/p>\n","protected":false},"excerpt":{"rendered":"<p>Manuel D\u00edaz Aponte A primera vista la intenci\u00f3n es v\u00e1lida y manda una se\u00f1al unificadora de la sociedad dominicana frente a la terrible crisis haitiana, cuyo agravamiento sigue aumentando, y ya es una amenaza real para la regi\u00f3n. Los dominicanos no desean nuevas regulaciones de haitianos porque ya de eso estamos cansados, y en varios [&hellip;]<\/p>\n","protected":false},"author":7,"featured_media":510907,"comment_status":"closed","ping_status":"closed","sticky":false,"template":"","format":"standard","meta":{"footnotes":""},"categories":[16],"tags":[2675],"class_list":["post-620331","post","type-post","status-publish","format-standard","has-post-thumbnail","hentry","category-opiniones","tag-manuel-diaz-aponte"],"_links":{"self":[{"href":"https:\/\/diariodominicano.com\/index.php?rest_route=\/wp\/v2\/posts\/620331","targetHints":{"allow":["GET"]}}],"collection":[{"href":"https:\/\/diariodominicano.com\/index.php?rest_route=\/wp\/v2\/posts"}],"about":[{"href":"https:\/\/diariodominicano.com\/index.php?rest_route=\/wp\/v2\/types\/post"}],"author":[{"embeddable":true,"href":"https:\/\/diariodominicano.com\/index.php?rest_route=\/wp\/v2\/users\/7"}],"replies":[{"embeddable":true,"href":"https:\/\/diariodominicano.com\/index.php?rest_route=%2Fwp%2Fv2%2Fcomments&post=620331"}],"version-history":[{"count":1,"href":"https:\/\/diariodominicano.com\/index.php?rest_route=\/wp\/v2\/posts\/620331\/revisions"}],"predecessor-version":[{"id":620337,"href":"https:\/\/diariodominicano.com\/index.php?rest_route=\/wp\/v2\/posts\/620331\/revisions\/620337"}],"wp:featuredmedia":[{"embeddable":true,"href":"https:\/\/diariodominicano.com\/index.php?rest_route=\/wp\/v2\/media\/510907"}],"wp:attachment":[{"href":"https:\/\/diariodominicano.com\/index.php?rest_route=%2Fwp%2Fv2%2Fmedia&parent=620331"}],"wp:term":[{"taxonomy":"category","embeddable":true,"href":"https:\/\/diariodominicano.com\/index.php?rest_route=%2Fwp%2Fv2%2Fcategories&post=620331"},{"taxonomy":"post_tag","embeddable":true,"href":"https:\/\/diariodominicano.com\/index.php?rest_route=%2Fwp%2Fv2%2Ftags&post=620331"}],"curies":[{"name":"wp","href":"https:\/\/api.w.org\/{rel}","templated":true}]}}