{"id":620254,"date":"2025-06-10T01:17:48","date_gmt":"2025-06-10T05:17:48","guid":{"rendered":"https:\/\/diariodominicano.com\/?p=620254"},"modified":"2025-06-10T01:18:05","modified_gmt":"2025-06-10T05:18:05","slug":"ege-haina-crea-su-segunda-reserva-de-conservacion-de-arboles-endemicos-y-nativos","status":"publish","type":"post","link":"https:\/\/diariodominicano.com\/?p=620254","title":{"rendered":"EGE Haina crea su segunda reserva de conservaci\u00f3n de \u00e1rboles end\u00e9micos y nativos"},"content":{"rendered":"\n<p>Esperanza, Valverde. \u2013 En el marco del D\u00eda Mundial del Medioambiente, la Empresa Generadora de Electricidad Haina (EGE Haina) reafirm\u00f3 su compromiso con la sostenibilidad y la protecci\u00f3n de los ecosistemas al inaugurar&nbsp;el Arboreto Esperanza, su segunda reserva natural de \u00e1rboles end\u00e9micos y nativos en peligro de extinci\u00f3n.&nbsp;La actividad fue encabezada por su voluntariado corporativo y sus familias, en el Parque Solar Esperanza, provincia Valverde.<\/p>\n\n\n\n<p>El nuevo arboreto alberga m\u00e1s 32 especies distintas, muchas de ellas clasificadas en estado de amenaza seg\u00fan la Lista Roja de la Flora Vascular de la Rep\u00fablica Dominicana, incluyendo el Cacheito de Oviedo (Pseudophoenix ekmanii) y el Olivo (Simarouba berteroana), ambas especies apadrinadas por EGE Haina a trav\u00e9s del programa Misi\u00f3n Rescate Lista Roja.<\/p>\n\n\n\n<figure class=\"wp-block-gallery has-nested-images columns-default is-cropped wp-block-gallery-1 is-layout-flex wp-block-gallery-is-layout-flex\">\n<figure class=\"wp-block-image size-large\"><img loading=\"lazy\" decoding=\"async\" width=\"717\" height=\"478\" data-id=\"620272\" src=\"https:\/\/diariodominicano.com\/wp-content\/uploads\/2025\/06\/EGE-Haina-crea-su-segunda-reserva-de-conservacion-arboles-endemicos-y-nativos.jpg\" alt=\"\" class=\"wp-image-620272\" srcset=\"https:\/\/diariodominicano.com\/wp-content\/uploads\/2025\/06\/EGE-Haina-crea-su-segunda-reserva-de-conservacion-arboles-endemicos-y-nativos.jpg 717w, https:\/\/diariodominicano.com\/wp-content\/uploads\/2025\/06\/EGE-Haina-crea-su-segunda-reserva-de-conservacion-arboles-endemicos-y-nativos-300x200.jpg 300w\" sizes=\"auto, (max-width: 717px) 100vw, 717px\" \/><\/figure>\n<\/figure>\n\n\n\n<p>Las especies seleccionadas tienen un alto valor ecol\u00f3gico, forestal, medicinal y mel\u00edfero. Adem\u00e1s de su funci\u00f3n como reservorio gen\u00e9tico, estas plantas contribuyen a brindar alimento y refugio a la fauna local, conservar el suelo y enriquecer la biodiversidad de la zona, lo que convierte al arboreto en un espacio de preservaci\u00f3n ambiental.<\/p>\n\n\n\n<p>\u201cEl dise\u00f1o del arboreto se adapta al ecosistema de bosque seco subtropical del valle del Yaque del Norte, caracterizado por condiciones semi\u00e1ridas, suelos no consolidados y relieve plano. Esta restauraci\u00f3n no solo protege especies en riesgo, sino que fortalece la resiliencia clim\u00e1tica del entorno\u201d, explic\u00f3 Eddy Rosado, gerente de Seguridad Industrial y Medioambiente de EGE Haina.<\/p>\n\n\n\n<figure class=\"wp-block-gallery has-nested-images columns-default is-cropped wp-block-gallery-2 is-layout-flex wp-block-gallery-is-layout-flex\">\n<figure class=\"wp-block-image size-large\"><img loading=\"lazy\" decoding=\"async\" width=\"717\" height=\"478\" data-id=\"620273\" src=\"https:\/\/diariodominicano.com\/wp-content\/uploads\/2025\/06\/EGE-Haina-crea-su-segunda-reserva-conservacion-de-arboles-endemicos-y-nativos.jpg\" alt=\"\" class=\"wp-image-620273\" srcset=\"https:\/\/diariodominicano.com\/wp-content\/uploads\/2025\/06\/EGE-Haina-crea-su-segunda-reserva-conservacion-de-arboles-endemicos-y-nativos.jpg 717w, https:\/\/diariodominicano.com\/wp-content\/uploads\/2025\/06\/EGE-Haina-crea-su-segunda-reserva-conservacion-de-arboles-endemicos-y-nativos-300x200.jpg 300w\" sizes=\"auto, (max-width: 717px) 100vw, 717px\" \/><\/figure>\n<\/figure>\n\n\n\n<p>Rosado tambi\u00e9n se\u00f1al\u00f3 que esta iniciativa forma parte de la estrategia ambiental de la empresa y se suma al Arboreto Girasol, inaugurado en 2022 en el Parque Solar Girasol, ubicado en la regi\u00f3n sur del pa\u00eds.<\/p>\n\n\n\n<p>Para garantizar una alta tasa de supervivencia de las especies, se utilizaron pol\u00edmeros biodegradables que mejoran la retenci\u00f3n de agua, la porosidad del suelo y la eficiencia en el uso de nutrientes. Asimismo, se implementar\u00e1 un sistema de riego por goteo, lo que permitir\u00e1 optimizar el uso de los recursos h\u00eddricos y favorecer el desarrollo de las plantas.<\/p>\n\n\n\n<p>\u201cEl Arboreto Esperanza es una expresi\u00f3n tangible de nuestro prop\u00f3sito de generar energ\u00eda sostenible para potenciar el bienestar nacional, siempre guiados por la responsabilidad ambiental y comprometidos con el fomento de ecosistemas saludables que contribuyan a un futuro sostenible\u201d, expres\u00f3 Ginny Taul\u00e9, directora de Comunicaciones y Sostenibilidad de EGE Haina.<\/p>\n\n\n\n<p><a>Con este nuevo espacio, EGE Haina alcanza cerca de 3,000 \u00e1rboles plantados de 64 especies dentro del proyecto \u201cArboreto\u201d, muchas de ellas clasificadas en peligro de extinci\u00f3n. Se estima que estos \u00e1rboles contribuir\u00e1n a la captura de m\u00e1s de 90 toneladas de CO<\/a>\u2082&nbsp;al a\u00f1o, ayudando a mitigar los efectos del cambio clim\u00e1tico y a preservar los recursos h\u00eddricos mediante la mejora del suelo y de la cobertura vegetal.<\/p>\n\n\n\n<p>El proyecto Arboreto se desarrolla en alianza con los principales actores del programa Misi\u00f3n Rescate Lista Roja, incluyendo el Ministerio de Medio Ambiente y Recursos Naturales, EcoRed, el Jard\u00edn Bot\u00e1nico Nacional Rafael Mar\u00eda Moscoso, el Jard\u00edn Bot\u00e1nico de Santiago Prof. Eugenio de Jes\u00fas Marcano, y la Cooperaci\u00f3n Alemana para el Desarrollo \u2013 GIZ.<\/p>\n\n\n\n<p>Adem\u00e1s de sembrar, EGE Haina asegura el mantenimiento y gesti\u00f3n activa de estas reservas, con personal encargado del control de maleza y cuidado de las especies, as\u00ed como acompa\u00f1amiento t\u00e9cnico continuo por parte de EcoRed y el Jard\u00edn Bot\u00e1nico Nacional. Estas reservas funcionan como rodales semilleros, promoviendo la reproducci\u00f3n natural de las especies y fomentando la biodiversidad a largo plazo.<\/p>\n\n\n\n<p>Con esta y otras acciones, EGE Haina contin\u00faa contribuyendo con el desarrollo sostenible de la Rep\u00fablica Dominicana, integrando la protecci\u00f3n del medio&nbsp;ambiente como uno de los pilares esenciales de su modelo de gesti\u00f3n.<\/p>\n\n\n\n<p>Prensa Mix Comunicaciones Mix Comunicaciones <a href=\"mailto:prensamixcomrd@gmail.com\">prensamixcomrd@gmail.com<\/a><\/p>\n","protected":false},"excerpt":{"rendered":"<p>Esperanza, Valverde. \u2013 En el marco del D\u00eda Mundial del Medioambiente, la Empresa Generadora de Electricidad Haina (EGE Haina) reafirm\u00f3 su compromiso con la sostenibilidad y la protecci\u00f3n de los ecosistemas al inaugurar&nbsp;el Arboreto Esperanza, su segunda reserva natural de \u00e1rboles end\u00e9micos y nativos en peligro de extinci\u00f3n.&nbsp;La actividad fue encabezada por su voluntariado corporativo [&hellip;]<\/p>\n","protected":false},"author":7,"featured_media":620271,"comment_status":"closed","ping_status":"closed","sticky":false,"template":"","format":"standard","meta":{"footnotes":""},"categories":[36],"tags":[1158],"class_list":["post-620254","post","type-post","status-publish","format-standard","has-post-thumbnail","hentry","category-hombresmujeresycosas","tag-ege-haina"],"_links":{"self":[{"href":"https:\/\/diariodominicano.com\/index.php?rest_route=\/wp\/v2\/posts\/620254","targetHints":{"allow":["GET"]}}],"collection":[{"href":"https:\/\/diariodominicano.com\/index.php?rest_route=\/wp\/v2\/posts"}],"about":[{"href":"https:\/\/diariodominicano.com\/index.php?rest_route=\/wp\/v2\/types\/post"}],"author":[{"embeddable":true,"href":"https:\/\/diariodominicano.com\/index.php?rest_route=\/wp\/v2\/users\/7"}],"replies":[{"embeddable":true,"href":"https:\/\/diariodominicano.com\/index.php?rest_route=%2Fwp%2Fv2%2Fcomments&post=620254"}],"version-history":[{"count":1,"href":"https:\/\/diariodominicano.com\/index.php?rest_route=\/wp\/v2\/posts\/620254\/revisions"}],"predecessor-version":[{"id":620276,"href":"https:\/\/diariodominicano.com\/index.php?rest_route=\/wp\/v2\/posts\/620254\/revisions\/620276"}],"wp:featuredmedia":[{"embeddable":true,"href":"https:\/\/diariodominicano.com\/index.php?rest_route=\/wp\/v2\/media\/620271"}],"wp:attachment":[{"href":"https:\/\/diariodominicano.com\/index.php?rest_route=%2Fwp%2Fv2%2Fmedia&parent=620254"}],"wp:term":[{"taxonomy":"category","embeddable":true,"href":"https:\/\/diariodominicano.com\/index.php?rest_route=%2Fwp%2Fv2%2Fcategories&post=620254"},{"taxonomy":"post_tag","embeddable":true,"href":"https:\/\/diariodominicano.com\/index.php?rest_route=%2Fwp%2Fv2%2Ftags&post=620254"}],"curies":[{"name":"wp","href":"https:\/\/api.w.org\/{rel}","templated":true}]}}