{"id":620251,"date":"2025-06-09T23:03:32","date_gmt":"2025-06-10T03:03:32","guid":{"rendered":"https:\/\/diariodominicano.com\/?p=620251"},"modified":"2025-06-09T23:03:34","modified_gmt":"2025-06-10T03:03:34","slug":"fedojudo-apoya-reeleccion-vizer-seleccion-va-a-mundial-budapest","status":"publish","type":"post","link":"https:\/\/diariodominicano.com\/?p=620251","title":{"rendered":"Fedojudo apoya reelecci\u00f3n Vizer; selecci\u00f3n va a Mundial Budapest"},"content":{"rendered":"\n<p><strong>SANTO DOMINGO<\/strong>. El presidente de la Federaci\u00f3n Dominicana de Judo (Fedojudo), licenciado Gilberto Garc\u00eda, ponder\u00f3 el trabajo que ha realizado a favor del judo Marius Vizer para que contin\u00fae al frente del organismo internacional.<\/p>\n\n\n\n<p>Garc\u00eda, quien parti\u00f3 este domingo hacia Budapest, Hungr\u00eda, dej\u00f3 saber su total apoyo para que Vizer sea reelegido como presidente en el Congreso Ordinario de la Federaci\u00f3n Internacional de Judo (FIJ) que se celebrar\u00e1 los d\u00edas 10 y 11 de este mes.<\/p>\n\n\n\n<p>\u201cVamos al congreso de la Federaci\u00f3n Internacional de Judo, a apoyar la reelecci\u00f3n del presidente Marius Vizer, lo cual consideramos como pa\u00eds que es una persona necesaria en estos momentos para seguir el desarrollo y la matriculaci\u00f3n del judo a nivel mundial\u201d, asegur\u00f3 Garc\u00eda.<\/p>\n\n\n\n<figure class=\"wp-block-image size-large\"><img loading=\"lazy\" decoding=\"async\" width=\"1024\" height=\"694\" src=\"https:\/\/diariodominicano.com\/wp-content\/uploads\/2025\/06\/Gilberto-Garcia-1024x694.jpg\" alt=\"\" class=\"wp-image-620261\" srcset=\"https:\/\/diariodominicano.com\/wp-content\/uploads\/2025\/06\/Gilberto-Garcia-1024x694.jpg 1024w, https:\/\/diariodominicano.com\/wp-content\/uploads\/2025\/06\/Gilberto-Garcia-300x203.jpg 300w, https:\/\/diariodominicano.com\/wp-content\/uploads\/2025\/06\/Gilberto-Garcia-768x521.jpg 768w, https:\/\/diariodominicano.com\/wp-content\/uploads\/2025\/06\/Gilberto-Garcia-816x553.jpg 816w, https:\/\/diariodominicano.com\/wp-content\/uploads\/2025\/06\/Gilberto-Garcia.jpg 1080w\" sizes=\"auto, (max-width: 1024px) 100vw, 1024px\" \/><figcaption class=\"wp-element-caption\">Gilberto Garc\u00eda <\/figcaption><\/figure>\n\n\n\n<p>El presidente de la Fedojudo dijo que Mario Vizer ha contribuido al desarrollo del judo de \u00e9lite, as\u00ed como el impulso de este deporte en el \u00e1mbito televisivo, as\u00ed como el trabajo de las comisiones que tienen que ver con la educaci\u00f3n del judo, lo que defini\u00f3 como una parte importante.<\/p>\n\n\n\n<p>Garc\u00eda dijo que, durante el congreso, tocar\u00e1 asuntos de inter\u00e9s con el presidente Vizer, quien, a su juicio, ha dado un gran apoyo al judo dominicano, y que tambi\u00e9n establecer\u00e1 acuerdos y relaciones con otros pa\u00edses para tratar de hacer intercambios con los equipos de las selecciones nacionales, y abordar el \u00e1rea de educaci\u00f3n para traer cursos de educaci\u00f3n para el pa\u00eds.<\/p>\n\n\n\n<p>\u201cEste es el escenario (el congreso) donde los diferentes presidentes de federaciones deben aprovechar para sumar el apoyo no solamente econ\u00f3mico, sino tambi\u00e9n de log\u00edstica y de crear herramientas que permitan que nuestra familia del judo pueda llegar al camino propuesto\u201d, se\u00f1al\u00f3 Garc\u00eda.<\/p>\n\n\n\n<p><strong>Selecci\u00f3n participar\u00e1 en mundial<\/strong><\/p>\n\n\n\n<p>Una delegaci\u00f3n de cuatro atletas tomar\u00e1n parte en el Mundial de Judo que se llevar\u00e1 a cabo del 13 al 19 de este mes en Budapest, Hungr\u00eda, despu\u00e9s de concluido el Congreso Ordinario de la Federaci\u00f3n Internacional de Judo.<\/p>\n\n\n\n<p>La informaci\u00f3n la dio a conocer el licenciado Gilberto Garc\u00eda, titular de la Federaci\u00f3n Dominicana de Judo (Fedojudo), quien dijo que la participaci\u00f3n de la delegaci\u00f3n quisqueyana es posible gracias al apoyo de la FIJ, entidad que facilit\u00f3 los boletos a\u00e9reos y el alojamiento.<\/p>\n\n\n\n<p>La representaci\u00f3n quisqueyana est\u00e1 integrada por Antonio Tornal, en -73 kilos; Medickson del Orbe, en -90 kilos; Robert Florentino, en -100 kilogramos, y Ana Rosa, en -57 kilos, as\u00ed como el entrenador Wander Mateo.<\/p>\n\n\n\n<p>Jesus Leonardo Reyes <a href=\"mailto:jesusleonardoreyes562@gmail.com\">jesusleonardoreyes562@gmail.com<\/a><\/p>\n","protected":false},"excerpt":{"rendered":"<p>SANTO DOMINGO. El presidente de la Federaci\u00f3n Dominicana de Judo (Fedojudo), licenciado Gilberto Garc\u00eda, ponder\u00f3 el trabajo que ha realizado a favor del judo Marius Vizer para que contin\u00fae al frente del organismo internacional. Garc\u00eda, quien parti\u00f3 este domingo hacia Budapest, Hungr\u00eda, dej\u00f3 saber su total apoyo para que Vizer sea reelegido como presidente en [&hellip;]<\/p>\n","protected":false},"author":7,"featured_media":620262,"comment_status":"closed","ping_status":"closed","sticky":false,"template":"","format":"standard","meta":{"footnotes":""},"categories":[17],"tags":[1308,277,2668],"class_list":["post-620251","post","type-post","status-publish","format-standard","has-post-thumbnail","hentry","category-deportes","tag-federacion-dominicana-de-judo-fedojudo","tag-gilberto-garcia","tag-marius-vizer"],"_links":{"self":[{"href":"https:\/\/diariodominicano.com\/index.php?rest_route=\/wp\/v2\/posts\/620251","targetHints":{"allow":["GET"]}}],"collection":[{"href":"https:\/\/diariodominicano.com\/index.php?rest_route=\/wp\/v2\/posts"}],"about":[{"href":"https:\/\/diariodominicano.com\/index.php?rest_route=\/wp\/v2\/types\/post"}],"author":[{"embeddable":true,"href":"https:\/\/diariodominicano.com\/index.php?rest_route=\/wp\/v2\/users\/7"}],"replies":[{"embeddable":true,"href":"https:\/\/diariodominicano.com\/index.php?rest_route=%2Fwp%2Fv2%2Fcomments&post=620251"}],"version-history":[{"count":1,"href":"https:\/\/diariodominicano.com\/index.php?rest_route=\/wp\/v2\/posts\/620251\/revisions"}],"predecessor-version":[{"id":620263,"href":"https:\/\/diariodominicano.com\/index.php?rest_route=\/wp\/v2\/posts\/620251\/revisions\/620263"}],"wp:featuredmedia":[{"embeddable":true,"href":"https:\/\/diariodominicano.com\/index.php?rest_route=\/wp\/v2\/media\/620262"}],"wp:attachment":[{"href":"https:\/\/diariodominicano.com\/index.php?rest_route=%2Fwp%2Fv2%2Fmedia&parent=620251"}],"wp:term":[{"taxonomy":"category","embeddable":true,"href":"https:\/\/diariodominicano.com\/index.php?rest_route=%2Fwp%2Fv2%2Fcategories&post=620251"},{"taxonomy":"post_tag","embeddable":true,"href":"https:\/\/diariodominicano.com\/index.php?rest_route=%2Fwp%2Fv2%2Ftags&post=620251"}],"curies":[{"name":"wp","href":"https:\/\/api.w.org\/{rel}","templated":true}]}}