{"id":620194,"date":"2025-06-09T14:17:15","date_gmt":"2025-06-09T18:17:15","guid":{"rendered":"https:\/\/diariodominicano.com\/?p=620194"},"modified":"2025-06-09T21:58:31","modified_gmt":"2025-06-10T01:58:31","slug":"tres-meses-de-prision-preventiva-contra-hombre-que-causo-incendio-en-el-parque-nacional-valle-nuevo","status":"publish","type":"post","link":"https:\/\/diariodominicano.com\/?p=620194","title":{"rendered":"Tres meses de prisi\u00f3n preventiva contra hombre que caus\u00f3 incendio en el Parque Nacional Valle Nuevo"},"content":{"rendered":"\n<p><strong><em>La Proedemaren explic\u00f3 que el procesado, Yeferson Antonio Ure\u00f1a, afect\u00f3 al menos 537 tareas<\/em><\/strong><\/p>\n\n\n\n<p><strong>SANTO DOMINGO (Rep\u00fablica Dominicana).- Atendiendo a la solicitud del Ministerio P\u00fablico, una jueza impuso tres meses de prisi\u00f3n preventiva, como medida de coerci\u00f3n, a un hombre imputado por causar un incendio forestal en el Parque Nacional Valle Nuevo.<\/strong><\/p>\n\n\n\n<p><strong>El fiscal Jos\u00e9 Luis Farias Mosquea, coordinador de la Procuradur\u00eda para la Protecci\u00f3n del Medio Ambiente y los Recursos Naturales (Proedemaren) en Constanza, mostr\u00f3 a la jueza Yanet Bernabel Mart\u00ednez, de la Oficina Judicial de Servicios de Atenci\u00f3n Permanente,&nbsp; los riesgos de fuga existentes de no imponer la prisi\u00f3n preventiva, como medida de coerci\u00f3n, a Yeferson Antonio Ure\u00f1a por los da\u00f1os causados con el siniestro que provoc\u00f3 en esta \u00e1rea protegida por la Ley 202-04 (sectorial de \u00c1reas Protegidas).<\/strong><\/p>\n\n\n\n<p><strong>El pasado mi\u00e9rcoles 4 del presente mes, Ure\u00f1a fue arrestado en flagrante delito despu\u00e9s de haber provocado un incendio forestal dentro del Parque Nacional Valle Nuevo, el cual afect\u00f3 algo m\u00e1s de 537 tareas, destruyendo diferentes especies a su paso.<\/strong><\/p>\n\n\n\n<p><strong>Para poder sofocar el siniestro, intervinieron unos 40 bomberos forestales de las brigadas contra incendios del Ministerio de Medio Ambiente.<\/strong><\/p>\n\n\n\n<p><strong>A las acciones cometidas por el Ure\u00f1a en la zona del parque, la Proedemaren le ha otorgado la calificaci\u00f3n jur\u00eddica provisional de violaci\u00f3n a Ley General de Medio Ambiente y Recursos Naturales (64-00), a la Ley Sectorial Forestal (57-2018) y a la Ley Sectorial de \u00c1reas Protegidas (202-04).<\/strong><\/p>\n\n\n\n<p><strong>Direcci\u00f3n General de Comunicaci\u00f3n, Prensa, y RRPP<\/strong><\/p>\n\n\n\n<p><strong>Ministerio P\u00fablico. R.D.<\/strong><\/p>\n\n\n\n<p><strong>Comunicaci\u00f3n <\/strong><strong>PGR &lt;<\/strong><a href=\"mailto:comunicaciones@pgr.gob.do\"><strong>comunicaciones@pgr.gob.do<\/strong><\/a><strong>&gt;&nbsp;<\/strong><\/p>\n","protected":false},"excerpt":{"rendered":"<p>La Proedemaren explic\u00f3 que el procesado, Yeferson Antonio Ure\u00f1a, afect\u00f3 al menos 537 tareas SANTO DOMINGO (Rep\u00fablica Dominicana).- Atendiendo a la solicitud del Ministerio P\u00fablico, una jueza impuso tres meses de prisi\u00f3n preventiva, como medida de coerci\u00f3n, a un hombre imputado por causar un incendio forestal en el Parque Nacional Valle Nuevo. El fiscal Jos\u00e9 [&hellip;]<\/p>\n","protected":false},"author":7,"featured_media":495896,"comment_status":"closed","ping_status":"closed","sticky":false,"template":"","format":"standard","meta":{"footnotes":""},"categories":[24],"tags":[171],"class_list":["post-620194","post","type-post","status-publish","format-standard","has-post-thumbnail","hentry","category-justicia-y-derecho","tag-ministerio-publico"],"_links":{"self":[{"href":"https:\/\/diariodominicano.com\/index.php?rest_route=\/wp\/v2\/posts\/620194","targetHints":{"allow":["GET"]}}],"collection":[{"href":"https:\/\/diariodominicano.com\/index.php?rest_route=\/wp\/v2\/posts"}],"about":[{"href":"https:\/\/diariodominicano.com\/index.php?rest_route=\/wp\/v2\/types\/post"}],"author":[{"embeddable":true,"href":"https:\/\/diariodominicano.com\/index.php?rest_route=\/wp\/v2\/users\/7"}],"replies":[{"embeddable":true,"href":"https:\/\/diariodominicano.com\/index.php?rest_route=%2Fwp%2Fv2%2Fcomments&post=620194"}],"version-history":[{"count":1,"href":"https:\/\/diariodominicano.com\/index.php?rest_route=\/wp\/v2\/posts\/620194\/revisions"}],"predecessor-version":[{"id":620205,"href":"https:\/\/diariodominicano.com\/index.php?rest_route=\/wp\/v2\/posts\/620194\/revisions\/620205"}],"wp:featuredmedia":[{"embeddable":true,"href":"https:\/\/diariodominicano.com\/index.php?rest_route=\/wp\/v2\/media\/495896"}],"wp:attachment":[{"href":"https:\/\/diariodominicano.com\/index.php?rest_route=%2Fwp%2Fv2%2Fmedia&parent=620194"}],"wp:term":[{"taxonomy":"category","embeddable":true,"href":"https:\/\/diariodominicano.com\/index.php?rest_route=%2Fwp%2Fv2%2Fcategories&post=620194"},{"taxonomy":"post_tag","embeddable":true,"href":"https:\/\/diariodominicano.com\/index.php?rest_route=%2Fwp%2Fv2%2Ftags&post=620194"}],"curies":[{"name":"wp","href":"https:\/\/api.w.org\/{rel}","templated":true}]}}