{"id":619746,"date":"2025-06-07T03:39:11","date_gmt":"2025-06-07T07:39:11","guid":{"rendered":"https:\/\/diariodominicano.com\/?p=619746"},"modified":"2025-06-07T03:39:13","modified_gmt":"2025-06-07T07:39:13","slug":"espana-autoriza-extradicion-de-joel-ambiorix-pimentel-la-jota-a-republica-dominicana","status":"publish","type":"post","link":"https:\/\/diariodominicano.com\/?p=619746","title":{"rendered":"Espa\u00f1a autoriza extradici\u00f3n de Joel Ambiorix Pimentel (la Jota) a Rep\u00fablica Dominicana"},"content":{"rendered":"\n<p><strong>SANTO DOMINGO (Rep\u00fablica Dominicana).-&nbsp;<\/strong>Al acoger una petici\u00f3n de las autoridades de Rep\u00fablica Dominicana, Espa\u00f1a concedi\u00f3 la extradici\u00f3n de Joel Ambiorix Pimentel Garc\u00eda, conocido como la Jota, quien tiene pendiente ser procesado en el pa\u00eds por dos asesinatos&nbsp; y otros hechos criminales.<\/p>\n\n\n\n<p>Aunque Pimentel Garc\u00eda se dio a la fuga luego de que le fuera variada la prisi\u00f3n provisional mientras se conoc\u00eda la extradici\u00f3n solicitada por Rep\u00fablica Dominicana, el Consejo de Ministros de Espa\u00f1a decidi\u00f3&nbsp; continuar en v\u00eda judicial con el proceso, al considerar que tiene m\u00e9ritos suficientes para su validaci\u00f3n al cumplir con los requisitos legales correspondientes. El Ministerio P\u00fablico agradeci\u00f3 la disposici\u00f3n de las autoridades espa\u00f1olas a continuar colaborando en la lucha contra la criminalidad.<\/p>\n\n\n\n<p>La extradici\u00f3n fue concedida por la Secci\u00f3n Cuarta de la Sala de lo Penal de la Audiencia Nacional para que Pimentel Garc\u00eda responda en los tribunales dominicanos por su vinculaci\u00f3n con la muerte de Alejandro Vidal y Gregorio Matos Carrasco mientras ambos cumpl\u00edan prisi\u00f3n en el Centro de Correcci\u00f3n y Rehabilitaci\u00f3n (CCR) El Pinito, de La Vega.<\/p>\n\n\n\n<p>La Direcci\u00f3n de Cooperaci\u00f3n Jur\u00eddica Internacional y Derechos Humanos, que encabeza el procurador adjunto Osvaldo Bonilla, realiz\u00f3, conjuntamente con la Fiscal\u00eda del Distrito Judicial de La Vega, la solicitud en virtud del Tratado Bilateral de Extradici\u00f3n y Asistencia Judicial en Materia Penal vinculante entre Rep\u00fablica Dominicana y el Reino de Espa\u00f1a. El Ministerio P\u00fablico identifica al extraditable como el principal sospechoso de los&nbsp; asesinatos y de actividades del crimen organizado.<\/p>\n\n\n\n<p>Con relaci\u00f3n al caso de Alejandro Vidal, el expediente se\u00f1ala que el&nbsp; d\u00eda 15 de enero de 2024, mientras el privado de libertad se encontraba en el CCR El Pinito, fue envenenado con una sustancia l\u00edquida que le fue&nbsp; suministrada en un jugo verde por el interno Jos\u00e9 Francisco Hiciano Moya, en complicidad con el supervisor del centro penitenciario Delvis Johnson Minaya Rodr\u00edguez o Delvis Jhonson Minalla Rodr\u00edguez, estos dos \u00faltimos tambi\u00e9n procesados por su vinculaci\u00f3n al asesinato.<\/p>\n\n\n\n<p>En tanto que, sobre Matos Carrasco, indica que su deceso se produjo por asfixia por estrangulamiento el 8 de febrero de 2024 mientras se encontraba en el mismo recinto penitenciario.<\/p>\n\n\n\n<p>En el transcurso de las investigaciones el Ministerio P\u00fablico ha obtenido pruebas suficientes testimoniales, periciales y documentales que vinculan con los asesinatos a Pimentel Garc\u00eda contra el cual est\u00e1 vigente y ejecutable una orden de arresto emitida por la Oficina Judicial de Servicios de Atenci\u00f3n Permanente del Distrito Judicial de La Vega, en fecha 29 de febrero de 2024.<\/p>\n\n\n\n<p><strong>Direcci\u00f3n General de Comunicaci\u00f3n, Prensa y RRPP&nbsp;<\/strong><\/p>\n\n\n\n<p><strong>Ministerio P\u00fablico RD<\/strong><\/p>\n\n\n\n<p>De: Comunicaciones PGR <a href=\"mailto:comunicaciones@pgr.gob.do\">comunicaciones@pgr.gob.do<\/a><\/p>\n","protected":false},"excerpt":{"rendered":"<p>SANTO DOMINGO (Rep\u00fablica Dominicana).-&nbsp;Al acoger una petici\u00f3n de las autoridades de Rep\u00fablica Dominicana, Espa\u00f1a concedi\u00f3 la extradici\u00f3n de Joel Ambiorix Pimentel Garc\u00eda, conocido como la Jota, quien tiene pendiente ser procesado en el pa\u00eds por dos asesinatos&nbsp; y otros hechos criminales. Aunque Pimentel Garc\u00eda se dio a la fuga luego de que le fuera variada [&hellip;]<\/p>\n","protected":false},"author":7,"featured_media":0,"comment_status":"closed","ping_status":"closed","sticky":false,"template":"","format":"standard","meta":{"footnotes":""},"categories":[24],"tags":[171],"class_list":["post-619746","post","type-post","status-publish","format-standard","hentry","category-justicia-y-derecho","tag-ministerio-publico"],"_links":{"self":[{"href":"https:\/\/diariodominicano.com\/index.php?rest_route=\/wp\/v2\/posts\/619746","targetHints":{"allow":["GET"]}}],"collection":[{"href":"https:\/\/diariodominicano.com\/index.php?rest_route=\/wp\/v2\/posts"}],"about":[{"href":"https:\/\/diariodominicano.com\/index.php?rest_route=\/wp\/v2\/types\/post"}],"author":[{"embeddable":true,"href":"https:\/\/diariodominicano.com\/index.php?rest_route=\/wp\/v2\/users\/7"}],"replies":[{"embeddable":true,"href":"https:\/\/diariodominicano.com\/index.php?rest_route=%2Fwp%2Fv2%2Fcomments&post=619746"}],"version-history":[{"count":1,"href":"https:\/\/diariodominicano.com\/index.php?rest_route=\/wp\/v2\/posts\/619746\/revisions"}],"predecessor-version":[{"id":619750,"href":"https:\/\/diariodominicano.com\/index.php?rest_route=\/wp\/v2\/posts\/619746\/revisions\/619750"}],"wp:attachment":[{"href":"https:\/\/diariodominicano.com\/index.php?rest_route=%2Fwp%2Fv2%2Fmedia&parent=619746"}],"wp:term":[{"taxonomy":"category","embeddable":true,"href":"https:\/\/diariodominicano.com\/index.php?rest_route=%2Fwp%2Fv2%2Fcategories&post=619746"},{"taxonomy":"post_tag","embeddable":true,"href":"https:\/\/diariodominicano.com\/index.php?rest_route=%2Fwp%2Fv2%2Ftags&post=619746"}],"curies":[{"name":"wp","href":"https:\/\/api.w.org\/{rel}","templated":true}]}}