{"id":619627,"date":"2025-06-07T01:02:43","date_gmt":"2025-06-07T05:02:43","guid":{"rendered":"https:\/\/diariodominicano.com\/?p=619627"},"modified":"2025-06-07T01:02:46","modified_gmt":"2025-06-07T05:02:46","slug":"comision-bicameral-avanza-en-el-conocimiento-de-varios-articulos-del-proyecto-ley-de-codigo-penal","status":"publish","type":"post","link":"https:\/\/diariodominicano.com\/?p=619627","title":{"rendered":"Comisi\u00f3n Bicameral avanza en el conocimiento de varios art\u00edculos del proyecto Ley de C\u00f3digo Penal"},"content":{"rendered":"\n<p>SANTO DOMINGO. \u2013 la Comisi\u00f3n Bicameral designada para estudiar el proyecto de Ley de C\u00f3digo Penal de la Rep\u00fablica Dominicana, que encabeza el senador de El Seibo, Santiago Zorrilla, en su reuni\u00f3n de este jueves, retom\u00f3 la lectura en el articulado 42 de la matriz comparativa, y dej\u00f3 en diferido, para una reflexi\u00f3n m\u00e1s profunda, del 51 al 53, cuyos cap\u00edtulos contemplan sobre las penas.<\/p>\n\n\n\n<p>La reuni\u00f3n estuvo encabezada por el vicepresidente de la Comisi\u00f3n Bicameral, el diputado Wandy Modesto Batista, quien reiter\u00f3 que, a pesar de que el proyecto de C\u00f3digo Penal ha sido ampliamente debatido, los legisladores deben asumir el reglamento interno que los obliga a dar lectura a cada propuesta, en este caso, condensada en la matriz objeto de estudio.<\/p>\n\n\n\n<p>Los trabajos se llevaron a cabo en el Sal\u00f3n Polivalente Reinando Pared P\u00e9rez del cuarto piso de la C\u00e1mara Alta, en la que estuvieron los senadores Crist\u00f3bal Venerado (Hato Mayor), y Aracelis Villanueva (San Pedro de Macor\u00eds).<\/p>\n\n\n\n<p>Mientras que, adem\u00e1s de Wandy Modesto, participaron por la C\u00e1mara de Diputados, Braulio de Jes\u00fas Espinal, Carlos P\u00e9rez Juan, Carmen Lidia Williams, Carolin Mercedes de la Cruz, Charles Noel Mariotti Paz, Dellys Dumidia Feliz, Dorina Yajaira Rodr\u00edguez, Eugenio Cede\u00f1o Arech\u00e9, Jorge Leonardo Tav\u00e1rez, Jos\u00e9 Miguel Ferreiras, Kenia Felicia Bid\u00f3, M\u00e9lido Mercedes Castillo, y Shoraya Suarez Ariza.<\/p>\n\n\n\n<p>Por: Graciela Acevedo<\/p>\n\n\n\n<p>Senador<\/p>\n","protected":false},"excerpt":{"rendered":"<p>SANTO DOMINGO. \u2013 la Comisi\u00f3n Bicameral designada para estudiar el proyecto de Ley de C\u00f3digo Penal de la Rep\u00fablica Dominicana, que encabeza el senador de El Seibo, Santiago Zorrilla, en su reuni\u00f3n de este jueves, retom\u00f3 la lectura en el articulado 42 de la matriz comparativa, y dej\u00f3 en diferido, para una reflexi\u00f3n m\u00e1s profunda, [&hellip;]<\/p>\n","protected":false},"author":7,"featured_media":619652,"comment_status":"closed","ping_status":"closed","sticky":false,"template":"","format":"standard","meta":{"footnotes":""},"categories":[24],"tags":[2359],"class_list":["post-619627","post","type-post","status-publish","format-standard","has-post-thumbnail","hentry","category-justicia-y-derecho","tag-senado"],"_links":{"self":[{"href":"https:\/\/diariodominicano.com\/index.php?rest_route=\/wp\/v2\/posts\/619627","targetHints":{"allow":["GET"]}}],"collection":[{"href":"https:\/\/diariodominicano.com\/index.php?rest_route=\/wp\/v2\/posts"}],"about":[{"href":"https:\/\/diariodominicano.com\/index.php?rest_route=\/wp\/v2\/types\/post"}],"author":[{"embeddable":true,"href":"https:\/\/diariodominicano.com\/index.php?rest_route=\/wp\/v2\/users\/7"}],"replies":[{"embeddable":true,"href":"https:\/\/diariodominicano.com\/index.php?rest_route=%2Fwp%2Fv2%2Fcomments&post=619627"}],"version-history":[{"count":1,"href":"https:\/\/diariodominicano.com\/index.php?rest_route=\/wp\/v2\/posts\/619627\/revisions"}],"predecessor-version":[{"id":619666,"href":"https:\/\/diariodominicano.com\/index.php?rest_route=\/wp\/v2\/posts\/619627\/revisions\/619666"}],"wp:featuredmedia":[{"embeddable":true,"href":"https:\/\/diariodominicano.com\/index.php?rest_route=\/wp\/v2\/media\/619652"}],"wp:attachment":[{"href":"https:\/\/diariodominicano.com\/index.php?rest_route=%2Fwp%2Fv2%2Fmedia&parent=619627"}],"wp:term":[{"taxonomy":"category","embeddable":true,"href":"https:\/\/diariodominicano.com\/index.php?rest_route=%2Fwp%2Fv2%2Fcategories&post=619627"},{"taxonomy":"post_tag","embeddable":true,"href":"https:\/\/diariodominicano.com\/index.php?rest_route=%2Fwp%2Fv2%2Ftags&post=619627"}],"curies":[{"name":"wp","href":"https:\/\/api.w.org\/{rel}","templated":true}]}}