{"id":619378,"date":"2025-06-05T15:02:45","date_gmt":"2025-06-05T19:02:45","guid":{"rendered":"https:\/\/diariodominicano.com\/?p=619378"},"modified":"2025-06-05T15:02:56","modified_gmt":"2025-06-05T19:02:56","slug":"senado-aprueba-en-primera-lectura-ley-que-crea-el-ministerio-de-justicia","status":"publish","type":"post","link":"https:\/\/diariodominicano.com\/?p=619378","title":{"rendered":"Senado aprueba en primera lectura ley que crea el Ministerio de Justicia"},"content":{"rendered":"\n<p>Santo Domingo. &#8211; El Senado de la Rep\u00fablica aprob\u00f3 en primera lectura el proyecto de ley para el reforzamiento del sistema de justicia y que crea el Ministerio de Justicia.<br>La normativa tiene la finalidad de fortalecer el sistema de justicia y, a la vez, crear y organizar la estructura y funciones del Ministerio de Justicia, estableciendo un marco normativo moderno que permita reordenar las competencias estatales en materia de justicia, mediante la creaci\u00f3n de este ministerio como \u00f3rgano del Poder Ejecutivo.<br>Esta pieza legislativa es de la autor\u00eda de los senadores Crist\u00f3bal Castillo (Hato Mayor), y F\u00e9lix Bautista (San Juan).<br>El Pleno Senatorial aprob\u00f3 de manera un\u00e1nime, en \u00fanica lectura, la resoluci\u00f3n que reconoce a Vicente S\u00e1nchez Baret por sus aportes al progreso de la provincia S\u00e1nchez Ram\u00edrez, su destacada participaci\u00f3n en la consolidaci\u00f3n democr\u00e1tica de la Rep\u00fablica Dominicana y su desempe\u00f1o en la administraci\u00f3n p\u00fablica.<br>Esta iniciativa tiene el objetivo de ponderar los aportes de S\u00e1nchez Baret y su trayectoria de m\u00e1s de 50 a\u00f1os, lo cual constituye un referente de integridad y compromiso c\u00edvico en la Rep\u00fablica Dominicana, dejando un legado de servicio p\u00fablico ejemplar y contribuciones significativas al fortalecimiento institucional del pa\u00eds, que lo erigen como un modelo a seguir para las presentes y futuras generaciones.<br>Esta pieza fue propuesta por el presidente del Senado, Ricardo de los Santos, y los senadores Mar\u00eda Mercedes Ortiz Dilon\u00e9, Ram\u00f3n Rogelio Genao Dur\u00e1n, Crist\u00f3bal Venerado Antonio Castillo Liriano, Julito Fulcar Encarnaci\u00f3n, Santiago Jos\u00e9 Zorrilla, y Ginnette Bournigal de Jim\u00e9nez.<br>Los senadores aprobaron, ademas, en \u00fanica lectura, la resoluci\u00f3n que solicita al presidente Luis Abinader, instruir al presidente de la Comisi\u00f3n para el Desarrollo Provincial la construcci\u00f3n de una cancha en el sector Barrio Lindo, provincia Hato Mayor, presentada por el senador Crist\u00f3bal Venerado Castillo.<br>Tambi\u00e9n, fue sancionada la resoluci\u00f3n que reconoce a Farida Din\u00e1 por su trayectoria y aportes en favor del desarrollo de la educaci\u00f3n musical en la Rep\u00fablica Dominicana, propuesta por la senadora Mar\u00eda Mercedes Ortiz.<br>De igual modo, fue sancionada la resoluci\u00f3n que solicita al doctor Mario Lama, director del Servicio Nacional de Salud convertir al antiguo Hospital del Seguro Social en un Hospital Materno-Infantil en el municipio de Bonao provincia Monse\u00f1or Nouel, iniciativa presentada por el senador H\u00e9ctor Acosta.<br>En los trabajos de este jueves tambi\u00e9n se aprob\u00f3 la iniciativa que solicita al presidente Luis Abinader, disponer la realizaci\u00f3n de los estudios t\u00e9cnicos correspondientes para la intervenci\u00f3n y saneamiento de la ca\u00f1ada que atraviesa el tramo de las comunidades las Flores y Calac, pasando por \u201cSal s\u00ed puedes\u201d hasta el \u201cTren de Juan Lopito\u201d, en el municipio de Moca, provincia Espaillat, propuesta del senador Carlos G\u00f3mez.<br>Los legisladores, conocieron adem\u00e1s la resoluci\u00f3n que otorga un pergamino de reconocimiento a Santiago Acevedo Garc\u00eda \u201cPito Acevedo\u201d, por sus aportes a la Locuci\u00f3n Dominicana, propuesta del senador H\u00e9ctor Acosta; as\u00ed como la resoluci\u00f3n que solicita al presidente Luis Abinader, instruir al ministro de Medio Ambiente y Recursos Naturales, Pa\u00edno Henr\u00edquez para que disponga la instalaci\u00f3n de oficinas de Medio Ambiente en los municipios de Hondo Valle, Juan Santiago y Pedro Santana en la provincia El\u00edas pi\u00f1a, a solicitud del senador Jonhson Encarnaci\u00f3n.<br>En \u00fanica lectura, el Senado ratific\u00f3 el nombramiento diplom\u00e1tico de Joan Margarita Cedano Garc\u00eda de Madera, como embajadora extraordinaria y plenipotenciaria, jefa de la misi\u00f3n de la Rep\u00fablica Dominicana ante la Uni\u00f3n Europea, procedente del Poder Ejecutivo.<br>Tambi\u00e9n se aprob\u00f3 la resoluci\u00f3n que reconoce de manera \u2026<\/p>\n","protected":false},"excerpt":{"rendered":"<p>Santo Domingo. &#8211; El Senado de la Rep\u00fablica aprob\u00f3 en primera lectura el proyecto de ley para el reforzamiento del sistema de justicia y que crea el Ministerio de Justicia.La normativa tiene la finalidad de fortalecer el sistema de justicia y, a la vez, crear y organizar la estructura y funciones del Ministerio de Justicia, [&hellip;]<\/p>\n","protected":false},"author":7,"featured_media":619401,"comment_status":"closed","ping_status":"closed","sticky":false,"template":"","format":"standard","meta":{"footnotes":""},"categories":[20,24,27],"tags":[171,2359],"class_list":["post-619378","post","type-post","status-publish","format-standard","has-post-thumbnail","hentry","category-dominicana-hoy","category-justicia-y-derecho","category-portada","tag-ministerio-publico","tag-senado"],"_links":{"self":[{"href":"https:\/\/diariodominicano.com\/index.php?rest_route=\/wp\/v2\/posts\/619378","targetHints":{"allow":["GET"]}}],"collection":[{"href":"https:\/\/diariodominicano.com\/index.php?rest_route=\/wp\/v2\/posts"}],"about":[{"href":"https:\/\/diariodominicano.com\/index.php?rest_route=\/wp\/v2\/types\/post"}],"author":[{"embeddable":true,"href":"https:\/\/diariodominicano.com\/index.php?rest_route=\/wp\/v2\/users\/7"}],"replies":[{"embeddable":true,"href":"https:\/\/diariodominicano.com\/index.php?rest_route=%2Fwp%2Fv2%2Fcomments&post=619378"}],"version-history":[{"count":1,"href":"https:\/\/diariodominicano.com\/index.php?rest_route=\/wp\/v2\/posts\/619378\/revisions"}],"predecessor-version":[{"id":619402,"href":"https:\/\/diariodominicano.com\/index.php?rest_route=\/wp\/v2\/posts\/619378\/revisions\/619402"}],"wp:featuredmedia":[{"embeddable":true,"href":"https:\/\/diariodominicano.com\/index.php?rest_route=\/wp\/v2\/media\/619401"}],"wp:attachment":[{"href":"https:\/\/diariodominicano.com\/index.php?rest_route=%2Fwp%2Fv2%2Fmedia&parent=619378"}],"wp:term":[{"taxonomy":"category","embeddable":true,"href":"https:\/\/diariodominicano.com\/index.php?rest_route=%2Fwp%2Fv2%2Fcategories&post=619378"},{"taxonomy":"post_tag","embeddable":true,"href":"https:\/\/diariodominicano.com\/index.php?rest_route=%2Fwp%2Fv2%2Ftags&post=619378"}],"curies":[{"name":"wp","href":"https:\/\/api.w.org\/{rel}","templated":true}]}}