{"id":619187,"date":"2025-06-04T14:31:44","date_gmt":"2025-06-04T18:31:44","guid":{"rendered":"https:\/\/diariodominicano.com\/?p=619187"},"modified":"2025-06-04T14:31:47","modified_gmt":"2025-06-04T18:31:47","slug":"comision-especial-que-estudia-proyecto-de-ley-sobre-libertad-de-expresion-escucho-a-representantes-de-participacion-ciudadana","status":"publish","type":"post","link":"https:\/\/diariodominicano.com\/?p=619187","title":{"rendered":"Comisi\u00f3n Especial que estudia proyecto de ley sobre libertad de expresi\u00f3n escuch\u00f3 a representantes de Participaci\u00f3n Ciudadana"},"content":{"rendered":"\n<p>Santo Domingo.- La Comisi\u00f3n Especial que tiene a su cargo analizar y estudiar el Proyecto de Ley Org\u00e1nica de Libertad de Expresi\u00f3n y Medios Audiovisuales, recibi\u00f3 este mi\u00e9rcoles a representantes de Participaci\u00f3n Ciudadana, quienes afirmaron est\u00e1r de acuerdo con la creaci\u00f3n de esta ley, sin embargo, expusieron su preocupaci\u00f3n en los mandatos de algunos art\u00edculos que contiene la iniciativa remitida por el Poder Ejecutivo.<\/p>\n\n\n\n<p>La coordinadora de Participaci\u00f3n Ciudadana, Leydi Blanco, y Francisco \u00c1lvarez, tambi\u00e9n sugirieron al Pleno de la Comisi\u00f3n Senatorial realizar vistas p\u00fablicas, para que esta ley sea debidamente debatida por los actores.<\/p>\n\n\n\n<figure class=\"wp-block-image\"><img decoding=\"async\" src=\"https:\/\/diariodominicano.com\/wp-content\/uploads\/2025\/06\/Miledys-Villanueva-1024x682.jpg\" alt=\"\"\/><\/figure>\n\n\n\n<p>La presidenta de la Comisi\u00f3n Especial, Aracelis Villanueva, inform\u00f3 que el Congreso Nacional est\u00e1 abierto a escuchar todas sugerencias y que continuar\u00e1 estudiando esta iniciativa legislativa art\u00edculo por art\u00edculo porque no es del inter\u00e9s de los senadores \u201csalcochar\u201d el proyecto que busca regular la libertad de expresi\u00f3n en la Rep\u00fablica Dominicana.<\/p>\n\n\n\n<p>\u201cNosotros invitamos a los miembros de Participaci\u00f3n Ciudadana a nuestro trabajo de comisi\u00f3n porque, como hab\u00edamos prometido, estos trabajos lo estamos haciendo con la participaci\u00f3n del pueblo y todo el que desee ser escuchado\u201d, explic\u00f3.<\/p>\n\n\n\n<p>IMG 20250604 WA0041<\/p>\n\n\n\n<p>La senadora adelant\u00f3, que el movimiento c\u00edvico insisti\u00f3 en el tema de la conformaci\u00f3n del INACOM, ya que calificaron como un riesgo el tiempo en que sus miembros permanecer\u00e1n en el cargo, sugiriendo que el mismo sea de cuatro a\u00f1os en vez de dos, porque le permite mayor nivel de independencia.<\/p>\n\n\n\n<p>Villanueva, senadora por la provincia San Pedro de Macor\u00eds, record\u00f3 que este es el tercer encuentro de varios, y que, en la actualidad, de los 75 art\u00edculos que conforman esta ley, han sido analizados hasta el cap\u00edtulo 11.<\/p>\n\n\n\n<p>Los representantes de Participaci\u00f3n Ciudadana, quienes adem\u00e1s de ser invitados a los trabajos congresuales forman parte de la comisi\u00f3n que formul\u00f3 el proyecto de ley, aclararon que est\u00e1n de acuerdo con que esta legislaci\u00f3n viene a fortalecer la libertad de expresi\u00f3n, considerando como un derecho fundamental para la Rep\u00fablica Dominicana y para un Estado Social y Democr\u00e1tico de Derecho.<\/p>\n\n\n\n<p>No obstante, expresaron su inquietud con relaci\u00f3n al abordaje de algunos temas, \u201chay aspectos que s\u00ed nos generan preocupaci\u00f3n, que entendemos es importante que sean revisados ahora por el Senado y luego por la C\u00e1mara de Diputados\u201d, precis\u00f3 Leidy Blanco, coordinadora de Participaci\u00f3n Ciudadana.<\/p>\n\n\n\n<p>Blanco calific\u00f3 como un gran desaf\u00edo en materia de corrupci\u00f3n el art\u00edculo 59 que dispone que, en ocasi\u00f3n de un proceso judicial, el juez puede ordenar que se suprima del proceso los datos que resulten difamatorios o injuriosos.<br>Tambi\u00e9n se refiri\u00f3 al art\u00edculo 23 de la referida pieza, que establece la posibilidad de indexaci\u00f3n, es decir, \u201crequerir el borrado de informaci\u00f3n cuando el solicitante pruebe un da\u00f1o cierto sustantivo en su vida privada\u201d, entre otros aspectos de importancia.<\/p>\n\n\n\n<p>Por: Adalgisa S\u00e1nchez<\/p>\n","protected":false},"excerpt":{"rendered":"<p>Santo Domingo.- La Comisi\u00f3n Especial que tiene a su cargo analizar y estudiar el Proyecto de Ley Org\u00e1nica de Libertad de Expresi\u00f3n y Medios Audiovisuales, recibi\u00f3 este mi\u00e9rcoles a representantes de Participaci\u00f3n Ciudadana, quienes afirmaron est\u00e1r de acuerdo con la creaci\u00f3n de esta ley, sin embargo, expusieron su preocupaci\u00f3n en los mandatos de algunos art\u00edculos [&hellip;]<\/p>\n","protected":false},"author":7,"featured_media":619191,"comment_status":"closed","ping_status":"closed","sticky":false,"template":"","format":"standard","meta":{"footnotes":""},"categories":[36],"tags":[2359],"class_list":["post-619187","post","type-post","status-publish","format-standard","has-post-thumbnail","hentry","category-hombresmujeresycosas","tag-senado"],"_links":{"self":[{"href":"https:\/\/diariodominicano.com\/index.php?rest_route=\/wp\/v2\/posts\/619187","targetHints":{"allow":["GET"]}}],"collection":[{"href":"https:\/\/diariodominicano.com\/index.php?rest_route=\/wp\/v2\/posts"}],"about":[{"href":"https:\/\/diariodominicano.com\/index.php?rest_route=\/wp\/v2\/types\/post"}],"author":[{"embeddable":true,"href":"https:\/\/diariodominicano.com\/index.php?rest_route=\/wp\/v2\/users\/7"}],"replies":[{"embeddable":true,"href":"https:\/\/diariodominicano.com\/index.php?rest_route=%2Fwp%2Fv2%2Fcomments&post=619187"}],"version-history":[{"count":1,"href":"https:\/\/diariodominicano.com\/index.php?rest_route=\/wp\/v2\/posts\/619187\/revisions"}],"predecessor-version":[{"id":619193,"href":"https:\/\/diariodominicano.com\/index.php?rest_route=\/wp\/v2\/posts\/619187\/revisions\/619193"}],"wp:featuredmedia":[{"embeddable":true,"href":"https:\/\/diariodominicano.com\/index.php?rest_route=\/wp\/v2\/media\/619191"}],"wp:attachment":[{"href":"https:\/\/diariodominicano.com\/index.php?rest_route=%2Fwp%2Fv2%2Fmedia&parent=619187"}],"wp:term":[{"taxonomy":"category","embeddable":true,"href":"https:\/\/diariodominicano.com\/index.php?rest_route=%2Fwp%2Fv2%2Fcategories&post=619187"},{"taxonomy":"post_tag","embeddable":true,"href":"https:\/\/diariodominicano.com\/index.php?rest_route=%2Fwp%2Fv2%2Ftags&post=619187"}],"curies":[{"name":"wp","href":"https:\/\/api.w.org\/{rel}","templated":true}]}}