{"id":618973,"date":"2025-06-03T11:24:07","date_gmt":"2025-06-03T15:24:07","guid":{"rendered":"https:\/\/diariodominicano.com\/?p=618973"},"modified":"2025-06-03T11:24:08","modified_gmt":"2025-06-03T15:24:08","slug":"luis-minier-montero-un-gran-amigo","status":"publish","type":"post","link":"https:\/\/diariodominicano.com\/?p=618973","title":{"rendered":"Luis Minier Montero, un gran amigo"},"content":{"rendered":"\n<p>Por: Onorio Mont\u00e1s<\/p>\n\n\n\n<p>Alg\u00fan d\u00eda vendr\u00e1s por m\u00ed,<\/p>\n\n\n\n<p>no s\u00e9 ni c\u00f3mo ni cu\u00e1ndo,<\/p>\n\n\n\n<p>pero si he de morir,<\/p>\n\n\n\n<p>conqu\u00edstame con encanto\u2026<\/p>\n\n\n\n<p>Lumito recibe cuidados paliativos en Toledo, Espa\u00f1a, de un c\u00e1ncer agresivo con diseminaci\u00f3n de las c\u00e9lulas cancerosas, esperando la muerte.<\/p>\n\n\n\n<p>Despu\u00e9s de finalizada la \u201crevoluci\u00f3n de Abril de 1965\u201d, al asumir el poder tras unas elecciones por vez primera Joaqu\u00edn Amparo Balaguer Ricardo, en medio de un pa\u00eds intervenido por las tropas de los Estados Unidos, por tercera vez, en un pa\u00eds convulso, tras unas elecciones generales, renace una novedosa emisora, Radio Cristal, un desprendimiento de la cadena radial \u201cComercris\u201d del comerciante y pol\u00edtico Jos\u00e9 A. Brea Pe\u00f1a.<\/p>\n\n\n\n<p>Nobel Alfonso Tejada crea un nuevo concepto en el pa\u00eds de una emisora radial \u201cNoticiosa y musical\u201d. Pone en marcha su proyecto contando con la crema y nata de la joven intelectualidad dominicana, como Ren\u00e9 del Risco, Iv\u00e1n Garc\u00eda, Rafael V\u00e1zquez y un grupo de destacados periodistas j\u00f3venes que proven\u00edan de Radio HIN (Radionoticias), que dirig\u00eda el doctor H\u00e9ctor P\u00e9rez Reyes.<\/p>\n\n\n\n<p>Esa planilla de noveles periodistas compuesta por Juan Bol\u00edvar D\u00edaz, Elsa Exp\u00f3sito, Guarionex Rosa, An\u00edbal de Castro, Roberto P\u00e9rez Nivar y Luis Minier Montero; adem\u00e1s una gran admirada amiga que hab\u00eda sido frente del \u201cBatton Ballet\u201d del Liceo Intermedia Estados Unidos de Am\u00e9rica\u201d en la \u201cEra de Trujillo\u201d, junto a otras j\u00f3venes, Manuela Sanabia, Ruth P\u00e9rez, Amada Iris Padr\u00f3n, se trata de la gran Elsa Exp\u00f3sito, quien m\u00e1s adelante fue una aguerrida y brillante periodista.<\/p>\n\n\n\n<p>Era el mes de marzo de 1970, cuando ve\u00eda la luz p\u00fablica por primera vez en la ciudad de Santo Domingo, un peri\u00f3dico vespertino \u201cUltima Hora\u201d, una idea del inquieto Mois\u00e9s Alberto Pellerano L\u00f3pez-Penha, hijo del fundador y tesorero del peri\u00f3dico List\u00edn Diario, don Mois\u00e9s se inicia como director general; Virgilio Alc\u00e1ntara, como director ejecutivo, y Gregorio Garc\u00eda Castro como jefe de redacci\u00f3n, una estampida de periodistas lleg\u00f3 a ese nuevo vespertino que ven\u00eda a competir con El Nacional de \u00a1Ahora!, entre ellos, Luis Mar\u00eda Minier Montero, un gran descubrimiento como ser humano y amigo.<\/p>\n\n\n\n<p>Destacado periodista y locutor con una educada y privilegiada voz (muchos recordar\u00e1n la voz en los mensajes telef\u00f3nicos innovadores en los a\u00f1os 1990 de Codetel), egresado de la Escuela de Comunicaci\u00f3n Social de la Universidad Aut\u00f3noma de Santo Domingo (UASD).<\/p>\n\n\n\n<p>Luis, Mima y Norberto James<\/p>\n\n\n\n<p>Tuve la dicha de viajar a su Hondo Valle querido, la primera vez en plena campa\u00f1a pol\u00edtica en que Antonio Guzm\u00e1n Fern\u00e1ndez gan\u00f3 las elecciones presidenciales. Recuerdo la curiosidad al pasar por Pedro Corto, en Las Matas de Farf\u00e1n, para ver la casa de \u201cMam\u00e1 Bona\u201d, Bonifacia Alc\u00e1ntara, que \u201cera una de las brujas de San Juan\u201d, antigua consejera espiritual de Balaguer.<\/p>\n\n\n\n<p>Puedes leer: El elogio de los n\u00fameros: poes\u00eda esencial de Juan Carlos Mieses<\/p>\n\n\n\n<p>San Juan era famoso en esa \u00e9poca porque la mayor\u00eda de los pol\u00edticos y militares buscaban asesor\u00eda espiritual o se dejaban guiar por las supersticiones.<\/p>\n\n\n\n<p>Algunos agregan a esa lista el nombre del doctor Jos\u00e9 Francisco Pe\u00f1a G\u00f3mez y Enrique P\u00e9rez y P\u00e9rez. En los a\u00f1os de vida de Orlando Mart\u00ednez conoc\u00ed otra compueblana de \u00e9l, Lir\u00edca Mateo, quien hab\u00eda venido a Santo Domingo a vivir en la calle Oviedo y nos junt\u00e1bamos a menudo con un grupo de amigas.<\/p>\n\n\n\n<p>Carlos (Cand\u00f3) Howley Ogando, un pintoresco personaje de Hondo Valle, aficionado a coquetear con el \u201cDios Baco\u201d, t\u00edo de mi recordado amigo Orlando Mart\u00ednez, siempre con muchas an\u00e9cdotas que contar, hab\u00eda un episodio muy socorrido en el pueblo que a veces sal\u00eda voceando por el peque\u00f1o pueblo de todo tipo de \u201cmalapalabras\u201d, y cuando llegaba al frente de la maestra Ildefensa Montero la madre de Luis y Tania, la respetada maestra de Hondo Valle, el mismo Cand\u00f3 se correg\u00eda y dec\u00eda: \u201cPerd\u00f3n, perd\u00f3n que estoy pasando frente a la casa de la maestra Ildefensa\u201d.<\/p>\n\n\n\n<p>Pas\u00e1bamos largas horas Lumi y yo escuchando las an\u00e9cdotas del viejo Cand\u00f3, debajo de un enorme \u00e1rbol de mangos, el con su inseparable chata de \u201ccaraegato\u201d en los bolsillos. Al pasar el tiempo me enter\u00e9 que el viejo Cand\u00f3 muri\u00f3 de una cornada por la espalda, de su toro favorito.<\/p>\n\n\n\n<p>Recuerdo que nos acondicionaban una peque\u00f1a choza de madera en medio de un gran arrozal donde \u201cdisfrut\u00e1bamos\u201d de las bajas temperaturas que siempre los partes meteorol\u00f3gicos pon\u00edan como referencia.<\/p>\n\n\n\n<p>Minier ha sido un disciplinado amigo \u00abcallado, reflexivo, pensativo\u00bb. Esta es la descripci\u00f3n de mi gran amigo que lucha por su salud, una persona que no habla mucho, que guarda silencio, y que aparentemente siempre est\u00e1 pensando o meditando. Una persona callada que reflexiona sobre lo que ha o\u00eddo, ha le\u00eddo, o ha vivido. Esa es la imagen que siempre he tenido de mi gran amigo, Luis Mar\u00eda (Lumi, Lumito) Minier Montero, padre de sus dos primeros hijos Boris King y C\u00e1ndida Rosa Minier Henr\u00edquez.<\/p>\n\n\n\n<p>En su largo tr\u00e1nsito por la vida en sus m\u00e1s de 80 a\u00f1os, labor\u00f3 en los peri\u00f3dicos El Sol, Nuevo Diario, Ultima Hora y Hoy, donde laboramos por un buen tiempo. Trabaj\u00f3 en los departamentos de Relaciones P\u00fablicas de Codetel, Falconbridge y Participaci\u00f3n Ciudadana<\/p>\n\n\n\n<p>Luis Mar\u00eda Minier Montero<\/p>\n\n\n\n<p>Hace un tiempo, luego de la pandemia de Covid-19 y esta laborando en la mesa editorial a distancia como corrector de estilo del peri\u00f3dico Hoy, decidi\u00f3 irse a vivir como residente junto a su esposa \u00c1ngela Divina, m\u00e9dico, y sus hijos el tambi\u00e9n m\u00e9dico Luis Enoc y \u00c1ngela, residentes en Castilla La Mancha, Toledo, Espa\u00f1a.<\/p>\n\n\n\n<p>A mi amigo Luis Minier se le diagnostic\u00f3 un padecimiento terminal \u201ccatastr\u00f3fico\u201d: un \u201ccarcinoma de pr\u00f3stata metast\u00e1sico\u201d. Recibe tratamiento paliativo para aliviar los s\u00edntomas y mejorar la calidad de vida, enfocado en la atenci\u00f3n m\u00e9dica, psicol\u00f3gica, social y espiritual.<\/p>\n\n\n\n<p>\u00abUno nunca piensa que le puede suceder\u00bb.<\/p>\n\n\n\n<p>Hablaba de tu repentino mal y al escucharte me contagi\u00e9 con tu optimismo. Te vi tan animada, tan positiva, tan confiada, tan \u00abllena de vida\u00bb, que nunca jam\u00e1s pens\u00e9 en la posibilidad de un ep\u00edlogo cercano.<\/p>\n\n\n\n<p>Nuestro \u00faltimo encuentro fue breve, ameno y positivo y aquel di\u00e1logo me permiti\u00f3 revalorizar a la amiga, a la mujer luchadora, a la trabajadora infatigable. Confirmar, por ejemplo, el coraje, la valent\u00eda, tu temple de acero, tu esp\u00edritu de lucha.<\/p>\n\n\n\n<p>Queda en mi recuerdo para siempre la inseparable sonrisa que te acompa\u00f1\u00f3 a\u00fan en tus momentos de enfado o de tristeza, y que llevaste m\u00e1s all\u00e1 de la vida.<\/p>\n\n\n\n<p>Me inclino ante ti, Miriam. (La que fue mi querida esposa)<\/p>\n\n\n\n<p>La muerte es una<\/p>\n\n\n\n<p>vida vivida.<\/p>\n\n\n\n<p>La vida es una muerte que viene.<\/p>\n\n\n\n<p>Jorge Luis Borges<\/p>\n\n\n\n<p>Hoy<\/p>\n","protected":false},"excerpt":{"rendered":"<p>Por: Onorio Mont\u00e1s Alg\u00fan d\u00eda vendr\u00e1s por m\u00ed, no s\u00e9 ni c\u00f3mo ni cu\u00e1ndo, pero si he de morir, conqu\u00edstame con encanto\u2026 Lumito recibe cuidados paliativos en Toledo, Espa\u00f1a, de un c\u00e1ncer agresivo con diseminaci\u00f3n de las c\u00e9lulas cancerosas, esperando la muerte. Despu\u00e9s de finalizada la \u201crevoluci\u00f3n de Abril de 1965\u201d, al asumir el poder [&hellip;]<\/p>\n","protected":false},"author":7,"featured_media":618979,"comment_status":"closed","ping_status":"closed","sticky":false,"template":"","format":"standard","meta":{"footnotes":""},"categories":[19],"tags":[1354],"class_list":["post-618973","post","type-post","status-publish","format-standard","has-post-thumbnail","hentry","category-mi-voz","tag-onorio-montas"],"_links":{"self":[{"href":"https:\/\/diariodominicano.com\/index.php?rest_route=\/wp\/v2\/posts\/618973","targetHints":{"allow":["GET"]}}],"collection":[{"href":"https:\/\/diariodominicano.com\/index.php?rest_route=\/wp\/v2\/posts"}],"about":[{"href":"https:\/\/diariodominicano.com\/index.php?rest_route=\/wp\/v2\/types\/post"}],"author":[{"embeddable":true,"href":"https:\/\/diariodominicano.com\/index.php?rest_route=\/wp\/v2\/users\/7"}],"replies":[{"embeddable":true,"href":"https:\/\/diariodominicano.com\/index.php?rest_route=%2Fwp%2Fv2%2Fcomments&post=618973"}],"version-history":[{"count":1,"href":"https:\/\/diariodominicano.com\/index.php?rest_route=\/wp\/v2\/posts\/618973\/revisions"}],"predecessor-version":[{"id":618980,"href":"https:\/\/diariodominicano.com\/index.php?rest_route=\/wp\/v2\/posts\/618973\/revisions\/618980"}],"wp:featuredmedia":[{"embeddable":true,"href":"https:\/\/diariodominicano.com\/index.php?rest_route=\/wp\/v2\/media\/618979"}],"wp:attachment":[{"href":"https:\/\/diariodominicano.com\/index.php?rest_route=%2Fwp%2Fv2%2Fmedia&parent=618973"}],"wp:term":[{"taxonomy":"category","embeddable":true,"href":"https:\/\/diariodominicano.com\/index.php?rest_route=%2Fwp%2Fv2%2Fcategories&post=618973"},{"taxonomy":"post_tag","embeddable":true,"href":"https:\/\/diariodominicano.com\/index.php?rest_route=%2Fwp%2Fv2%2Ftags&post=618973"}],"curies":[{"name":"wp","href":"https:\/\/api.w.org\/{rel}","templated":true}]}}