{"id":617923,"date":"2025-05-28T23:30:27","date_gmt":"2025-05-29T03:30:27","guid":{"rendered":"https:\/\/diariodominicano.com\/?p=617923"},"modified":"2025-05-29T00:05:33","modified_gmt":"2025-05-29T04:05:33","slug":"realizan-conferencia-las-narrativas-del-30-de-mayo","status":"publish","type":"post","link":"https:\/\/diariodominicano.com\/?p=617923","title":{"rendered":"Realizan conferencia \u201cLas Narrativas del 30 de Mayo\u201d"},"content":{"rendered":"\n<p><strong>Santo Domingo, \u2013<\/strong>La Fundaci\u00f3n H\u00e9roes 30 de mayo y la Fundaci\u00f3n Hermanos de la Maza, en colaboraci\u00f3n con el Archivo General de la Naci\u00f3n, La Comisi\u00f3n Permanente de Efem\u00e9rides Patrias y la Academia Dominicana de la Historia, realiz\u00f3 una conferencia<\/p>\n\n\n\n<p>titulada&nbsp;<strong>\u201cLas Narrativas del 30 de mayo\u201d,<\/strong>&nbsp;dictada por el historiador Juan Daniel Balc\u00e1cer, en la que se abordaron las m\u00faltiples representaciones hist\u00f3ricas, literarias y sociales del ajusticiamiento del dictador Rafael Le\u00f3nidas Trujillo.<\/p>\n\n\n\n<p>El evento cont\u00f3 con la presencia de personalidades destacadas, entre ellas el ministro administrativo de la Presidencia, licenciado Andr\u00e9s Bautista, as\u00ed como miembros de las fundaciones H\u00e9roes del 30 de mayo y Hermanos de la Maza.<\/p>\n\n\n\n<figure class=\"wp-block-image\"><img decoding=\"async\" src=\"https:\/\/diariodominicano.com\/wp-content\/uploads\/2025\/05\/Realizan-conferencia-Las-Narrativas-del-30-de-Mayo-1024x682.jpeg\" alt=\"\"\/><\/figure>\n\n\n\n<p>Durante su ponencia, Balc\u00e1cer ofreci\u00f3 un an\u00e1lisis sobre las distintas formas de entender y explicar el hecho hist\u00f3rico ocurrido la noche del 30 de mayo de 1961. \u201cExisten diferentes formas de aproximarse al conocimiento y comprensi\u00f3n de la gesta del 30 de mayo con el fin de explicar su origen, evoluci\u00f3n y consecuencias\u201d, dijo.<\/p>\n\n\n\n<p>Balc\u00e1cer dedic\u00f3 parte importante de su disertaci\u00f3n a reflexionar sobre las diferentes narrativas que han surgido en torno al acontecimiento, entre ellas la narrativa trujillista, la del imaginario colectivo, la narrativa escolar, la acad\u00e9mica y la literaria. Enfatiz\u00f3 que decidi\u00f3 titular la conferencia \u2018Las Narrativas del 30 de mayo\u2019 porque en realidad existen diversas formas de aproximaci\u00f3n al estudio y conocimiento de la trama pol\u00edtica que le cost\u00f3 la vida al tirano Trujillo.<\/p>\n\n\n\n<p>El acad\u00e9mico explic\u00f3 c\u00f3mo la dictadura control\u00f3 los medios de comunicaci\u00f3n para imponer su versi\u00f3n oficial de los hechos, en la cual se tergiversaron las motivaciones y el valor de los h\u00e9roes que participaron en la conspiraci\u00f3n. Se\u00f1al\u00f3 adem\u00e1s que el desconocimiento generalizado sobre la gesta del 30 de mayo se agrav\u00f3 debido a su exclusi\u00f3n por a\u00f1os del curr\u00edculo escolar dominicano. \u201cDurante muchos a\u00f1os, la historia del 30 de mayo no fue ense\u00f1ada en las escuelas b\u00e1sicas ni en los niveles secundarios del pa\u00eds\u201d, afirm\u00f3.<\/p>\n\n\n\n<p>Asimismo, destac\u00f3 el aporte de la nueva historiograf\u00eda dominicana a partir de la d\u00e9cada de 1970, representada por intelectuales como Frank Moya Pons, Roberto Cass\u00e1, Emilio Cordero Michel y Franklin Franco, quienes contribuyeron a la consolidaci\u00f3n de una narrativa m\u00e1s objetiva y documentada.<\/p>\n\n\n\n<p>En cuanto a la narrativa literaria, Balc\u00e1cer resalt\u00f3 su valor simb\u00f3lico, aunque marc\u00f3 la diferencia entre la libertad del novelista y la responsabilidad del historiador: \u201cEl novelista puede inventar, pero el historiador debe atenerse a las fuentes objetivas disponibles. Esa es la diferencia entre el discurso historiogr\u00e1fico y el de ficci\u00f3n\u201d.<\/p>\n\n\n\n<p>Al concluir, Balc\u00e1cer ofreci\u00f3 una reflexi\u00f3n demogr\u00e1fica como clave del por qu\u00e9 a\u00fan persisten versiones distorsionadas de la historia reciente: \u201cCasi la mitad de la poblaci\u00f3n dominicana actual es muy joven y naci\u00f3 despu\u00e9s de 1961. Seg\u00fan datos del m\u00e1s reciente Censo Nacional de Poblaci\u00f3n y Vivienda, el 32% de los dominicanos tiene entre 15 y 35 a\u00f1os\u201d, lo que representa un desaf\u00edo para la memoria hist\u00f3rica y la educaci\u00f3n c\u00edvica.<\/p>\n\n\n\n<p>relacionespublicas <a href=\"mailto:relacionespublicas@agn.gob.do\">relacionespublicas@agn.gob.do<\/a><\/p>\n","protected":false},"excerpt":{"rendered":"<p>Santo Domingo, \u2013La Fundaci\u00f3n H\u00e9roes 30 de mayo y la Fundaci\u00f3n Hermanos de la Maza, en colaboraci\u00f3n con el Archivo General de la Naci\u00f3n, La Comisi\u00f3n Permanente de Efem\u00e9rides Patrias y la Academia Dominicana de la Historia, realiz\u00f3 una conferencia titulada&nbsp;\u201cLas Narrativas del 30 de mayo\u201d,&nbsp;dictada por el historiador Juan Daniel Balc\u00e1cer, en la que [&hellip;]<\/p>\n","protected":false},"author":7,"featured_media":617950,"comment_status":"closed","ping_status":"closed","sticky":false,"template":"","format":"standard","meta":{"footnotes":""},"categories":[21],"tags":[1513],"class_list":["post-617923","post","type-post","status-publish","format-standard","has-post-thumbnail","hentry","category-cultura","tag-archivo-general-de-la-nacion-agn"],"_links":{"self":[{"href":"https:\/\/diariodominicano.com\/index.php?rest_route=\/wp\/v2\/posts\/617923","targetHints":{"allow":["GET"]}}],"collection":[{"href":"https:\/\/diariodominicano.com\/index.php?rest_route=\/wp\/v2\/posts"}],"about":[{"href":"https:\/\/diariodominicano.com\/index.php?rest_route=\/wp\/v2\/types\/post"}],"author":[{"embeddable":true,"href":"https:\/\/diariodominicano.com\/index.php?rest_route=\/wp\/v2\/users\/7"}],"replies":[{"embeddable":true,"href":"https:\/\/diariodominicano.com\/index.php?rest_route=%2Fwp%2Fv2%2Fcomments&post=617923"}],"version-history":[{"count":1,"href":"https:\/\/diariodominicano.com\/index.php?rest_route=\/wp\/v2\/posts\/617923\/revisions"}],"predecessor-version":[{"id":617954,"href":"https:\/\/diariodominicano.com\/index.php?rest_route=\/wp\/v2\/posts\/617923\/revisions\/617954"}],"wp:featuredmedia":[{"embeddable":true,"href":"https:\/\/diariodominicano.com\/index.php?rest_route=\/wp\/v2\/media\/617950"}],"wp:attachment":[{"href":"https:\/\/diariodominicano.com\/index.php?rest_route=%2Fwp%2Fv2%2Fmedia&parent=617923"}],"wp:term":[{"taxonomy":"category","embeddable":true,"href":"https:\/\/diariodominicano.com\/index.php?rest_route=%2Fwp%2Fv2%2Fcategories&post=617923"},{"taxonomy":"post_tag","embeddable":true,"href":"https:\/\/diariodominicano.com\/index.php?rest_route=%2Fwp%2Fv2%2Ftags&post=617923"}],"curies":[{"name":"wp","href":"https:\/\/api.w.org\/{rel}","templated":true}]}}