{"id":617922,"date":"2025-05-28T19:19:25","date_gmt":"2025-05-28T23:19:25","guid":{"rendered":"https:\/\/diariodominicano.com\/?p=617922"},"modified":"2025-05-28T19:19:41","modified_gmt":"2025-05-28T23:19:41","slug":"unicef-rd-una-de-cada-cinco-mujeres-21-9-deja-de-estudiar-trabajar-o-socializar-durante-su-menstruacion-2","status":"publish","type":"post","link":"https:\/\/diariodominicano.com\/?p=617922","title":{"rendered":"UNICEF RD: \u201cUna de cada cinco mujeres (21.9 %) deja de estudiar, trabajar o socializar durante su menstruaci\u00f3n\u201d"},"content":{"rendered":"\n<p><em>Un desaf\u00edo silencioso que afecta la salud, la educaci\u00f3n y la dignidad<\/em><\/p>\n\n\n\n<p>\u00abA veces prefiero quedarme en casa que enfrentarme a la burla, cuando me llega la menstruaci\u00f3n; siento que todos se dan cuenta de que me ha llegado\u00bb, confiesa Yuleisy P\u00e9rez, una adolescente que, como muchas otras en Rep\u00fablica Dominicana, enfrenta los desaf\u00edos de una menstruaci\u00f3n marcada por el estigma, la falta de recursos y el miedo a la burla o al bullying. Esta confesi\u00f3n resalta la realidad que viven adolescentes y mujeres a diario, por tanto, en el marco del D\u00eda Mundial por un Mundo Amigable con la Menstruaci\u00f3n, que se conmemora cada 28 de mayo, se busca romper el silencio y aumentar la conciencia sobre la importancia de una buena salud y gesti\u00f3n menstrual.<\/p>\n\n\n\n<p>Esta emblem\u00e1tica fecha, promovida desde 2014 por la organizaci\u00f3n WASH United, y cuyo objetivo es presentar los desaf\u00edos que se traducen en un acceso limitado a productos menstruales asequibles, la falta de ba\u00f1os adecuados, el acceso a agua en las escuelas y espacios p\u00fablicos, y la persistencia de creencias culturales que refuerzan la verg\u00fcenza y la exclusi\u00f3n.<\/p>\n\n\n\n<p>Un reciente diagn\u00f3stico sobre gesti\u00f3n menstrual y pr\u00e1cticas de higiene en comunidades dominicanas y migrantes en situaci\u00f3n de vulnerabilidad revela una realidad alarmante: ni\u00f1as que faltan a la escuela por temor a mancharse, mujeres que ocultan sus toallas sanitarias entre la ropa por miedo al estigma, y centros educativos sin agua ni ba\u00f1os dignos.<\/p>\n\n\n\n<figure class=\"wp-block-gallery has-nested-images columns-default is-cropped wp-block-gallery-1 is-layout-flex wp-block-gallery-is-layout-flex\">\n<figure class=\"wp-block-image size-large\"><img loading=\"lazy\" decoding=\"async\" width=\"772\" height=\"829\" data-id=\"617931\" src=\"https:\/\/diariodominicano.com\/wp-content\/uploads\/2025\/05\/image001.png\" alt=\"\" class=\"wp-image-617931\" srcset=\"https:\/\/diariodominicano.com\/wp-content\/uploads\/2025\/05\/image001.png 772w, https:\/\/diariodominicano.com\/wp-content\/uploads\/2025\/05\/image001-279x300.png 279w, https:\/\/diariodominicano.com\/wp-content\/uploads\/2025\/05\/image001-768x825.png 768w\" sizes=\"auto, (max-width: 772px) 100vw, 772px\" \/><\/figure>\n<\/figure>\n\n\n\n<p>El estudio destaca la ausencia de conocimientos b\u00e1sicos sobre el ciclo menstrual, incluso entre mujeres adultas, as\u00ed como la fuerte presencia de mitos y creencias nocivas, que aumentan el oprobio y el tab\u00fa frente a un proceso tan natural como lo es el ciclo menstrual.<\/p>\n\n\n\n<p><strong>Entre el dolor, la verg\u00fcenza y la ausencia: historias que se repiten en las aulas<\/strong><\/p>\n\n\n\n<p>Algunas pr\u00e1cticas culturales promovidas incluso en contextos escolares refuerzan ideas de suciedad o impureza durante la menstruaci\u00f3n.<\/p>\n\n\n\n<p>Los efectos de la pobreza menstrual no solo se sienten en la salud, sino tambi\u00e9n en la educaci\u00f3n. Esta realidad se ve reflejada en los datos de la Encuesta ENHOGAR-MICS 2019 efectuada por la Oficina Nacional de Estad\u00edstica (ONE) y UNICEF, as\u00ed como tambi\u00e9n en la investigaci\u00f3n del \u201cEstado de la Situaci\u00f3n de los Derechos de la Infancia y Adolescencia en el pa\u00eds (SITAN 2023-2024)\u201d, que puntualizan en que una de cada cinco (21.9 %) mujeres en edad reproductiva se ausent\u00f3 de actividades escolares, sociales o laborales durante su \u00faltima menstruaci\u00f3n, lo que refleja una clara exclusi\u00f3n y desigualdad, puesto que es un indicador alto al compararlo a nivel mundial.<\/p>\n\n\n\n<p>En el Gr\u00e1fico 17 se reflejan las diferencias seg\u00fan las regiones de planificaci\u00f3n en las que se divide el pa\u00eds, los porcentajes m\u00e1s altos est\u00e1n en Cibao Norte (29.1 %), Yuma (29 %), Cibao Sur (28.3 %) e Higuamo (27.3 %).<\/p>\n\n\n\n<p>Frente a esta situaci\u00f3n, el informe recomienda una serie de acciones urgentes: campa\u00f1as educativas basadas en evidencia cient\u00edfica, programas de distribuci\u00f3n gratuita de toallas sanitarias, formaci\u00f3n docente con enfoque de g\u00e9nero y adecuaci\u00f3n de ba\u00f1os escolares para convertirlos en \u201czonas seguras\u201d.<\/p>\n\n\n\n<figure class=\"wp-block-gallery has-nested-images columns-default is-cropped wp-block-gallery-2 is-layout-flex wp-block-gallery-is-layout-flex\">\n<figure class=\"wp-block-image size-full\"><img loading=\"lazy\" decoding=\"async\" width=\"946\" height=\"659\" data-id=\"617929\" src=\"https:\/\/diariodominicano.com\/wp-content\/uploads\/2025\/05\/Charlas-educativas-con-Clubes-de-Chicas-1-1.jpg\" alt=\"\" class=\"wp-image-617929\" srcset=\"https:\/\/diariodominicano.com\/wp-content\/uploads\/2025\/05\/Charlas-educativas-con-Clubes-de-Chicas-1-1.jpg 946w, https:\/\/diariodominicano.com\/wp-content\/uploads\/2025\/05\/Charlas-educativas-con-Clubes-de-Chicas-1-1-300x209.jpg 300w, https:\/\/diariodominicano.com\/wp-content\/uploads\/2025\/05\/Charlas-educativas-con-Clubes-de-Chicas-1-1-768x535.jpg 768w, https:\/\/diariodominicano.com\/wp-content\/uploads\/2025\/05\/Charlas-educativas-con-Clubes-de-Chicas-1-1-816x568.jpg 816w\" sizes=\"auto, (max-width: 946px) 100vw, 946px\" \/><\/figure>\n<\/figure>\n\n\n\n<p>Asimismo, es fundamental incluir a los ni\u00f1os y adolescentes varones en los procesos educativos sobre menstruaci\u00f3n. Sensibilizarlos desde las escuelas no solo contribuye a reducir el acoso y la burla, sino que tambi\u00e9n promueve una cultura de respeto, empat\u00eda y equidad. Comprender que la menstruaci\u00f3n es un proceso biol\u00f3gico normal es clave para romper el silencio y construir entornos escolares verdaderamente inclusivos, donde ninguna ni\u00f1a tenga que sentirse avergonzada o excluida por una funci\u00f3n natural de su cuerpo.<\/p>\n\n\n\n<p>Hablar de menstruaci\u00f3n no es un lujo. Es una cuesti\u00f3n de salud p\u00fablica, equidad de g\u00e9nero y derechos humanos. Como se\u00f1ala una de las j\u00f3venes entrevistadas: \u201cEsto es algo normal. No deber\u00eda dar verg\u00fcenza\u201d. Pero para muchas, todav\u00eda lo da.<\/p>\n\n\n\n<p><strong>Avances con deuda pendiente: uniformes inclusivos y propuesta de kits menstruales en escuelas p\u00fablicas<\/strong><\/p>\n\n\n\n<p>El cambio en el color del uniforme escolar del sector p\u00fablico, dispuesto por el Ministerio de Educaci\u00f3n (MINERD) a partir del a\u00f1o lectivo 2024-2025, marca un avance en materia de equidad y bienestar estudiantil. La medida, que no implica un mayor gasto econ\u00f3mico, responde a solicitudes de estudiantes y tutores, y busca ofrecer mayor comodidad y protecci\u00f3n a las adolescentes durante su per\u00edodo menstrual. Seg\u00fan inform\u00f3 la Direcci\u00f3n de Comunicaciones de mencionada entidad gubernamental, la modificaci\u00f3n tiene como prop\u00f3sito salvaguardar la intimidad de las alumnas y fomentar su participaci\u00f3n en el entorno escolar de manera m\u00e1s segura y libre de estigmas.<\/p>\n\n\n\n<p>En esa misma l\u00ednea, la C\u00e1mara de Diputados aprob\u00f3 a principios de este mes un proyecto de resoluci\u00f3n que recomienda al Poder Ejecutivo garantizar la entrega de un \u201ckit menstrual\u201d en los centros educativos p\u00fablicos. La iniciativa surge tras denuncias de que, en algunas provincias, ni\u00f1as y adolescentes se ven obligadas a ausentarse de clases por no disponer de toallas sanitarias. Aunque la resoluci\u00f3n no es de cumplimiento obligatorio, plantea una nueva visi\u00f3n que quedar\u00e1 en manos del presidente para su posible implementaci\u00f3n.<\/p>\n\n\n\n<figure class=\"wp-block-gallery has-nested-images columns-default is-cropped wp-block-gallery-3 is-layout-flex wp-block-gallery-is-layout-flex\">\n<figure class=\"wp-block-image size-large\"><img loading=\"lazy\" decoding=\"async\" width=\"872\" height=\"936\" data-id=\"617928\" src=\"https:\/\/diariodominicano.com\/wp-content\/uploads\/2025\/05\/Joven-se-informa-sobre-la-gestion-menstrual-.jpg\" alt=\"\" class=\"wp-image-617928\" srcset=\"https:\/\/diariodominicano.com\/wp-content\/uploads\/2025\/05\/Joven-se-informa-sobre-la-gestion-menstrual-.jpg 872w, https:\/\/diariodominicano.com\/wp-content\/uploads\/2025\/05\/Joven-se-informa-sobre-la-gestion-menstrual--279x300.jpg 279w, https:\/\/diariodominicano.com\/wp-content\/uploads\/2025\/05\/Joven-se-informa-sobre-la-gestion-menstrual--768x824.jpg 768w, https:\/\/diariodominicano.com\/wp-content\/uploads\/2025\/05\/Joven-se-informa-sobre-la-gestion-menstrual--816x876.jpg 816w\" sizes=\"auto, (max-width: 872px) 100vw, 872px\" \/><\/figure>\n<\/figure>\n\n\n\n<p><strong>Abrir puertas: el derecho a vivir sin barreras<\/strong><\/p>\n\n\n\n<p>El Fondo de las Naciones Unidas para la Infancia (UNICEF) y sus aliados estrat\u00e9gicos aprovechan esta conmemoraci\u00f3n para hacer un llamado urgente a la sociedad: romper el silencio, eliminar los estigmas y garantizar condiciones dignas, seguras y respetuosas para las adolescentes y mujeres que menstr\u00faan.<\/p>\n\n\n\n<p>Carlos Carrera, como representante de UNICEF, subraya que garantizar el acceso a productos y servicios menstruales no solo es una cuesti\u00f3n de salud, sino tambi\u00e9n de derechos humanos y de equidad de g\u00e9nero.<\/p>\n\n\n\n<p><em>\u201cEs esencial romper los estigmas y eliminar las barreras que impiden que millones de ni\u00f1as y adolescentes manejen su menstruaci\u00f3n de forma segura, digna y sin discriminaci\u00f3n\u201d,&nbsp;<\/em>indic\u00f3.<\/p>\n\n\n\n<p>La falta de pol\u00edticas p\u00fablicas es evidente. Aunque hay iniciativas dispersas, el pa\u00eds carece de una estrategia nacional que garantice acceso gratuito o subsidiado a productos menstruales, educaci\u00f3n adecuada y condiciones dignas de higiene en escuelas, c\u00e1rceles y comunidades.<\/p>\n\n\n\n<figure class=\"wp-block-gallery has-nested-images columns-default is-cropped wp-block-gallery-4 is-layout-flex wp-block-gallery-is-layout-flex\">\n<figure class=\"wp-block-image size-large\"><img loading=\"lazy\" decoding=\"async\" width=\"930\" height=\"861\" data-id=\"617927\" src=\"https:\/\/diariodominicano.com\/wp-content\/uploads\/2025\/05\/Instruye-sobre-la-colocacion-de-la-copa-menstrual-1-1.jpg\" alt=\"\" class=\"wp-image-617927\" srcset=\"https:\/\/diariodominicano.com\/wp-content\/uploads\/2025\/05\/Instruye-sobre-la-colocacion-de-la-copa-menstrual-1-1.jpg 930w, https:\/\/diariodominicano.com\/wp-content\/uploads\/2025\/05\/Instruye-sobre-la-colocacion-de-la-copa-menstrual-1-1-300x278.jpg 300w, https:\/\/diariodominicano.com\/wp-content\/uploads\/2025\/05\/Instruye-sobre-la-colocacion-de-la-copa-menstrual-1-1-768x711.jpg 768w, https:\/\/diariodominicano.com\/wp-content\/uploads\/2025\/05\/Instruye-sobre-la-colocacion-de-la-copa-menstrual-1-1-816x755.jpg 816w\" sizes=\"auto, (max-width: 930px) 100vw, 930px\" \/><\/figure>\n<\/figure>\n\n\n\n<p><strong>Lo que creemos, tambi\u00e9n excluye: los mitos que marcan<\/strong><\/p>\n\n\n\n<p>A esto se suman los mitos y las creencias profundamente arraigadas en la poblaci\u00f3n dominicana, como la idea de que las mujeres menstruantes no deben cocinar para no \u00abda\u00f1ar\u00bb los alimentos, o que la menstruaci\u00f3n es una enfermedad contagiosa, un tema tab\u00fa o algo que debe esconderse. De igual forma, persiste la creencia de que \u00absi los hombres ven la toalla sanitaria, se les corta el deseo sexual\u00bb, reforzando el silencio en torno a este proceso biol\u00f3gico.<\/p>\n\n\n\n<p>Las concepciones incorrectas no solo generan verg\u00fcenza, tambi\u00e9n restringen la vida diaria de ni\u00f1as, adolescentes y mujeres adultas. Algunos de los mitos m\u00e1s comunes en Rep\u00fablica Dominicana indican que durante la menstruaci\u00f3n:<\/p>\n\n\n\n<ul class=\"wp-block-list\">\n<li>No se debe ba\u00f1ar o lavar el cabello durante el periodo.<\/li>\n\n\n\n<li>No se pueden comer frutas \u00e1cidas como lim\u00f3n, pi\u00f1a o tamarindo porque \u201ccortan\u201d el sangrado.<\/li>\n\n\n\n<li>no se deben cargar beb\u00e9s, porque les pueden \u201cpasar gases\u201d.<\/li>\n\n\n\n<li>No se puede hacer ejercicio o levantar peso.<\/li>\n\n\n\n<li>No se debe tocar agua fr\u00eda ni lavar ropa.<\/li>\n\n\n\n<li>No se debe tener emociones fuertes, porque \u201cel sangrado se devuelve\u201d.<\/li>\n\n\n\n<li>No se puede sentar en el piso porque \u201cel fr\u00edo sube al cuerpo\u201d.<\/li>\n\n\n\n<li>No se pueden cortar, te\u00f1ir el pelo o pintar las u\u00f1as.<\/li>\n<\/ul>\n\n\n\n<p>Estas creencias, muchas veces reproducidas por generaciones, generan entornos hostiles que afectan la salud mental, limitan la participaci\u00f3n social y perpet\u00faan el estigma de un proceso totalmente natural como lo es la menstruaci\u00f3n. Adem\u00e1s de afectar la asistencia escolar, la pobreza menstrual puede tener consecuencias graves para la salud f\u00edsica y emocional, incluyendo infecciones, ansiedad, verg\u00fcenza y baja autoestima. En zonas rurales, algunas ni\u00f1as reportaron tener que usar trapos viejos, peri\u00f3dicos o papel higi\u00e9nico por no tener acceso a productos menstruales adecuados.<\/p>\n\n\n\n<p>P\u00e9rez, como tantas ni\u00f1as y adolescentes en el pa\u00eds, sue\u00f1a con un d\u00eda distinto. Un d\u00eda en el que no tenga que esconder sus toallas sanitarias en la mochila, ni mirar el suelo con miedo a una mancha delatadora. Un d\u00eda en el que no tenga que soportar burlas, ni callar sus dudas, ni soportar c\u00f3licos en silencio por verg\u00fcenza. Un d\u00eda en el que su menstruaci\u00f3n no sea una barrera, sino simplemente parte de la vida.<\/p>\n\n\n\n<figure class=\"wp-block-gallery has-nested-images columns-default is-cropped wp-block-gallery-5 is-layout-flex wp-block-gallery-is-layout-flex\">\n<figure class=\"wp-block-image size-large\"><img loading=\"lazy\" decoding=\"async\" width=\"1016\" height=\"654\" data-id=\"617926\" src=\"https:\/\/diariodominicano.com\/wp-content\/uploads\/2025\/05\/Carlos-Carrera-Representante-UNICEF-1.jpg\" alt=\"\" class=\"wp-image-617926\" srcset=\"https:\/\/diariodominicano.com\/wp-content\/uploads\/2025\/05\/Carlos-Carrera-Representante-UNICEF-1.jpg 1016w, https:\/\/diariodominicano.com\/wp-content\/uploads\/2025\/05\/Carlos-Carrera-Representante-UNICEF-1-300x193.jpg 300w, https:\/\/diariodominicano.com\/wp-content\/uploads\/2025\/05\/Carlos-Carrera-Representante-UNICEF-1-768x494.jpg 768w, https:\/\/diariodominicano.com\/wp-content\/uploads\/2025\/05\/Carlos-Carrera-Representante-UNICEF-1-816x525.jpg 816w\" sizes=\"auto, (max-width: 1016px) 100vw, 1016px\" \/><\/figure>\n<\/figure>\n\n\n\n<p>Sue\u00f1a con un aula donde los ba\u00f1os tengan agua y privacidad, donde hablar de la menstruaci\u00f3n sea tan natural como hablar del recreo. Sue\u00f1a con que ninguna ni\u00f1a tenga que elegir entre asistir a clase o quedarse en casa.<\/p>\n\n\n\n<p>El camino a\u00fan se torna largo, P\u00e9rez resiste. Con cada historia compartida, cada mito derribado y cada puerta que se abre se acerca m\u00e1s a ese futuro. Porque menstruar no deber\u00eda doler m\u00e1s de lo que ya duele.<\/p>\n\n\n\n<p>Y porque so\u00f1ar \u2014como Yuleisy\u2014 tambi\u00e9n es una forma de cambiar el mundo.<\/p>\n\n\n\n<p>Abordar estos mitos y la falta de acceso a insumos menstruales no s\u00f3lo promueve una vida m\u00e1s digna para ni\u00f1as, adolescentes y mujeres, sino que tambi\u00e9n fortalece el cumplimiento de los Objetivos de Desarrollo Sostenible. En particular, contribuye al ODS 3 (Salud y bienestar), al ODS 4 (Educaci\u00f3n de calidad) y al ODS 5 (Igualdad de g\u00e9nero), al garantizar que todas puedan desarrollarse en entornos seguros, saludables y libres de discriminaci\u00f3n, empoder\u00e1ndolas para ejercer plenamente sus derechos.<\/p>\n\n\n\n<p><strong>Promoviendo la equidad y el acceso<\/strong><\/p>\n\n\n\n<p>Ante esta realidad, UNICEF ha intensificado su labor en el \u00e1mbito global para promover un mundo amigable con la menstruaci\u00f3n, especialmente en contextos de pobreza y crisis humanitaria. En el pa\u00eds, la organizaci\u00f3n lleva a cabo diversas actividades de sensibilizaci\u00f3n con este enfoque inclusivo.<\/p>\n\n\n\n<p>Entre los planes de acci\u00f3n destacados se encuentran charlas educativas en Clubes de Chicas y con voluntarias del sistema de Prevenci\u00f3n, Mitigaci\u00f3n y Respuesta, con el soporte de Sup\u00e9rate y la Cruz Roja, en los cuales se abordan temas como el ciclo menstrual, el uso seguro de productos menstruales reutilizables y la importancia de romper estigmas desde temprana edad. De igual manera, se desarrollan campa\u00f1as en redes sociales con mensajes informativos con los cuales se busca llegar tanto a j\u00f3venes como a personas adultas, con el objetivo de desmitificar creencias err\u00f3neas y fomentar una cultura de apoyo y de comprensi\u00f3n.<\/p>\n\n\n\n<p>Del mismo modo, en alianza con la Unidad de G\u00e9nero de la Defensa Civil, UNICEF promueve el uso de copas menstruales como una alternativa sostenible, acompa\u00f1ando su distribuci\u00f3n con procesos educativos que aseguren su uso voluntario, seguro y culturalmente apropiado.<\/p>\n\n\n\n<p><strong>Construyendo juntos un entorno m\u00e1s justo<\/strong><\/p>\n\n\n\n<p>Carrera hace una exhortaci\u00f3n clara a instituciones educativas, medios, autoridades y a la sociedad en general:<\/p>\n\n\n\n<p><em>\u00abLa menstruaci\u00f3n no debe ser un obst\u00e1culo para la educaci\u00f3n, la participaci\u00f3n y el bienestar. Es momento de construir un pa\u00eds donde cada ni\u00f1a y adolescente pueda vivir este proceso natural con dignidad, seguridad y libertad\u00bb.<\/em><\/p>\n\n\n\n<p>El camino hacia un mundo amigable con la menstruaci\u00f3n implica derribar barreras econ\u00f3micas y culturales, promover pol\u00edticas p\u00fablicas s\u00f3lidas y transformar los entornos educativos.<\/p>\n\n\n\n<p>El Fondo de las Naciones Unidas para la Infancia insiste en que la responsabilidad no debe recaer exclusivamente en las ni\u00f1as. Las escuelas deben contar con servicios b\u00e1sicos como acceso a agua limpia y ba\u00f1os adecuados, as\u00ed como con un entorno seguro que permita hablar de la menstruaci\u00f3n sin verg\u00fcenza ni desinformaci\u00f3n.<\/p>\n\n\n\n<p><strong>Recomendaciones clave para avanzar<\/strong><\/p>\n\n\n\n<p>UNICEF exhorta a las instituciones, especialmente educativas, a implementar las siguientes acciones:<\/p>\n\n\n\n<ul class=\"wp-block-list\">\n<li>Mejorar el acceso al agua, ba\u00f1os privados, limpios y con los insumos necesarios para la gesti\u00f3n menstrual.<\/li>\n\n\n\n<li>Garantizar el acceso a productos menstruales gratuitos o a precios asequibles, especialmente para estudiantes en situaci\u00f3n de vulnerabilidad.<\/li>\n\n\n\n<li>Incluir contenidos sobre menstruaci\u00f3n y salud menstrual en los planes de estudio desde edades tempranas, con enfoque de g\u00e9nero y derechos humanos.<\/li>\n\n\n\n<li>Capacitar a docentes y orientadores para abordar el tema de forma emp\u00e1tica, cient\u00edfica y sin estigmas.<\/li>\n\n\n\n<li>Promover espacios de di\u00e1logo, escucha y apoyo para ni\u00f1as y adolescentes.<\/li>\n\n\n\n<li>Brindar orientaci\u00f3n y acompa\u00f1amiento psicol\u00f3gico a quienes enfrenten ansiedad, verg\u00fcenza o bullying (acoso escolar).<\/li>\n\n\n\n<li>Sensibilizar a las familias y comunidades para romper tab\u00faes y mitos relacionados con la menstruaci\u00f3n.<\/li>\n\n\n\n<li>Abogar por pol\u00edticas p\u00fablicas integrales que reconozcan la gesti\u00f3n menstrual como un derecho.<\/li>\n<\/ul>\n\n\n\n<p><strong>Arlene Reyes<\/strong><\/p>\n\n\n\n<p><em>UNV en Gestiones de Prensa y Comunicaci<\/em><em>\u00f3<\/em><em>n Corporativa\/<\/em><em>Press Management and Corporate Communication<\/em><\/p>\n\n\n\n<p>Departamento de Comunicaciones&nbsp;|&nbsp;Communications Department<\/p>\n\n\n\n<p>UNICEF Rep\u00fablica Dominicana&nbsp;|&nbsp;Av. Anacaona 9, Mirador Sur, Santo Domingo<\/p>\n\n\n\n<p>S\u00edganos en\u00a0<a href=\"https:\/\/www.facebook.com\/UNICEFRD\/\" target=\"_blank\" rel=\"noreferrer noopener\">Facebook<\/a>,\u00a0<a href=\"https:\/\/twitter.com\/unicefrd\" target=\"_blank\" rel=\"noreferrer noopener\">Twitter<\/a>,\u00a0<a href=\"https:\/\/www.instagram.com\/unicefrd\/\" target=\"_blank\" rel=\"noreferrer noopener\">Instagram<\/a>,\u00a0<a href=\"https:\/\/www.youtube.com\/unicefrepublicadominicana\" target=\"_blank\" rel=\"noreferrer noopener\">YouTube<\/a>,\u00a0<a href=\"http:\/\/www.unicef.org\/republicadominicana\" target=\"_blank\" rel=\"noreferrer noopener\">unicef.org\/republicadominicana<\/a>  \u00a0<\/p>\n","protected":false},"excerpt":{"rendered":"<p>Un desaf\u00edo silencioso que afecta la salud, la educaci\u00f3n y la dignidad \u00abA veces prefiero quedarme en casa que enfrentarme a la burla, cuando me llega la menstruaci\u00f3n; siento que todos se dan cuenta de que me ha llegado\u00bb, confiesa Yuleisy P\u00e9rez, una adolescente que, como muchas otras en Rep\u00fablica Dominicana, enfrenta los desaf\u00edos de [&hellip;]<\/p>\n","protected":false},"author":7,"featured_media":617930,"comment_status":"closed","ping_status":"closed","sticky":false,"template":"","format":"standard","meta":{"footnotes":""},"categories":[36],"tags":[407],"class_list":["post-617922","post","type-post","status-publish","format-standard","has-post-thumbnail","hentry","category-hombresmujeresycosas","tag-unicef"],"_links":{"self":[{"href":"https:\/\/diariodominicano.com\/index.php?rest_route=\/wp\/v2\/posts\/617922","targetHints":{"allow":["GET"]}}],"collection":[{"href":"https:\/\/diariodominicano.com\/index.php?rest_route=\/wp\/v2\/posts"}],"about":[{"href":"https:\/\/diariodominicano.com\/index.php?rest_route=\/wp\/v2\/types\/post"}],"author":[{"embeddable":true,"href":"https:\/\/diariodominicano.com\/index.php?rest_route=\/wp\/v2\/users\/7"}],"replies":[{"embeddable":true,"href":"https:\/\/diariodominicano.com\/index.php?rest_route=%2Fwp%2Fv2%2Fcomments&post=617922"}],"version-history":[{"count":1,"href":"https:\/\/diariodominicano.com\/index.php?rest_route=\/wp\/v2\/posts\/617922\/revisions"}],"predecessor-version":[{"id":617936,"href":"https:\/\/diariodominicano.com\/index.php?rest_route=\/wp\/v2\/posts\/617922\/revisions\/617936"}],"wp:featuredmedia":[{"embeddable":true,"href":"https:\/\/diariodominicano.com\/index.php?rest_route=\/wp\/v2\/media\/617930"}],"wp:attachment":[{"href":"https:\/\/diariodominicano.com\/index.php?rest_route=%2Fwp%2Fv2%2Fmedia&parent=617922"}],"wp:term":[{"taxonomy":"category","embeddable":true,"href":"https:\/\/diariodominicano.com\/index.php?rest_route=%2Fwp%2Fv2%2Fcategories&post=617922"},{"taxonomy":"post_tag","embeddable":true,"href":"https:\/\/diariodominicano.com\/index.php?rest_route=%2Fwp%2Fv2%2Ftags&post=617922"}],"curies":[{"name":"wp","href":"https:\/\/api.w.org\/{rel}","templated":true}]}}