{"id":617920,"date":"2025-05-28T19:50:28","date_gmt":"2025-05-28T23:50:28","guid":{"rendered":"https:\/\/diariodominicano.com\/?p=617920"},"modified":"2025-05-28T23:31:27","modified_gmt":"2025-05-29T03:31:27","slug":"conferencia-de-la-organizacion-internacional-del-trabajo-oit","status":"publish","type":"post","link":"https:\/\/diariodominicano.com\/?p=617920","title":{"rendered":"Conferencia de la Organizaci\u00f3n Internacional del Trabajo (OIT)\u00a0"},"content":{"rendered":"\n<p><strong>Jos\u00e9 G\u00f3mez Cerda&nbsp;<\/strong><\/p>\n\n\n\n<p><strong>La 113\u00aa reuni\u00f3n de la Conferencia Internacional del Trabajo, que se celebrar\u00e1 del 2 al 13 de junio de 2025 en Ginebra,Suiza, abordar\u00e1 temas clave como;<\/strong> <strong>E<\/strong><strong>l trabajo decente en la econom\u00eda de plataforma, enfoques innovadores para abordar la informalidad y la transici\u00f3n a la formalidad, y la contribuci\u00f3n tripartita a la Segunda Cumbre Mundial sobre Desarrollo Social.<\/strong><\/p>\n\n\n\n<p><strong>Estos temas no tienen confrontaciones de los sectores tripartitas que componen la Organizaci\u00f3n Internacional del Trabajo (OIT), que son representantes de los gobiernos, los empleadores y los trabajadores.<\/strong><\/p>\n\n\n\n<p><strong>Sin embargo, nadie conoce cu\u00e1l ser\u00e1 la posici\u00f3n del presidente de los Estados Unidos, Donald Trump, quien en la actualidad representa una amenaza de discusi\u00f3n internacional, ahora en la OIT. Tampoco conocemos cual ser\u00e1 la reacci\u00f3n del presidente de China <\/strong><strong>Xi Jinping, mucho menos qu\u00e9 posici\u00f3n adoptar<\/strong><strong>\u00e1<\/strong><strong> Vladimir Putin, presidente de Rusia.<\/strong><\/p>\n\n\n\n<p><strong>Es posible que estos tres grandes pa\u00edses, por intereses particulares, discutan temas fuera de lo programado, para cada cual demostrar su poder internacional.<\/strong><\/p>\n\n\n\n<p><strong>Esta conferencia de la OIT encuentra a la clase trabajadora, una de las partes importantes, en una dif\u00edcil situaci\u00f3n: la juventud trabajadora ha abonado el sindicalismo, la mayor\u00eda de los dirigentes actuales est\u00e1n muy envejecidos, y el poder de los trabajadores es muy d\u00e9bil.<\/strong><\/p>\n\n\n\n<p><strong>En el a\u00f1o 1962, el primer delegado de los trabajadores dominicanos que asisti\u00f3 a una Conferencia de la OIT, en Ginebra, Suiza, despu\u00e9s del asesinato del dictador Rafael L. Trujillo, fue Henry Molina, de la Confederaci\u00f3n Aut\u00f3noma de Sindicatos Cristianos (CASC), y ten\u00eda 21 a\u00f1os;<\/strong> <strong>yo fui delegado oficial de los trabajadores dominicanos en 1972, y ten\u00eda 33 a\u00f1os.<\/strong><\/p>\n\n\n\n<p><strong>Otra de las partes, que son los empleadores, est\u00e1n fuertes, han integrado a muchos j\u00f3venes empresarios y se mantienen firmes en sus posiciones.<\/strong><\/p>\n\n\n\n<p><strong>La parte gubernamental, que es una parte importante en la representaci\u00f3n tripartita, est\u00e1 muy renovada.<\/strong><\/p>\n\n\n\n<p><strong>Es indudable que las delegaciones de Cuba, Nicaragua y Venezuela lleven representantes de trabajadores que son voceros de esos gobiernos, dictatoriales.<\/strong><\/p>\n\n\n\n<p><strong>La tentaci\u00f3n, de que los tres pa\u00edses grandes actualmente; Los Estados Unidos, China y Rusia, se confronten es una situaci\u00f3n que debemos tener en cuenta.<\/strong><\/p>\n\n\n\n<p><strong>Hoy d\u00eda el futuro del mundo depende mucho de las nuevas tecnolog\u00edas, la inteligencia artificial y los progresos en los nuevos descubrimientos, que indudablemente poseen estos pa\u00edses.<\/strong><\/p>\n\n\n\n<p><strong>Europa, el viejo continente, puede ser un mediador, pero las decisiones finales las toman Estados Unidos. China y Rusia.<\/strong><\/p>\n\n\n\n<p><strong>Los trabajadores debemos hacer un esfuerzo para fortalecer la Organizaci\u00f3n Internacional del Trabajo (OIT), y uno de los principales escenarios son las Conferencias anuales, que organiza esta instituci\u00f3n internacional.<\/strong><\/p>\n\n\n\n<p><strong>Es necesario darle seguimiento a esta 113 conferencia de la OIT, que fue fundada en 1919, se mantiene por mas de 100 a\u00f1os, y es un escenario tripartito muy interesante.<\/strong><\/p>\n\n\n\n<p><strong>Antes, era un prestigio y orgullo participar en las Conferencias de la OIT, ahora con las nuevas tecnolog\u00edas, se puede dar seguimiento<\/strong> <strong>a estas Conferencias por los medios online.<\/strong><\/p>\n\n\n\n<p><strong>La OIT tiene una p\u00e1gina web, que desde ah\u00ed se puede dar seguimiento a las conferencias, y los interesados pueden participar gratis, as\u00ed no tienen que pagar pasajes a\u00e9reos para ir a Ginebra, Suiza, ni pagar alojamiento, ni gastos de alimentaci\u00f3n. Simplemente seguir la conferencia online.<\/strong><\/p>\n\n\n\n<p><strong>Jos\u00e9 G\u00f3mez Cerda&nbsp;<\/strong><\/p>\n\n\n\n<p><strong>Santiago de los Caballeros&nbsp;<\/strong><\/p>\n\n\n\n<p><strong>Jos\u00e9 G\u00f3mez &lt;<\/strong><a href=\"mailto:joseaseped@gmail.com\"><strong>joseaseped@gmail.com<\/strong><\/a><strong>&gt;&nbsp;<\/strong><\/p>\n","protected":false},"excerpt":{"rendered":"<p>Jos\u00e9 G\u00f3mez Cerda&nbsp; La 113\u00aa reuni\u00f3n de la Conferencia Internacional del Trabajo, que se celebrar\u00e1 del 2 al 13 de junio de 2025 en Ginebra,Suiza, abordar\u00e1 temas clave como; El trabajo decente en la econom\u00eda de plataforma, enfoques innovadores para abordar la informalidad y la transici\u00f3n a la formalidad, y la contribuci\u00f3n tripartita a la [&hellip;]<\/p>\n","protected":false},"author":7,"featured_media":274314,"comment_status":"closed","ping_status":"closed","sticky":false,"template":"","format":"standard","meta":{"footnotes":""},"categories":[16],"tags":[2546,2545],"class_list":["post-617920","post","type-post","status-publish","format-standard","has-post-thumbnail","hentry","category-opiniones","tag-jose-gomez-cerda","tag-oit"],"_links":{"self":[{"href":"https:\/\/diariodominicano.com\/index.php?rest_route=\/wp\/v2\/posts\/617920","targetHints":{"allow":["GET"]}}],"collection":[{"href":"https:\/\/diariodominicano.com\/index.php?rest_route=\/wp\/v2\/posts"}],"about":[{"href":"https:\/\/diariodominicano.com\/index.php?rest_route=\/wp\/v2\/types\/post"}],"author":[{"embeddable":true,"href":"https:\/\/diariodominicano.com\/index.php?rest_route=\/wp\/v2\/users\/7"}],"replies":[{"embeddable":true,"href":"https:\/\/diariodominicano.com\/index.php?rest_route=%2Fwp%2Fv2%2Fcomments&post=617920"}],"version-history":[{"count":1,"href":"https:\/\/diariodominicano.com\/index.php?rest_route=\/wp\/v2\/posts\/617920\/revisions"}],"predecessor-version":[{"id":617937,"href":"https:\/\/diariodominicano.com\/index.php?rest_route=\/wp\/v2\/posts\/617920\/revisions\/617937"}],"wp:featuredmedia":[{"embeddable":true,"href":"https:\/\/diariodominicano.com\/index.php?rest_route=\/wp\/v2\/media\/274314"}],"wp:attachment":[{"href":"https:\/\/diariodominicano.com\/index.php?rest_route=%2Fwp%2Fv2%2Fmedia&parent=617920"}],"wp:term":[{"taxonomy":"category","embeddable":true,"href":"https:\/\/diariodominicano.com\/index.php?rest_route=%2Fwp%2Fv2%2Fcategories&post=617920"},{"taxonomy":"post_tag","embeddable":true,"href":"https:\/\/diariodominicano.com\/index.php?rest_route=%2Fwp%2Fv2%2Ftags&post=617920"}],"curies":[{"name":"wp","href":"https:\/\/api.w.org\/{rel}","templated":true}]}}