{"id":616895,"date":"2025-05-22T16:13:01","date_gmt":"2025-05-22T20:13:01","guid":{"rendered":"https:\/\/diariodominicano.com\/?p=616895"},"modified":"2025-05-22T16:13:04","modified_gmt":"2025-05-22T20:13:04","slug":"procuraduria-imparte-taller-capacitacion-internacional-en-tecnicas-de-investigacion-del-crimen-de-feminicidio-y-su-tentativa","status":"publish","type":"post","link":"https:\/\/diariodominicano.com\/?p=616895","title":{"rendered":"Procuradur\u00eda imparte taller \u201cCapacitaci\u00f3n Internacional en T\u00e9cnicas de Investigaci\u00f3n del Crimen de Feminicidio y su Tentativa\u201d"},"content":{"rendered":"\n<p><em><u>El proceso formativo, coordinado por la Direcci\u00f3n Nacional contra la Violencia de G\u00e9nero, cuenta con el auspicio de la agencia de cooperaci\u00f3n espa\u00f1ola<\/u><\/em><\/p>\n\n\n\n<p><strong>SANTO DOMINGO (Rep\u00fablica Dominicana).-<\/strong>&nbsp;La Procuradur\u00eda General de la Rep\u00fablica, a trav\u00e9s de la Direcci\u00f3n Nacional Contra la Violencia de G\u00e9nero y con el auspicio de la Agencia Espa\u00f1ola de Cooperaci\u00f3n Internacional para el Desarrollo (Aecid), continu\u00f3 con su ciclo de formaci\u00f3n por medio del taller \u201cCapacitaci\u00f3n Internacional en T\u00e9cnicas de Investigaci\u00f3n del Crimen de Feminicidio y su Tentativa\u201d, enfocado en aportar protocolos y conceptos sobre la persecuci\u00f3n y judicializaci\u00f3n de los delitos de violencia de g\u00e9nero y feminicida, para la protecci\u00f3n de las v\u00edctimas y acceso a la justicia.<\/p>\n\n\n\n<figure class=\"wp-block-gallery has-nested-images columns-default is-cropped wp-block-gallery-1 is-layout-flex wp-block-gallery-is-layout-flex\">\n<figure class=\"wp-block-image size-large\"><img loading=\"lazy\" decoding=\"async\" width=\"718\" height=\"479\" data-id=\"616914\" src=\"https:\/\/diariodominicano.com\/wp-content\/uploads\/2025\/05\/PGR-Capacitacion-Internacional-Investigacion-Del-Crimen-de-Feminicidio-y-su-Tentativa-AECID.jpg\" alt=\"\" class=\"wp-image-616914\" srcset=\"https:\/\/diariodominicano.com\/wp-content\/uploads\/2025\/05\/PGR-Capacitacion-Internacional-Investigacion-Del-Crimen-de-Feminicidio-y-su-Tentativa-AECID.jpg 718w, https:\/\/diariodominicano.com\/wp-content\/uploads\/2025\/05\/PGR-Capacitacion-Internacional-Investigacion-Del-Crimen-de-Feminicidio-y-su-Tentativa-AECID-300x200.jpg 300w\" sizes=\"auto, (max-width: 718px) 100vw, 718px\" \/><\/figure>\n<\/figure>\n\n\n\n<p>El procurador adjunto Wilson Camacho, titular de la Direcci\u00f3n de Violencia de G\u00e9nero del Ministerio P\u00fablico, y Manuel Alba Cano, coordinador general en Aecid, encabezaron la apertura de este segundo taller dirigido a los fiscales asignados a las Unidades de Atenci\u00f3n Integral de Violencia de G\u00e9nero, Intrafamiliar y Delitos Sexuales ya los del departamento de homicidio a nivel nacional. <\/p>\n\n\n\n<figure class=\"wp-block-gallery has-nested-images columns-default is-cropped wp-block-gallery-2 is-layout-flex wp-block-gallery-is-layout-flex\">\n<figure class=\"wp-block-image size-large\"><img loading=\"lazy\" decoding=\"async\" width=\"837\" height=\"559\" data-id=\"616916\" src=\"https:\/\/diariodominicano.com\/wp-content\/uploads\/2025\/05\/PGR-Capacitacion-Internacional-Investigacion-Del-Crimen-de-Feminicidio-y-su-Tentativa.jpg\" alt=\"\" class=\"wp-image-616916\" srcset=\"https:\/\/diariodominicano.com\/wp-content\/uploads\/2025\/05\/PGR-Capacitacion-Internacional-Investigacion-Del-Crimen-de-Feminicidio-y-su-Tentativa.jpg 837w, https:\/\/diariodominicano.com\/wp-content\/uploads\/2025\/05\/PGR-Capacitacion-Internacional-Investigacion-Del-Crimen-de-Feminicidio-y-su-Tentativa-300x200.jpg 300w, https:\/\/diariodominicano.com\/wp-content\/uploads\/2025\/05\/PGR-Capacitacion-Internacional-Investigacion-Del-Crimen-de-Feminicidio-y-su-Tentativa-768x513.jpg 768w, https:\/\/diariodominicano.com\/wp-content\/uploads\/2025\/05\/PGR-Capacitacion-Internacional-Investigacion-Del-Crimen-de-Feminicidio-y-su-Tentativa-816x545.jpg 816w\" sizes=\"auto, (max-width: 837px) 100vw, 837px\" \/><\/figure>\n<\/figure>\n\n\n\n<p>Camacho resalt\u00f3 los aportes del catedr\u00e1tico espa\u00f1ol Juan Manuel Cartagena Pastor, quien imparte este taller como parte del proyecto Fortalecimiento de las Capacidades de Persecuci\u00f3n de los Principales Hechos Penales con \u00c9nfasis en la Criminalidad Organizada, la Corrupci\u00f3n Administrativa y la Violencia de G\u00e9nero.<\/p>\n\n\n\n<p>El procurador adjunto destac\u00f3 la labor conjunta que realiza el Ministerio P\u00fablico y la Aecid en la creaci\u00f3n de protocolos e instrumentos para mejorar la calidad de los servicios.<\/p>\n\n\n\n<figure class=\"wp-block-gallery has-nested-images columns-default is-cropped wp-block-gallery-3 is-layout-flex wp-block-gallery-is-layout-flex\">\n<figure class=\"wp-block-image size-large\"><img loading=\"lazy\" decoding=\"async\" width=\"837\" height=\"559\" data-id=\"616915\" src=\"https:\/\/diariodominicano.com\/wp-content\/uploads\/2025\/05\/PGR-Capacitacion-Internacional-Investigacion-Del-Crimen-Feminicidio-y-su-Tentativa-AECID.jpg\" alt=\"\" class=\"wp-image-616915\" srcset=\"https:\/\/diariodominicano.com\/wp-content\/uploads\/2025\/05\/PGR-Capacitacion-Internacional-Investigacion-Del-Crimen-Feminicidio-y-su-Tentativa-AECID.jpg 837w, https:\/\/diariodominicano.com\/wp-content\/uploads\/2025\/05\/PGR-Capacitacion-Internacional-Investigacion-Del-Crimen-Feminicidio-y-su-Tentativa-AECID-300x200.jpg 300w, https:\/\/diariodominicano.com\/wp-content\/uploads\/2025\/05\/PGR-Capacitacion-Internacional-Investigacion-Del-Crimen-Feminicidio-y-su-Tentativa-AECID-768x513.jpg 768w, https:\/\/diariodominicano.com\/wp-content\/uploads\/2025\/05\/PGR-Capacitacion-Internacional-Investigacion-Del-Crimen-Feminicidio-y-su-Tentativa-AECID-816x545.jpg 816w\" sizes=\"auto, (max-width: 837px) 100vw, 837px\" \/><\/figure>\n<\/figure>\n\n\n\n<p>Camacho se\u00f1al\u00f3 que el objetivo de esta capacitaci\u00f3n es mejorar la pr\u00e1ctica de los operadores de justicia, durante la investigaci\u00f3n, y el procesamiento penal de las muertes violentas de mujeres, para la imposici\u00f3n de las sanciones a los responsables, reparando el da\u00f1o a las v\u00edctimas o sus familias.<\/p>\n\n\n\n<p>\u201cComo ustedes saben el feminicidio constituye la forma m\u00e1s extrema de violencia ejercida contra las mujeres\u201d, expres\u00f3 Camacho, quien detall\u00f3 que durante el a\u00f1o 2023 en el pa\u00eds se registraron 65 feminicidios, pasando a 63 en el a\u00f1o 2024 y en este 2025, hasta el 19 de mayo, se han producido un total de 28 feminicidios, de los cuales 18 son \u00edntimos y 10 no \u00edntimos.<\/p>\n\n\n\n<p>\u201cDetener este problema estructural no es responsabilidad exclusiva nuestra, pero debemos asegurarnos de cumplir a cabalidad con la parte que nos corresponde para que no haya una m\u00e1s. Esta es una responsabilidad institucional\u201d, se\u00f1al\u00f3 Camacho, quien adem\u00e1s de Alba Cano, estuvo acompa\u00f1ado en la mesa de honor de Ana \u00c1lvarez, responsable de proyectos de la Aecid, y Ana Andrea Villa Camacho, titular de la Direcci\u00f3n de Violencia de G\u00e9nero del Ministerio P\u00fablico.<\/p>\n\n\n\n<p>\u201cEl Ministerio P\u00fablico contin\u00faa asumiendo el desaf\u00edo de fortalecer, no solo la persecuci\u00f3n de este delito, sino tambi\u00e9n de seguir formando y sensibilizando a los servidores p\u00fablicos respecto a la violencia de g\u00e9nero en la investigaci\u00f3n penal, para acercarnos a esta desgarrante realidad que sufren las mujeres\u201d, precis\u00f3 el titular de Persecuci\u00f3n del Ministerio P\u00fablico.<\/p>\n\n\n\n<p>\u201cEs f\u00e9rrea la voluntad del Ministerio P\u00fablico y la de nuestra procuradora Yeni Berenice Reynoso, de fortalecer la persecuci\u00f3n penal de este crimen con pol\u00edticas efectivas, tanto en la investigaci\u00f3n como en la atenci\u00f3n y protecci\u00f3n inmediata de las v\u00edctimas y sus descendientes\u201d, explic\u00f3.<\/p>\n\n\n\n<p>Por su parte, Alba Cano resalt\u00f3 la importancia de hacer que las mujeres y ni\u00f1as que son v\u00edctimas de violencia de g\u00e9nero se sientan protegidas, para poder contrarrestar los efectos de este delito que afecta sus vidas y las de sus familiares.<\/p>\n\n\n\n<p>\u201cEn 2021, hubo 87,000 denuncias por violencia de g\u00e9nero en Rep\u00fablica Dominicana, el delito m\u00e1s denunciado, y la cantidad de denuncias que han sido retiradas tambi\u00e9n es enorme; eso significa que las mujeres no se sienten protegidas y nosotros como Estado tenemos que hacer un pacto por la protecci\u00f3n de las mujeres y las ni\u00f1as\u201d, se\u00f1al\u00f3 Alba Cano.<\/p>\n\n\n\n<p>El coordinador general en AECID, quien precis\u00f3 que el 69 % de las mujeres que tienen m\u00e1s de 15 a\u00f1os manifiestan haber sido agredidas a lo largo de sus vidas, reconoci\u00f3 el inter\u00e9s y la entrega demostrada por el personal del Ministerio P\u00fablico en la b\u00fasqueda de soluciones a esta problem\u00e1tica, lo que indic\u00f3 que ha sido un incentivo para brindar el apoyo necesario desde el organismo que coordina.<\/p>\n\n\n\n<p>\u201cCreo que la convicci\u00f3n personal de los servidores p\u00fablicos es de abrazar el problema, creo que est\u00e1n en la l\u00ednea, y nosotros como pa\u00eds amigo vamos a apoyarles con lo que hemos hecho\u201d, indic\u00f3.<\/p>\n\n\n\n<p>Alba Cano destac\u00f3 que, como ocurrir\u00eda en Espa\u00f1a, en la Rep\u00fablica Dominicana la violencia contra la mujer no era vista como un problema general, pero que poco a poco esa mentalidad ha ido cambiando, para lo cual resalt\u00f3 la importancia de reforzar el sistema judicial, sanitario y educativo en esa direcci\u00f3n.<\/p>\n\n\n\n<p><strong>Direcci\u00f3n General de Comunicaci\u00f3n, Prensa, y RRPP<\/strong><strong><\/strong><\/p>\n\n\n\n<p>Ministerio P\u00fablico&nbsp;.&nbsp;R&nbsp;.&nbsp;D&nbsp;.<\/p>\n","protected":false},"excerpt":{"rendered":"<p>El proceso formativo, coordinado por la Direcci\u00f3n Nacional contra la Violencia de G\u00e9nero, cuenta con el auspicio de la agencia de cooperaci\u00f3n espa\u00f1ola SANTO DOMINGO (Rep\u00fablica Dominicana).-&nbsp;La Procuradur\u00eda General de la Rep\u00fablica, a trav\u00e9s de la Direcci\u00f3n Nacional Contra la Violencia de G\u00e9nero y con el auspicio de la Agencia Espa\u00f1ola de Cooperaci\u00f3n Internacional para [&hellip;]<\/p>\n","protected":false},"author":7,"featured_media":616917,"comment_status":"closed","ping_status":"closed","sticky":false,"template":"","format":"standard","meta":{"footnotes":""},"categories":[24],"tags":[171,2517],"class_list":["post-616895","post","type-post","status-publish","format-standard","has-post-thumbnail","hentry","category-justicia-y-derecho","tag-ministerio-publico","tag-procuraduria"],"_links":{"self":[{"href":"https:\/\/diariodominicano.com\/index.php?rest_route=\/wp\/v2\/posts\/616895","targetHints":{"allow":["GET"]}}],"collection":[{"href":"https:\/\/diariodominicano.com\/index.php?rest_route=\/wp\/v2\/posts"}],"about":[{"href":"https:\/\/diariodominicano.com\/index.php?rest_route=\/wp\/v2\/types\/post"}],"author":[{"embeddable":true,"href":"https:\/\/diariodominicano.com\/index.php?rest_route=\/wp\/v2\/users\/7"}],"replies":[{"embeddable":true,"href":"https:\/\/diariodominicano.com\/index.php?rest_route=%2Fwp%2Fv2%2Fcomments&post=616895"}],"version-history":[{"count":1,"href":"https:\/\/diariodominicano.com\/index.php?rest_route=\/wp\/v2\/posts\/616895\/revisions"}],"predecessor-version":[{"id":616918,"href":"https:\/\/diariodominicano.com\/index.php?rest_route=\/wp\/v2\/posts\/616895\/revisions\/616918"}],"wp:featuredmedia":[{"embeddable":true,"href":"https:\/\/diariodominicano.com\/index.php?rest_route=\/wp\/v2\/media\/616917"}],"wp:attachment":[{"href":"https:\/\/diariodominicano.com\/index.php?rest_route=%2Fwp%2Fv2%2Fmedia&parent=616895"}],"wp:term":[{"taxonomy":"category","embeddable":true,"href":"https:\/\/diariodominicano.com\/index.php?rest_route=%2Fwp%2Fv2%2Fcategories&post=616895"},{"taxonomy":"post_tag","embeddable":true,"href":"https:\/\/diariodominicano.com\/index.php?rest_route=%2Fwp%2Fv2%2Ftags&post=616895"}],"curies":[{"name":"wp","href":"https:\/\/api.w.org\/{rel}","templated":true}]}}