{"id":616625,"date":"2025-05-20T21:58:03","date_gmt":"2025-05-21T01:58:03","guid":{"rendered":"https:\/\/diariodominicano.com\/?p=616625"},"modified":"2025-05-20T21:58:04","modified_gmt":"2025-05-21T01:58:04","slug":"infotep-y-sena-consolidan-alianza-para-transformar-el-sector-hotelero-con-practicas-de-economia-circular","status":"publish","type":"post","link":"https:\/\/diariodominicano.com\/?p=616625","title":{"rendered":"INFOTEP y SENA consolidan alianza para transformar el sector hotelero con pr\u00e1cticas de econom\u00eda circular"},"content":{"rendered":"\n<p>\u00b7&nbsp;&nbsp;&nbsp;&nbsp;&nbsp;&nbsp;&nbsp;&nbsp;&nbsp;Facilitadores y encargados de talleres son capacitados para implementar soluciones sostenibles en establecimientos de alimentos y bebidas<\/p>\n\n\n\n<p>Hig\u00fcey, La Altagracia.&nbsp;\u2013 El Instituto Nacional de Formaci\u00f3n T\u00e9cnico Profesional (INFOTEP) y el Servicio Nacional de Aprendizaje (SENA) de Colombia fortalecen su acuerdo de cooperaci\u00f3n t\u00e9cnica con un nuevo paso conjunto para la implementaci\u00f3n de metodolog\u00edas basadas en la econom\u00eda circular en establecimientos hoteleros, espec\u00edficamente en el \u00e1rea de alimentos y bebidas.<\/p>\n\n\n\n<p>El acuerdo forma parte de una estrategia m\u00e1s amplia de colaboraci\u00f3n entre ambas instituciones, que ya hab\u00edan establecido lazos de trabajo conjunto y la iniciativa binacional busca mitigar los efectos del cambio clim\u00e1tico, mejorar la eficiencia energ\u00e9tica y reducir la generaci\u00f3n de residuos y emisiones contaminantes.<\/p>\n\n\n\n<p>En esta nueva etapa, facilitadores y encargados de talleres del INFOTEP fueron capacitados para aplicar soluciones sostenibles, entre ellas el an\u00e1lisis del ciclo de vida de los residuos, el uso de tecnolog\u00edas eficientes y la redefinici\u00f3n de las pr\u00e1cticas de compra y almacenamiento, fomentando una cultura de aprovechamiento responsable.<\/p>\n\n\n\n<p>\u201cEsta alianza forma parte del pensamiento transformador que promueve el INFOTEP, al ofrecer soluciones concretas que permitan eliminar la contaminaci\u00f3n a trav\u00e9s de la econom\u00eda circular\u201d, afirm\u00f3 el director general del INFOTEP,&nbsp;Rafael Santos Bad\u00eda, quien destac\u00f3 los beneficios que esta iniciativa traer\u00e1 tanto a participantes como a la industria tur\u00edstica.<\/p>\n\n\n\n<p>Mar\u00eda In\u00e9s Am\u00e9zquita Camacho, encargada de la delegaci\u00f3n del SENA en la Regional Quind\u00edo, destac\u00f3 el compromiso de la instituci\u00f3n en apoyar al INFOTEP en el desarrollo de proyectos estrat\u00e9gicos como el turismo, con la intenci\u00f3n de compartir experiencias en econom\u00eda circular y sostenibilidad ambiental.<\/p>\n\n\n\n<p>La capacitaci\u00f3n incluy\u00f3 temas como la eficiencia energ\u00e9tica, dise\u00f1o de planos sostenibles, uso racional de recursos, aplicaci\u00f3n de normas de calidad medioambiental y t\u00e9cnicas de reutilizaci\u00f3n de residuos org\u00e1nicos en cocina, bar y pasteler\u00eda. Estas herramientas ser\u00e1n aplicadas en hoteles bajo el modelo \u201ctodo incluido\u201d, promoviendo un turismo m\u00e1s responsable y competitivo.<\/p>\n\n\n\n<p>Durante la actividad que se desarroll\u00f3 en la Escuela de Hoteler\u00eda, Gastronom\u00eda y Pasteler\u00eda de Hig\u00fcey, en un formato virtual-presencial,&nbsp;Augusto Ospina Puertas, subdirector del Centro de Comercio y Turismo SENA Regional Quind\u00edo, resalt\u00f3 el valor de esta cooperaci\u00f3n como un aporte al bienestar global.<\/p>\n\n\n\n<p>Por su parte, el embajador de Colombia en Rep\u00fablica Dominicana,&nbsp;Dar\u00edo Villamizar, destac\u00f3 la necesidad de fortalecer las compras p\u00fablicas sostenibles, el registro social \u00fanico para emprendedores y las pr\u00e1cticas ambientales inclusivas en territorios fronterizos.<\/p>\n\n\n\n<p>En el encuentro participaron tambi\u00e9n&nbsp;Michelle Sigar\u00e1n, subdirectora de Cooperaci\u00f3n Internacional&nbsp;del&nbsp;INFOTEP, Ram\u00f3n E. Seliman, Ministro Consejero, encargado de negocios A.I., participaci\u00f3n virtual desde Colombia por en representaci\u00f3n del embajador dominicano en Colombia F\u00e9lix Aracena Vargas y Elisa Acosta, encargada de la Escuela de Hoteler\u00eda, Gastronom\u00eda y Pasteler\u00eda de Hig\u00fcey.<\/p>\n\n\n\n<p>Prensa INFOTEP <a href=\"mailto:prensainfotep@infotep.gob.do\">prensainfotep@infotep.gob.do<\/a><\/p>\n","protected":false},"excerpt":{"rendered":"<p>\u00b7&nbsp;&nbsp;&nbsp;&nbsp;&nbsp;&nbsp;&nbsp;&nbsp;&nbsp;Facilitadores y encargados de talleres son capacitados para implementar soluciones sostenibles en establecimientos de alimentos y bebidas Hig\u00fcey, La Altagracia.&nbsp;\u2013 El Instituto Nacional de Formaci\u00f3n T\u00e9cnico Profesional (INFOTEP) y el Servicio Nacional de Aprendizaje (SENA) de Colombia fortalecen su acuerdo de cooperaci\u00f3n t\u00e9cnica con un nuevo paso conjunto para la implementaci\u00f3n de metodolog\u00edas basadas en [&hellip;]<\/p>\n","protected":false},"author":7,"featured_media":616638,"comment_status":"closed","ping_status":"closed","sticky":false,"template":"","format":"standard","meta":{"footnotes":""},"categories":[32],"tags":[94,2504],"class_list":["post-616625","post","type-post","status-publish","format-standard","has-post-thumbnail","hentry","category-turismo","tag-infotep","tag-sena"],"_links":{"self":[{"href":"https:\/\/diariodominicano.com\/index.php?rest_route=\/wp\/v2\/posts\/616625","targetHints":{"allow":["GET"]}}],"collection":[{"href":"https:\/\/diariodominicano.com\/index.php?rest_route=\/wp\/v2\/posts"}],"about":[{"href":"https:\/\/diariodominicano.com\/index.php?rest_route=\/wp\/v2\/types\/post"}],"author":[{"embeddable":true,"href":"https:\/\/diariodominicano.com\/index.php?rest_route=\/wp\/v2\/users\/7"}],"replies":[{"embeddable":true,"href":"https:\/\/diariodominicano.com\/index.php?rest_route=%2Fwp%2Fv2%2Fcomments&post=616625"}],"version-history":[{"count":1,"href":"https:\/\/diariodominicano.com\/index.php?rest_route=\/wp\/v2\/posts\/616625\/revisions"}],"predecessor-version":[{"id":616639,"href":"https:\/\/diariodominicano.com\/index.php?rest_route=\/wp\/v2\/posts\/616625\/revisions\/616639"}],"wp:featuredmedia":[{"embeddable":true,"href":"https:\/\/diariodominicano.com\/index.php?rest_route=\/wp\/v2\/media\/616638"}],"wp:attachment":[{"href":"https:\/\/diariodominicano.com\/index.php?rest_route=%2Fwp%2Fv2%2Fmedia&parent=616625"}],"wp:term":[{"taxonomy":"category","embeddable":true,"href":"https:\/\/diariodominicano.com\/index.php?rest_route=%2Fwp%2Fv2%2Fcategories&post=616625"},{"taxonomy":"post_tag","embeddable":true,"href":"https:\/\/diariodominicano.com\/index.php?rest_route=%2Fwp%2Fv2%2Ftags&post=616625"}],"curies":[{"name":"wp","href":"https:\/\/api.w.org\/{rel}","templated":true}]}}