{"id":616467,"date":"2025-05-20T02:27:37","date_gmt":"2025-05-20T06:27:37","guid":{"rendered":"https:\/\/diariodominicano.com\/?p=616467"},"modified":"2025-05-20T02:27:50","modified_gmt":"2025-05-20T06:27:50","slug":"santiago-noreste-conquista-festival-escolar-regional-de-tenis-de-mesa-organizado-por-el-inefi","status":"publish","type":"post","link":"https:\/\/diariodominicano.com\/?p=616467","title":{"rendered":"Santiago Noreste conquista Festival Escolar Regional de Tenis de Mesa organizado por el INEFI"},"content":{"rendered":"\n<p><em>El certamen se llev\u00f3 a cabo en el polideportivo del Centro Educativo Jos\u00e9 Francisco Pe\u00f1a G\u00f3mez, inaugurado recientemente por el Instituto Nacional de Educaci\u00f3n F\u00edsica<\/em><\/p>\n\n\n\n<p>SANTIAGO, RD &#8211; El representante del distrito escolar 08-06, correspondiente a Santiago Noreste, se proclam\u00f3 campe\u00f3n del Festival Regional Escolar de Tenis de Mesa U13 y U15, organizado por el Instituto Nacional de Educaci\u00f3n F\u00edsica (INEFI) en coordinaci\u00f3n con las direcciones regionales 08 y la Federaci\u00f3n Dominicana de Tenis de Mesa (Fedoteme).<\/p>\n\n\n\n<figure class=\"wp-block-image size-large\"><img loading=\"lazy\" decoding=\"async\" width=\"1024\" height=\"722\" src=\"https:\/\/diariodominicano.com\/wp-content\/uploads\/2025\/05\/El-podio-del-Festival-Escolar-Regional-de-Tenis-de-Mesa-U13-y-U15-1024x722.jpeg\" alt=\"\" class=\"wp-image-616475\" srcset=\"https:\/\/diariodominicano.com\/wp-content\/uploads\/2025\/05\/El-podio-del-Festival-Escolar-Regional-de-Tenis-de-Mesa-U13-y-U15-1024x722.jpeg 1024w, https:\/\/diariodominicano.com\/wp-content\/uploads\/2025\/05\/El-podio-del-Festival-Escolar-Regional-de-Tenis-de-Mesa-U13-y-U15-300x211.jpeg 300w, https:\/\/diariodominicano.com\/wp-content\/uploads\/2025\/05\/El-podio-del-Festival-Escolar-Regional-de-Tenis-de-Mesa-U13-y-U15-768x541.jpeg 768w, https:\/\/diariodominicano.com\/wp-content\/uploads\/2025\/05\/El-podio-del-Festival-Escolar-Regional-de-Tenis-de-Mesa-U13-y-U15-816x575.jpeg 816w, https:\/\/diariodominicano.com\/wp-content\/uploads\/2025\/05\/El-podio-del-Festival-Escolar-Regional-de-Tenis-de-Mesa-U13-y-U15.jpeg 1290w\" sizes=\"auto, (max-width: 1024px) 100vw, 1024px\" \/><figcaption class=\"wp-element-caption\">El podio del Festival Escolar Regional de Tenis de Mesa U13 y U15 fue ocupado por los equipos de Santiago Noreste, Licey al Medio y J\u00e1nico, sucesivamente <\/figcaption><\/figure>\n\n\n\n<p>El certamen se llev\u00f3 a cabo en el polideportivo del Centro Educativo Jos\u00e9 Francisco Pe\u00f1a G\u00f3mez, ubicado en el sector Pueblo Nuevo de Santiago, inaugurado recientemente por el INEFI, y cont\u00f3 con la participaci\u00f3n de 280 atletas provenientes de diferentes regionales de la provincia.<\/p>\n\n\n\n<p>El equipo de Santiago Noreste acumul\u00f3 un total de 2,150 puntos, seguido de la regional 08-08 (Licey al Medio) con 2,120, mientras que el tercer lugar qued\u00f3 ocupado por la regional 08-02 (J\u00e1nico), con 630 tantos.<\/p>\n\n\n\n<p>El presidente de la Fedoteme, Gary Hern\u00e1ndez, calific\u00f3 de \u201cextraordinario el resultado del evento, y todo se debe al trabajo mancomunado de la Federaci\u00f3n Dominicana de Tenis de Mesa y el Instituto Nacional de Educaci\u00f3n F\u00edsica\u201d.<\/p>\n\n\n\n<p>De su lado, la presidenta de la Asociaci\u00f3n de Tenis de Mesa de Santiago expres\u00f3: \u00abFue un fin de semana lleno de emociones debido a la gran cantidad de estudiantes que participaron en este festival regional. Cada uno de ellos mostr\u00f3 avances significativos en este deporte, lo que abre la posibilidad de que en el futuro puedan representar al pa\u00eds en competencias internacionales\u00bb.<\/p>\n\n\n\n<p>Adem\u00e1s de las regionales mencionadas, tambi\u00e9n particip\u00f3 08-10 (Villa Gonz\u00e1lez), 08-03 (Santiago Sureste), 08-07 (Villa Bison\u00f3-Navarrete), 08-09 (Tamboril), 08-04 (Santiago Noroeste) y 08-05 (Santiago Centro-Oeste).<\/p>\n\n\n\n<p>Con este certamen, el INEFI, las direcciones regionales y Fedoteme buscan seguir fomentando el tenis de mesa escolar en la Rep\u00fablica Dominicana, promoviendo el desarrollo deportivo desde la etapa formativa.<\/p>\n\n\n\n<p>La segunda etapa del Festival Regional de Tenis de Mesa se llevar\u00e1 a cabo del 29 al 31 de mayo en el techado del Centro Educativo de Excelencia Deportiva Profesor Alberto Byas, en San Pedro de Macor\u00eds., regional 05<\/p>\n\n\n\n<p><strong>Campeones por categor\u00edas<\/strong><\/p>\n\n\n\n<p>En la categor\u00eda U13 individual femenino, Franyelis Rojas (08-02) conquist\u00f3 el primer lugar, seguida por Shaina Polanco (08-06). El tercer puesto fue compartido por Esteisy Hern\u00e1ndez (08-06) y Leandra Hern\u00e1ndez (08-06).<\/p>\n\n\n\n<p>En la categor\u00eda masculina U13, los ganadores fueron \u00c1ngel Dom\u00ednguez (08-08), Juan Bautista (08-06), Eli\u00e1n \u00c1lvarez (08-02) y Liam P\u00e9rez (08-06).<\/p>\n\n\n\n<p>En la categor\u00eda U15 femenino, se destacaron Dixsany Silverio (08-06), Violet Jim\u00e9nez (08-06), Eliana Mart\u00ednez (08-08) y Mia Ipia (08-08). En la rama masculina, los mejores fueron Brayan P\u00e9rez (08-10), Carelson Ure\u00f1a (08-08), Virgil \u00c1lvarez (08-08) y Riquelmi Rosario (08-03).<\/p>\n\n\n\n<p>En dobles U13 femenino, Steisy y Leandra Hern\u00e1ndez (08-06) lograron el primer lugar, mientras que en masculino, los campeones fueron \u00c1ngel Dom\u00ednguez y Juan Bautista (08-08).<\/p>\n\n\n\n<p>En dobles U15 femenino, el primer lugar fue para Dixsany Silverio y Violet Jim\u00e9nez (08-06), mientras que en masculino, el d\u00fao Carelson Ure\u00f1a y Virgil \u00c1lvarez (08-06) se coron\u00f3 campe\u00f3n.<\/p>\n\n\n\n<p>En dobles mixto U13, la dupla Dixsany Silverio y Carelson Ure\u00f1a (08-06) se alz\u00f3 con el t\u00edtulo, mientras que en mixto U15 los ganadores fueron \u00c1ngel Dom\u00ednguez y Franyelis Rojas (08-08).<\/p>\n\n\n\n<p>En la competencia por equipos U15 masculino, el equipo de Villa Gonz\u00e1lez (08-10) se llev\u00f3 el primer lugar. En la categor\u00eda U15 femenino, Santiago Noreste (08-06) se coron\u00f3 campe\u00f3n. En masculino U13, el t\u00edtulo fue para Licey al Medio (08-08), mientras que en femenino U13, el equipo de Santiago Noreste (08-06) se destac\u00f3 como el mejor.<\/p>\n\n\n\n<p>Con este triunfo, Santiago Noreste reafirma su liderazgo en el tenis de mesa escolar, destac\u00e1ndose en un evento que busca fortalecer el desarrollo deportivo juvenil en la regi\u00f3n.<\/p>\n\n\n\n<p><strong>PRENSA INEFI<\/strong>\u00a0&lt;prensainefi@gmail.com> <\/p>\n","protected":false},"excerpt":{"rendered":"<p>El certamen se llev\u00f3 a cabo en el polideportivo del Centro Educativo Jos\u00e9 Francisco Pe\u00f1a G\u00f3mez, inaugurado recientemente por el Instituto Nacional de Educaci\u00f3n F\u00edsica SANTIAGO, RD &#8211; El representante del distrito escolar 08-06, correspondiente a Santiago Noreste, se proclam\u00f3 campe\u00f3n del Festival Regional Escolar de Tenis de Mesa U13 y U15, organizado por el [&hellip;]<\/p>\n","protected":false},"author":7,"featured_media":616475,"comment_status":"closed","ping_status":"closed","sticky":false,"template":"","format":"standard","meta":{"footnotes":""},"categories":[17],"tags":[491],"class_list":["post-616467","post","type-post","status-publish","format-standard","has-post-thumbnail","hentry","category-deportes","tag-inefi"],"_links":{"self":[{"href":"https:\/\/diariodominicano.com\/index.php?rest_route=\/wp\/v2\/posts\/616467","targetHints":{"allow":["GET"]}}],"collection":[{"href":"https:\/\/diariodominicano.com\/index.php?rest_route=\/wp\/v2\/posts"}],"about":[{"href":"https:\/\/diariodominicano.com\/index.php?rest_route=\/wp\/v2\/types\/post"}],"author":[{"embeddable":true,"href":"https:\/\/diariodominicano.com\/index.php?rest_route=\/wp\/v2\/users\/7"}],"replies":[{"embeddable":true,"href":"https:\/\/diariodominicano.com\/index.php?rest_route=%2Fwp%2Fv2%2Fcomments&post=616467"}],"version-history":[{"count":1,"href":"https:\/\/diariodominicano.com\/index.php?rest_route=\/wp\/v2\/posts\/616467\/revisions"}],"predecessor-version":[{"id":616476,"href":"https:\/\/diariodominicano.com\/index.php?rest_route=\/wp\/v2\/posts\/616467\/revisions\/616476"}],"wp:featuredmedia":[{"embeddable":true,"href":"https:\/\/diariodominicano.com\/index.php?rest_route=\/wp\/v2\/media\/616475"}],"wp:attachment":[{"href":"https:\/\/diariodominicano.com\/index.php?rest_route=%2Fwp%2Fv2%2Fmedia&parent=616467"}],"wp:term":[{"taxonomy":"category","embeddable":true,"href":"https:\/\/diariodominicano.com\/index.php?rest_route=%2Fwp%2Fv2%2Fcategories&post=616467"},{"taxonomy":"post_tag","embeddable":true,"href":"https:\/\/diariodominicano.com\/index.php?rest_route=%2Fwp%2Fv2%2Ftags&post=616467"}],"curies":[{"name":"wp","href":"https:\/\/api.w.org\/{rel}","templated":true}]}}