{"id":616154,"date":"2025-05-18T21:50:08","date_gmt":"2025-05-19T01:50:08","guid":{"rendered":"https:\/\/diariodominicano.com\/?p=616154"},"modified":"2025-05-18T21:50:11","modified_gmt":"2025-05-19T01:50:11","slug":"rafael-santos-badia-exhorta-a-fortalecer-el-sindicalismo-con-democracia-inclusion-y-adaptacion-tecnologica","status":"publish","type":"post","link":"https:\/\/diariodominicano.com\/?p=616154","title":{"rendered":"Rafael Santos Bad\u00eda exhorta a fortalecer el sindicalismo con democracia, inclusi\u00f3n y adaptaci\u00f3n tecnol\u00f3gica"},"content":{"rendered":"\n<p><em>Durante el cierre del 5to Congreso de la Confederaci\u00f3n Sindical de las Am\u00e9ricas, abord\u00f3 los retos actuales del movimiento sindical ante los cambios sociales y tecnol\u00f3gicos.<\/em><\/p>\n\n\n\n<p>Punta Cana. -El profesor Rafael Santos Bad\u00eda, director general del Instituto Nacional de Formaci\u00f3n T\u00e9cnico Profesional (INFOTEP), afirm\u00f3 que el movimiento sindical debe transformarse en un nuevo sindicalismo, fundamentado en la democracia interna, la inclusi\u00f3n de mujeres y j\u00f3venes, y la adaptaci\u00f3n tecnol\u00f3gica, para hacer frente a las profundas transformaciones que experimenta el mundo del trabajo.<\/p>\n\n\n\n<p>Durante su participaci\u00f3n en el acto de clausura del 5to Congreso de la Confederaci\u00f3n Sindical de las Am\u00e9ricas (CSA), celebrado del 13 al 17 de mayo, Santos Bad\u00eda abord\u00f3 los desaf\u00edos que impone la cuarta revoluci\u00f3n industrial, los efectos sociales de la exclusi\u00f3n y la necesidad de una acci\u00f3n sindical m\u00e1s consciente, moderna y solidaria.<\/p>\n\n\n\n<figure class=\"wp-block-image size-full\"><img loading=\"lazy\" decoding=\"async\" width=\"794\" height=\"529\" src=\"https:\/\/diariodominicano.com\/wp-content\/uploads\/2025\/05\/Rafael-Freires-sec-gral-CSA-entrega-reconocieminto-a-Rafael-Santos-Badia.jpg\" alt=\"\" class=\"wp-image-616165\" srcset=\"https:\/\/diariodominicano.com\/wp-content\/uploads\/2025\/05\/Rafael-Freires-sec-gral-CSA-entrega-reconocieminto-a-Rafael-Santos-Badia.jpg 794w, https:\/\/diariodominicano.com\/wp-content\/uploads\/2025\/05\/Rafael-Freires-sec-gral-CSA-entrega-reconocieminto-a-Rafael-Santos-Badia-300x200.jpg 300w, https:\/\/diariodominicano.com\/wp-content\/uploads\/2025\/05\/Rafael-Freires-sec-gral-CSA-entrega-reconocieminto-a-Rafael-Santos-Badia-768x512.jpg 768w\" sizes=\"auto, (max-width: 794px) 100vw, 794px\" \/><\/figure>\n\n\n\n<p>\u201cEl sindicalismo no puede temer al cambio. Tiene que ser parte de las&nbsp;transformaciones. Debe preparar a las nuevas generaciones para los empleos del futuro, garantizar condiciones dignas, y liderar con inteligencia, democracia y visi\u00f3n\u201d, expres\u00f3.<\/p>\n\n\n\n<p><strong>Transformaci\u00f3n del trabajo y formaci\u00f3n profesional<\/strong><\/p>\n\n\n\n<p>El director del INFOTEP explic\u00f3 que, como resultado de la transformaci\u00f3n tecnol\u00f3gica, m\u00e1s de 90 millones de empleos desaparecer\u00e1n, pero se generar\u00e1n m\u00e1s de 140 millones de nuevas ocupaciones, lo que representa una gran oportunidad para los trabajadores, siempre que exista una respuesta adecuada desde la formaci\u00f3n t\u00e9cnica y profesional.<\/p>\n\n\n\n<p>En ese sentido, subray\u00f3 el compromiso de INFOTEP con la capacitaci\u00f3n continua y la actualizaci\u00f3n de competencias para apoyar a trabajadores y trabajadoras en su proceso de adaptaci\u00f3n a un entorno cada vez m\u00e1s digital, automatizado y especializado.<\/p>\n\n\n\n<p><strong>Inclusi\u00f3n y liderazgo juvenil<\/strong><\/p>\n\n\n\n<p>Santos Bad\u00eda hizo \u00e9nfasis en la necesidad de renovar los liderazgos dentro de las organizaciones sindicales, integrando a las nuevas generaciones que tienen formas distintas de pensar, comunicarse y actuar.<\/p>\n\n\n\n<p>Como ejemplo explic\u00f3 que los j\u00f3venes trabajadores prefieren las reuniones virtuales, m\u00e1s que las presenciales.<\/p>\n\n\n\n<p>\u201cPodemos organizar asambleas virtuales, webinars, encuentros a trav\u00e9s del metaverso. Es decir, podemos hacer el sindicalismo del futuro para los empleos del futuro. Y ese sindicalismo ser\u00e1 m\u00e1s poderoso, m\u00e1s consciente\u201d, dijo.<\/p>\n\n\n\n<p>Asimismo, destac\u00f3 que el sindicalismo del presente y del futuro debe tener rostro de mujer y rostro juvenil, con estructuras abiertas, representativas y equitativas que reflejen la diversidad de la fuerza laboral actual.<\/p>\n\n\n\n<p><strong>Sindicalismo sociopol\u00edtico y defensa de los derechos<\/strong><\/p>\n\n\n\n<p>Santos Bad\u00eda advirti\u00f3 sobre el resurgimiento de discursos excluyentes y pr\u00e1cticas que atentan contra los derechos de las personas migrantes, las minor\u00edas y los sectores vulnerables. Record\u00f3 episodios hist\u00f3ricos de persecuci\u00f3n y represi\u00f3n para llamar a una defensa activa de la libertad sindical, la igualdad de derechos y la justicia social.<\/p>\n\n\n\n<p>Tambi\u00e9n dijo que el sindicalismo no solo debe defender condiciones laborales, sino tambi\u00e9n actuar como fuerza sociopol\u00edtica en favor de una sociedad m\u00e1s justa, con acceso a salud, educaci\u00f3n, techo, alimentaci\u00f3n, bienestar y paz.<\/p>\n\n\n\n<p>Asimismo, reafirm\u00f3 el compromiso del INFOTEP con el desarrollo de competencias, el di\u00e1logo social y el fortalecimiento del sindicalismo como actor clave para el desarrollo inclusivo.<\/p>\n\n\n\n<p><strong>CSA reconoce a Rafael Santos Bad\u00eda<\/strong><\/p>\n\n\n\n<p>La CSA, a trav\u00e9s de su director general, Rafael Freire, entreg\u00f3 un reconocimiento al profesor Rafael Santos Bad\u00eda, en agradecimiento por su valiosa colaboraci\u00f3n y compromiso en la organizaci\u00f3n del evento, as\u00ed como por su contribuci\u00f3n al fortalecimiento de la clase trabajadora de las Am\u00e9ricas.<\/p>\n\n\n\n<p><strong>Clausura del Congreso<\/strong><\/p>\n\n\n\n<p>El Quinto Congreso de la CSA reuni\u00f3 a representantes sindicales de toda Am\u00e9rica durante cinco d\u00edas de debates, intercambios y propuestas en torno al futuro del trabajo, la democracia, los derechos laborales y la sostenibilidad.<\/p>\n\n\n\n<p>Prensa INFOTEP <a href=\"mailto:prensainfotep@infotep.gob.do\">prensainfotep@infotep.gob.do<\/a><\/p>\n","protected":false},"excerpt":{"rendered":"<p>Durante el cierre del 5to Congreso de la Confederaci\u00f3n Sindical de las Am\u00e9ricas, abord\u00f3 los retos actuales del movimiento sindical ante los cambios sociales y tecnol\u00f3gicos. Punta Cana. -El profesor Rafael Santos Bad\u00eda, director general del Instituto Nacional de Formaci\u00f3n T\u00e9cnico Profesional (INFOTEP), afirm\u00f3 que el movimiento sindical debe transformarse en un nuevo sindicalismo, fundamentado [&hellip;]<\/p>\n","protected":false},"author":7,"featured_media":616164,"comment_status":"closed","ping_status":"closed","sticky":false,"template":"","format":"standard","meta":{"footnotes":""},"categories":[36],"tags":[94],"class_list":["post-616154","post","type-post","status-publish","format-standard","has-post-thumbnail","hentry","category-hombresmujeresycosas","tag-infotep"],"_links":{"self":[{"href":"https:\/\/diariodominicano.com\/index.php?rest_route=\/wp\/v2\/posts\/616154","targetHints":{"allow":["GET"]}}],"collection":[{"href":"https:\/\/diariodominicano.com\/index.php?rest_route=\/wp\/v2\/posts"}],"about":[{"href":"https:\/\/diariodominicano.com\/index.php?rest_route=\/wp\/v2\/types\/post"}],"author":[{"embeddable":true,"href":"https:\/\/diariodominicano.com\/index.php?rest_route=\/wp\/v2\/users\/7"}],"replies":[{"embeddable":true,"href":"https:\/\/diariodominicano.com\/index.php?rest_route=%2Fwp%2Fv2%2Fcomments&post=616154"}],"version-history":[{"count":1,"href":"https:\/\/diariodominicano.com\/index.php?rest_route=\/wp\/v2\/posts\/616154\/revisions"}],"predecessor-version":[{"id":616166,"href":"https:\/\/diariodominicano.com\/index.php?rest_route=\/wp\/v2\/posts\/616154\/revisions\/616166"}],"wp:featuredmedia":[{"embeddable":true,"href":"https:\/\/diariodominicano.com\/index.php?rest_route=\/wp\/v2\/media\/616164"}],"wp:attachment":[{"href":"https:\/\/diariodominicano.com\/index.php?rest_route=%2Fwp%2Fv2%2Fmedia&parent=616154"}],"wp:term":[{"taxonomy":"category","embeddable":true,"href":"https:\/\/diariodominicano.com\/index.php?rest_route=%2Fwp%2Fv2%2Fcategories&post=616154"},{"taxonomy":"post_tag","embeddable":true,"href":"https:\/\/diariodominicano.com\/index.php?rest_route=%2Fwp%2Fv2%2Ftags&post=616154"}],"curies":[{"name":"wp","href":"https:\/\/api.w.org\/{rel}","templated":true}]}}