{"id":616001,"date":"2025-05-17T11:51:30","date_gmt":"2025-05-17T15:51:30","guid":{"rendered":"https:\/\/diariodominicano.com\/?p=616001"},"modified":"2025-05-18T02:10:04","modified_gmt":"2025-05-18T06:10:04","slug":"felix-mota-poeta-heroe-y-martir","status":"publish","type":"post","link":"https:\/\/diariodominicano.com\/?p=616001","title":{"rendered":"FELIX MOTA, POETA, H\u00c9ROE Y M\u00c1RTIR\u00a0"},"content":{"rendered":"\n<p><strong>Por Te\u00f3filo Lappot Robles&nbsp;<\/strong><\/p>\n\n\n\n<p>El pasado dominicano es como un lienzo pintado con nombres de personas importantes cuyas vidas son desconocidas hoy. M\u00e1quinas trituradoras y conductores con visi\u00f3n casposa de los valores humanos del pa\u00eds han creado un enorme vac\u00edo informativo sobre lo que somos como naci\u00f3n.&nbsp;<\/p>\n\n\n\n<p>Rescatar la memoria de aquellos que dejaron huellas positivas siempre ser\u00e1 \u00fatil para el presente y el futuro de los dominicanos, especialmente cuando la tendencia actual es infravalorar lo bueno y darle preeminencia a un inmediatismo cargado de negatividades.&nbsp;<\/p>\n\n\n\n<p>Uno de esos dominicanos olvidados se llam\u00f3<strong> <\/strong>F\u00e9lix Mota Veloz, poeta, militar y patriota independentista y restaurador. Ten\u00eda 39 a\u00f1os de edad cuando fue fusilado por \u00f3rdenes expresas del general anexionista Pedro Santana.&nbsp;<\/p>\n\n\n\n<p>En unos versos suyos en plena ocupaci\u00f3n haitiana F\u00e9lix Mota instaba a luchar por la libertad del pueblo dominicano: \u201cValientes ciudadanos las armas empu\u00f1ad\u2026muerte o libertad\u201d. En unos ensayos biogr\u00e1ficos se escribi\u00f3 de \u00e9l lo siguiente: \u201c\u2026le cabe la honra no com\u00fan de haber intentado sacar la poes\u00eda de su pa\u00eds de la postraci\u00f3n en que hab\u00eda ca\u00eddo como consecuencia de la ocupaci\u00f3n haitiana y del abatimiento en que sumi\u00f3 al pensamiento nacional ese episodio ignominioso.\u201d (Obras selectas. Tomo II. Editora Corripio, 2006. Pp 514 y 515, Joaqu\u00edn Balaguer).&nbsp;<\/p>\n\n\n\n<p>En su qu\u00edntuple condici\u00f3n de poeta, pol\u00edtico, educador, escritor y militar siempre estuvo al servicio de su patria. Su nombre forma parte del martirologio de los grandes dominicanos que cayeron defendiendo la soberan\u00eda nacional.&nbsp;<\/p>\n\n\n\n<p>Cuando se produjo el trabucazo de Mella en la puerta de La Misericordia F\u00e9lix Mota ten\u00eda 21 a\u00f1os de edad, pero estaba consciente de que su papel era arriesgar su vida por la libertad de su pueblo, raz\u00f3n por la cual decidi\u00f3 cumplir con su voluntad patri\u00f3tica.&nbsp;<\/p>\n\n\n\n<p>&nbsp;Dej\u00f3 la tranquilidad de su hogar y arma en manos form\u00f3 parte del pu\u00f1ado de valientes que enfrentaron a los intrusos extranjeros que durante m\u00e1s de dos d\u00e9cadas manten\u00edan subyugados a los dominicanos. Lleg\u00f3 a ser un experto en artiller\u00eda, tal y como est\u00e1 registrado en informes militares del pa\u00eds correspondientes al a\u00f1o 1854.&nbsp;<\/p>\n\n\n\n<p>Tambi\u00e9n us\u00f3 su capacidad creativa para escribir epigramas contra funestos personajes de su \u00e9poca que ensangrentaron el pa\u00eds y lo vendieron a una potencia extranjera por privilegios e ignominiosas charreteras.&nbsp;<\/p>\n\n\n\n<p>En su texto titulado \u201cel ofensivo anagrama\u201d escribi\u00f3 de Santana lo siguiente: \u201cEste pueblo, desgraciado\/ y silencioso gem\u00eda\/ y su llanto complac\u00eda\/ del Guabatico al Chacal\u201d.&nbsp;<\/p>\n\n\n\n<p>Cuando el Congreso Nacional al servicio del referido s\u00e1trapa le otorg\u00f3 mediante resoluci\u00f3n, el 26 de mayo de 1855, la isla Saona para que se adue\u00f1ara durante 50 a\u00f1os de sus grandes bosques de caoba fue F\u00e9lix Mota la voz m\u00e1s activa para que ese desprop\u00f3sito fuera revocado. As\u00ed ocurri\u00f3 al a\u00f1o siguiente cuando el \u00e1spero gobernante tuvo que bajar del poder.&nbsp;<\/p>\n\n\n\n<p>Mota fue conocido como un hombre sencillo y agradable. Alguien lo calific\u00f3 como poseedor de una inspiraci\u00f3n po\u00e9tica \u201cde mediana monta\u201d, lo cual no le resta m\u00e9ritos para ser parte importante del parnaso nacional, visto el contexto de carencia cultural en que se desenvolvi\u00f3.&nbsp;<\/p>\n\n\n\n<p>De F\u00e9lix Mota Veloz escribi\u00f3 Emilio Rodr\u00edguez Demorizi que sus inspiraciones po\u00e9ticas ayudaron al \u201cmejoramiento del orden social estacionario bajo el caudillaje\u201d. Lo calific\u00f3 de inteligente y de coraz\u00f3n sensible y que por eso no pod\u00eda permanecer \u201cal margen de la apasionante lucha civil\u201d.&nbsp; (Santana y los poetas de su tiempo. Editora del Caribe, 1969.Emilio Rodr\u00edguez Demorizi).&nbsp;<\/p>\n\n\n\n<p>Su actividad pol\u00edtica y militar no le impidi\u00f3 seguir cultivando su inclinaci\u00f3n literaria. La prueba de eso es que su nombre est\u00e1 incluido en la primera antolog\u00eda de poes\u00eda dominicana, publicada originalmente en a\u00f1o 1874, en la cual se incluyeron sus poemas La virgen del Ozama, La muerte de la se\u00f1orita Dolores Suazo, El Blasfemo y La Vida. (La lira de Quisqueya. Jos\u00e9 Castellanos. Edici\u00f3n en facs\u00edmil en 1974 por la SDB.Pp79-92).&nbsp;<\/p>\n\n\n\n<p>Su decisi\u00f3n de retornar al pa\u00eds en la expedici\u00f3n revolucionaria encabezada por Francisco del Rosario S\u00e1nchez y Jos\u00e9 Mar\u00eda Cabral, para defender la Independencia Nacional, se convirti\u00f3 en una fuente de inspiraci\u00f3n para miles de dominicanos que jam\u00e1s cedieron en su lucha por la libertad. La hecatombe del 4 de julio de 1861 aviv\u00f3 el \u00e1nimo del pueblo llano, que fue el protagonista principal de la epopeya restauradora.&nbsp;&nbsp;<\/p>\n\n\n\n<p>La llegada a Hondo Valle, El Cercado y otros lugares del suroeste dominicano, el 1 de junio de 1861, de los patriotas restauradores, entre los que estaba F\u00e9lix Mota, fue algo m\u00e1s que un episodio simb\u00f3lico, pues marc\u00f3 una clara se\u00f1al de que el pueblo dominicano estaba dispuesto a desafiar con las armas a sus enemigos.<\/p>\n\n\n\n<p>Muy diferente al criterio de un oficial espa\u00f1ol anexionista que luego escribi\u00f3 al respecto: \u201c\u2026el suceso que acabamos de describir, lo mismo que el de Moca, eran tan s\u00f3lo chispas desprendidas del fuego rec\u00f3ndito que se atizaba\u00bb. (Historia de la dominaci\u00f3n y \u00faltima guerra de Espa\u00f1a en Santo Domingo. Editora de Sto. Dgo., 1974.P76. Ram\u00f3n Gonz\u00e1lez Tablas).&nbsp;<\/p>\n\n\n\n<p>El escritor Federico Henr\u00edquez y Carvajal, al hacer un recuento de los h\u00e9roes y m\u00e1rtires que combatieron a los anexionistas criollos y extranjeros y fueron fusilados, cita como los primeros a los que cayeron en Moca el 2 de mayo de 1861, entre ellos Jos\u00e9 Contreras, Jos\u00e9 Ma. Rodr\u00edguez, Cayetano Germos\u00e9n y Jos\u00e9 Inocencio Reyes.&nbsp;<\/p>\n\n\n\n<p>El gran educador que fue don Federico puntualiz\u00f3 de inmediato que: \u201cDos meses m\u00e1s tarde, en el Sur, con su punto de partida en la frontera de facto\u2026subieron al pat\u00edbulo en San Juan de la Maguana los rendidos en El Cercado. Eran veintiuno: Francisco del Rosario S\u00e1nchez, F\u00e9lix Mota, Benigno del Castillo, Domingo Pi\u00f1eyro, Gabino Simon\u00f3, Juan Erazo\u2026\u201d<strong> (<\/strong>Apuntes para la Historia de la Cultura Dominicana. Federico Henr\u00edquez y Carvajal. CL\u00cdO.No.115. P 177).&nbsp;<\/p>\n\n\n\n<p>El mismo autor (en un estudio sobre las primeras generaciones literarias que surgieron en el pa\u00eds luego de la Independencia Nacional) se refiere a la forma en que terminaron su existencia varios poetas y literatos, especificando que con motivo de los enfrentamientos entre patriotas y anexionistas \u201c\u2026Dos sellaron con su sangre heroica la protesta restauradora: F\u00e9lix Mota, en 1861, en el pat\u00edbulo de San Juan de la Maguana y Eugenio Perdomo, en 1863, en el pat\u00edbulo alzado en Santiago de los Caballeros\u2026\u201d&nbsp;&nbsp;<\/p>\n\n\n\n<p>Es tiempo de que la memoria del patriota y m\u00e1rtir F\u00e9lix Mota Veloz sea rescatada del olvido en que se ha mantenido por m\u00e1s de 160 a\u00f1os, desde que ofrend\u00f3 su vida luchando por restaurar la mancillada soberan\u00eda dominicana.&nbsp;<\/p>\n","protected":false},"excerpt":{"rendered":"<p>Por Te\u00f3filo Lappot Robles&nbsp; El pasado dominicano es como un lienzo pintado con nombres de personas importantes cuyas vidas son desconocidas hoy. M\u00e1quinas trituradoras y conductores con visi\u00f3n casposa de los valores humanos del pa\u00eds han creado un enorme vac\u00edo informativo sobre lo que somos como naci\u00f3n.&nbsp; Rescatar la memoria de aquellos que dejaron huellas [&hellip;]<\/p>\n","protected":false},"author":7,"featured_media":525185,"comment_status":"closed","ping_status":"closed","sticky":false,"template":"","format":"standard","meta":{"footnotes":""},"categories":[21],"tags":[177],"class_list":["post-616001","post","type-post","status-publish","format-standard","has-post-thumbnail","hentry","category-cultura","tag-teofilo-lappot-robles"],"_links":{"self":[{"href":"https:\/\/diariodominicano.com\/index.php?rest_route=\/wp\/v2\/posts\/616001","targetHints":{"allow":["GET"]}}],"collection":[{"href":"https:\/\/diariodominicano.com\/index.php?rest_route=\/wp\/v2\/posts"}],"about":[{"href":"https:\/\/diariodominicano.com\/index.php?rest_route=\/wp\/v2\/types\/post"}],"author":[{"embeddable":true,"href":"https:\/\/diariodominicano.com\/index.php?rest_route=\/wp\/v2\/users\/7"}],"replies":[{"embeddable":true,"href":"https:\/\/diariodominicano.com\/index.php?rest_route=%2Fwp%2Fv2%2Fcomments&post=616001"}],"version-history":[{"count":1,"href":"https:\/\/diariodominicano.com\/index.php?rest_route=\/wp\/v2\/posts\/616001\/revisions"}],"predecessor-version":[{"id":616002,"href":"https:\/\/diariodominicano.com\/index.php?rest_route=\/wp\/v2\/posts\/616001\/revisions\/616002"}],"wp:featuredmedia":[{"embeddable":true,"href":"https:\/\/diariodominicano.com\/index.php?rest_route=\/wp\/v2\/media\/525185"}],"wp:attachment":[{"href":"https:\/\/diariodominicano.com\/index.php?rest_route=%2Fwp%2Fv2%2Fmedia&parent=616001"}],"wp:term":[{"taxonomy":"category","embeddable":true,"href":"https:\/\/diariodominicano.com\/index.php?rest_route=%2Fwp%2Fv2%2Fcategories&post=616001"},{"taxonomy":"post_tag","embeddable":true,"href":"https:\/\/diariodominicano.com\/index.php?rest_route=%2Fwp%2Fv2%2Ftags&post=616001"}],"curies":[{"name":"wp","href":"https:\/\/api.w.org\/{rel}","templated":true}]}}