{"id":615971,"date":"2025-05-17T03:10:50","date_gmt":"2025-05-17T07:10:50","guid":{"rendered":"https:\/\/diariodominicano.com\/?p=615971"},"modified":"2025-05-17T03:10:52","modified_gmt":"2025-05-17T07:10:52","slug":"el-archivo-general-de-la-nacion-celebra-90-anos-como-guardian-de-la-memoria-historica-dominicana","status":"publish","type":"post","link":"https:\/\/diariodominicano.com\/?p=615971","title":{"rendered":"El Archivo General de la Naci\u00f3n celebra 90 a\u00f1os como guardi\u00e1n de la memoria hist\u00f3rica dominicana"},"content":{"rendered":"\n<p>Santo Domingo, \u2014 El Archivo General de la Naci\u00f3n (AGN) conmemora su 90.\u00ba aniversario, reafirmando su compromiso con la preservaci\u00f3n y difusi\u00f3n del patrimonio documental de la Rep\u00fablica Dominicana. Desde su fundaci\u00f3n el 23 de mayo de 1935 mediante la Ley n\u00fam. 912, el AGN se ha consolidado como la principal instituci\u00f3n archiv\u00edstica del pa\u00eds, custodiando documentos que abarcan desde la \u00e9poca colonial hasta la actualidad.<\/p>\n\n\n\n<p>Inicialmente concebido como un \u00f3rgano centralizado durante el r\u00e9gimen de Rafael Le\u00f3nidas Trujillo, el AGN ha experimentado una evoluci\u00f3n significativa. En el a\u00f1o 2000, fue adscrito a la entonces Secretar\u00eda de Estado de Cultura mediante la Ley n\u00fam. 41-00. Posteriormente, la Ley General de Archivos n\u00fam. 481-08 le otorg\u00f3 autonom\u00eda funcional y presupuestaria, consolid\u00e1ndolo como entidad de derecho p\u00fablico con personalidad jur\u00eddica propia.<\/p>\n\n\n\n<figure class=\"wp-block-gallery has-nested-images columns-default is-cropped wp-block-gallery-1 is-layout-flex wp-block-gallery-is-layout-flex\">\n<figure class=\"wp-block-image size-large\"><img decoding=\"async\" data-id=\"2709\" src=\"https:\/\/lacamaraatrevidatv.com\/wp-content\/uploads\/2025\/05\/El-Archivo-General-de-Nacion-celebra-90-anos-como-guardian-de-la-memoria-historica-dominicana-1024x846.jpg\" alt=\"\" class=\"wp-image-2709\"\/><\/figure>\n\n\n\n<figure class=\"wp-block-image size-large\"><img decoding=\"async\" data-id=\"2708\" src=\"https:\/\/lacamaraatrevidatv.com\/wp-content\/uploads\/2025\/05\/El-Archivo-General-de-la-Nacion-celebra-90-anos-como-guardian-de-memoria-historica-dominicana-1024x685.jpg\" alt=\"\" class=\"wp-image-2708\"\/><\/figure>\n<\/figure>\n\n\n\n<p>Bajo la direcci\u00f3n del historiador Roberto Cass\u00e1 desde agosto de 2004, el AGN ha impulsado procesos de modernizaci\u00f3n, incluyendo la digitalizaci\u00f3n de fondos documentales y la implementaci\u00f3n de tecnolog\u00edas de la informaci\u00f3n para facilitar el acceso ciudadano a los archivos. Estas iniciativas han fortalecido su rol como \u00f3rgano rector del Sistema Nacional de Archivos, promoviendo la eficiencia administrativa y la investigaci\u00f3n hist\u00f3rica.<\/p>\n\n\n\n<p>El AGN desempe\u00f1a una doble funci\u00f3n: como archivo intermedio y como archivo hist\u00f3rico de la administraci\u00f3n p\u00fablica. Su misi\u00f3n es organizar, conservar, custodiar y difundir el patrimonio documental de la naci\u00f3n, garantizando el acceso a la informaci\u00f3n y contribuyendo al fortalecimiento de la identidad nacional.<\/p>\n\n\n\n<p>relacionespublicas <a href=\"mailto:relacionespublicas@agn.gob.do\">relacionespublicas@agn.gob.do<\/a><\/p>\n","protected":false},"excerpt":{"rendered":"<p>Santo Domingo, \u2014 El Archivo General de la Naci\u00f3n (AGN) conmemora su 90.\u00ba aniversario, reafirmando su compromiso con la preservaci\u00f3n y difusi\u00f3n del patrimonio documental de la Rep\u00fablica Dominicana. Desde su fundaci\u00f3n el 23 de mayo de 1935 mediante la Ley n\u00fam. 912, el AGN se ha consolidado como la principal instituci\u00f3n archiv\u00edstica del pa\u00eds, [&hellip;]<\/p>\n","protected":false},"author":7,"featured_media":0,"comment_status":"closed","ping_status":"closed","sticky":false,"template":"","format":"standard","meta":{"footnotes":""},"categories":[21],"tags":[1513],"class_list":["post-615971","post","type-post","status-publish","format-standard","hentry","category-cultura","tag-archivo-general-de-la-nacion-agn"],"_links":{"self":[{"href":"https:\/\/diariodominicano.com\/index.php?rest_route=\/wp\/v2\/posts\/615971","targetHints":{"allow":["GET"]}}],"collection":[{"href":"https:\/\/diariodominicano.com\/index.php?rest_route=\/wp\/v2\/posts"}],"about":[{"href":"https:\/\/diariodominicano.com\/index.php?rest_route=\/wp\/v2\/types\/post"}],"author":[{"embeddable":true,"href":"https:\/\/diariodominicano.com\/index.php?rest_route=\/wp\/v2\/users\/7"}],"replies":[{"embeddable":true,"href":"https:\/\/diariodominicano.com\/index.php?rest_route=%2Fwp%2Fv2%2Fcomments&post=615971"}],"version-history":[{"count":1,"href":"https:\/\/diariodominicano.com\/index.php?rest_route=\/wp\/v2\/posts\/615971\/revisions"}],"predecessor-version":[{"id":615974,"href":"https:\/\/diariodominicano.com\/index.php?rest_route=\/wp\/v2\/posts\/615971\/revisions\/615974"}],"wp:attachment":[{"href":"https:\/\/diariodominicano.com\/index.php?rest_route=%2Fwp%2Fv2%2Fmedia&parent=615971"}],"wp:term":[{"taxonomy":"category","embeddable":true,"href":"https:\/\/diariodominicano.com\/index.php?rest_route=%2Fwp%2Fv2%2Fcategories&post=615971"},{"taxonomy":"post_tag","embeddable":true,"href":"https:\/\/diariodominicano.com\/index.php?rest_route=%2Fwp%2Fv2%2Ftags&post=615971"}],"curies":[{"name":"wp","href":"https:\/\/api.w.org\/{rel}","templated":true}]}}