{"id":615924,"date":"2025-05-17T02:43:12","date_gmt":"2025-05-17T06:43:12","guid":{"rendered":"https:\/\/diariodominicano.com\/?p=615924"},"modified":"2025-05-17T02:43:15","modified_gmt":"2025-05-17T06:43:15","slug":"oliva-santana-asume-la-direcciontecnica-de-la-seleccion-sub-14-femenina","status":"publish","type":"post","link":"https:\/\/diariodominicano.com\/?p=615924","title":{"rendered":"Oliva Santana asume la direcci\u00f3nt\u00e9cnica de la selecci\u00f3n sub-14 femenina"},"content":{"rendered":"\n<p>SANTO DOMINGO.- Oliva Santana fue designada como directora t\u00e9cnica de la Selecci\u00f3n Dominicana de F\u00fatbol Sub-14 Femenina que estar\u00e1 participando en el Campeonato Femenino de Concacaf 2025 para esta categor\u00eda que se disputar\u00e1 el pr\u00f3ximo mes de agosto.<\/p>\n\n\n\n<p>La designaci\u00f3n fue propuesta por Betzaida Ubri, coordinadora de selecciones femeninas de la FDF y avalada por la Comisi\u00f3n de Selecciones Nacionales.<\/p>\n\n\n\n<p>Santana ven\u00eda desempe\u00f1ando como directora t\u00e9cnica del CDR 5 de Abril en las categor\u00edas Sub-14 y Sub-17 de la rama femenina, labor destacada y puesta de manifiesto en el Torneo Nacional de Clubes de la Federaci\u00f3n Dominicana de F\u00fatbol donde su club ha obtenido buenos resultados.<\/p>\n\n\n\n<p>Tendr\u00e1s un reto importante ya que deber\u00e1s preparar al combinado patrio que competir\u00e1 en la Liga A del Campeonato Femenino de Concacaf en esta categor\u00eda. RD fue subcampeona de la Liga B en la edici\u00f3n anterior y por ello estar\u00e1 en el m\u00e1ximo nivel en el venidero certamen.<\/p>\n\n\n\n<p>Fedofutbol Prensa <a href=\"mailto:fedofutbolprensa2019@gmail.com\">fedofutbolprensa2019@gmail.com<\/a><\/p>\n","protected":false},"excerpt":{"rendered":"<p>SANTO DOMINGO.- Oliva Santana fue designada como directora t\u00e9cnica de la Selecci\u00f3n Dominicana de F\u00fatbol Sub-14 Femenina que estar\u00e1 participando en el Campeonato Femenino de Concacaf 2025 para esta categor\u00eda que se disputar\u00e1 el pr\u00f3ximo mes de agosto. La designaci\u00f3n fue propuesta por Betzaida Ubri, coordinadora de selecciones femeninas de la FDF y avalada por [&hellip;]<\/p>\n","protected":false},"author":7,"featured_media":615964,"comment_status":"closed","ping_status":"closed","sticky":false,"template":"","format":"standard","meta":{"footnotes":""},"categories":[17],"tags":[1532],"class_list":["post-615924","post","type-post","status-publish","format-standard","has-post-thumbnail","hentry","category-deportes","tag-fedofutbol"],"_links":{"self":[{"href":"https:\/\/diariodominicano.com\/index.php?rest_route=\/wp\/v2\/posts\/615924","targetHints":{"allow":["GET"]}}],"collection":[{"href":"https:\/\/diariodominicano.com\/index.php?rest_route=\/wp\/v2\/posts"}],"about":[{"href":"https:\/\/diariodominicano.com\/index.php?rest_route=\/wp\/v2\/types\/post"}],"author":[{"embeddable":true,"href":"https:\/\/diariodominicano.com\/index.php?rest_route=\/wp\/v2\/users\/7"}],"replies":[{"embeddable":true,"href":"https:\/\/diariodominicano.com\/index.php?rest_route=%2Fwp%2Fv2%2Fcomments&post=615924"}],"version-history":[{"count":1,"href":"https:\/\/diariodominicano.com\/index.php?rest_route=\/wp\/v2\/posts\/615924\/revisions"}],"predecessor-version":[{"id":615965,"href":"https:\/\/diariodominicano.com\/index.php?rest_route=\/wp\/v2\/posts\/615924\/revisions\/615965"}],"wp:featuredmedia":[{"embeddable":true,"href":"https:\/\/diariodominicano.com\/index.php?rest_route=\/wp\/v2\/media\/615964"}],"wp:attachment":[{"href":"https:\/\/diariodominicano.com\/index.php?rest_route=%2Fwp%2Fv2%2Fmedia&parent=615924"}],"wp:term":[{"taxonomy":"category","embeddable":true,"href":"https:\/\/diariodominicano.com\/index.php?rest_route=%2Fwp%2Fv2%2Fcategories&post=615924"},{"taxonomy":"post_tag","embeddable":true,"href":"https:\/\/diariodominicano.com\/index.php?rest_route=%2Fwp%2Fv2%2Ftags&post=615924"}],"curies":[{"name":"wp","href":"https:\/\/api.w.org\/{rel}","templated":true}]}}