{"id":615918,"date":"2025-05-17T01:15:38","date_gmt":"2025-05-17T05:15:38","guid":{"rendered":"https:\/\/diariodominicano.com\/?p=615918"},"modified":"2025-05-17T01:15:40","modified_gmt":"2025-05-17T05:15:40","slug":"duplas-dominicanas-logran-victorias-en-norceca-de-voleibol-playa","status":"publish","type":"post","link":"https:\/\/diariodominicano.com\/?p=615918","title":{"rendered":"Duplas dominicanas logran victorias en Norceca de Voleibol Playa"},"content":{"rendered":"\n<p>Nelson Arroyo resalta montaje de evento en Juan Dolio<\/p>\n\n\n\n<p>JUAN DOLIO.- La Rep\u00fablica Dominicana inici\u00f3 con buen pie este viernes tras alzarse con sendos triunfos en las ramas masculina y femenina de la segunda etapa del Circuito Continental de Voleibol de Playa, que se celebra en esta ciudad.<\/p>\n\n\n\n<p>La dupla criolla conformada por las medallistas de plata centroamericana, Julibeth Payano y Bethania Alm\u00e1nzar se impusieron dos sets por cero (23-21, 17-21, 15-13) ante las representantes de Canad\u00e1 que la integran Emily Anderson y Amanda Harnett.<\/p>\n\n\n\n<figure class=\"wp-block-gallery has-nested-images columns-default is-cropped wp-block-gallery-1 is-layout-flex wp-block-gallery-is-layout-flex\">\n<figure class=\"wp-block-image size-large\"><img loading=\"lazy\" decoding=\"async\" width=\"1024\" height=\"683\" data-id=\"615939\" src=\"https:\/\/diariodominicano.com\/wp-content\/uploads\/2025\/05\/Rolvi-Maldonado-realiza-un-remate-1024x683.jpg\" alt=\"\" class=\"wp-image-615939\" srcset=\"https:\/\/diariodominicano.com\/wp-content\/uploads\/2025\/05\/Rolvi-Maldonado-realiza-un-remate-1024x683.jpg 1024w, https:\/\/diariodominicano.com\/wp-content\/uploads\/2025\/05\/Rolvi-Maldonado-realiza-un-remate-300x200.jpg 300w, https:\/\/diariodominicano.com\/wp-content\/uploads\/2025\/05\/Rolvi-Maldonado-realiza-un-remate-768x512.jpg 768w, https:\/\/diariodominicano.com\/wp-content\/uploads\/2025\/05\/Rolvi-Maldonado-realiza-un-remate-816x544.jpg 816w, https:\/\/diariodominicano.com\/wp-content\/uploads\/2025\/05\/Rolvi-Maldonado-realiza-un-remate.jpg 1042w\" sizes=\"auto, (max-width: 1024px) 100vw, 1024px\" \/><figcaption class=\"wp-element-caption\">Rolvi Maldonado realiza un remate <\/figcaption><\/figure>\n<\/figure>\n\n\n\n<p>Por otro lado, las criollas Yari Cleto y Crismil Paniagua, doblegaron con facilidad a la dupla de Trinidad y Tobago.<\/p>\n\n\n\n<p>Cleto y Paniagua apenas necesitaron 28 minutos para quedarse con el triunfo dos sets por cero (21-8, 21-7) en el torneo que se juega en las instalaciones del hotel Coral Costa Caribe.<\/p>\n\n\n\n<figure class=\"wp-block-gallery has-nested-images columns-default is-cropped wp-block-gallery-2 is-layout-flex wp-block-gallery-is-layout-flex\">\n<figure class=\"wp-block-image size-large\"><img loading=\"lazy\" decoding=\"async\" width=\"806\" height=\"537\" data-id=\"615938\" src=\"https:\/\/diariodominicano.com\/wp-content\/uploads\/2025\/05\/Julibeth-Payano-realiza-un-remate.jpg\" alt=\"\" class=\"wp-image-615938\" srcset=\"https:\/\/diariodominicano.com\/wp-content\/uploads\/2025\/05\/Julibeth-Payano-realiza-un-remate.jpg 806w, https:\/\/diariodominicano.com\/wp-content\/uploads\/2025\/05\/Julibeth-Payano-realiza-un-remate-300x200.jpg 300w, https:\/\/diariodominicano.com\/wp-content\/uploads\/2025\/05\/Julibeth-Payano-realiza-un-remate-768x512.jpg 768w\" sizes=\"auto, (max-width: 806px) 100vw, 806px\" \/><figcaption class=\"wp-element-caption\">Julibeth Payano realiza un remate<\/figcaption><\/figure>\n<\/figure>\n\n\n\n<p>En la rama masculina, los dominicanos Hayerling De Jes\u00fas y Rolvin Maldonado se impusieron dos sets por cero (16-21, 21-19, 15-13) ante los canadienses Cameron Chadwick y Robert Kemp.<\/p>\n\n\n\n<figure class=\"wp-block-gallery has-nested-images columns-default is-cropped wp-block-gallery-3 is-layout-flex wp-block-gallery-is-layout-flex\">\n<figure class=\"wp-block-image size-large\"><img loading=\"lazy\" decoding=\"async\" width=\"806\" height=\"537\" data-id=\"615937\" src=\"https:\/\/diariodominicano.com\/wp-content\/uploads\/2025\/05\/Accion-del-prtido-RD.jpg\" alt=\"\" class=\"wp-image-615937\" srcset=\"https:\/\/diariodominicano.com\/wp-content\/uploads\/2025\/05\/Accion-del-prtido-RD.jpg 806w, https:\/\/diariodominicano.com\/wp-content\/uploads\/2025\/05\/Accion-del-prtido-RD-300x200.jpg 300w, https:\/\/diariodominicano.com\/wp-content\/uploads\/2025\/05\/Accion-del-prtido-RD-768x512.jpg 768w\" sizes=\"auto, (max-width: 806px) 100vw, 806px\" \/><figcaption class=\"wp-element-caption\">Accion del prtido RD <\/figcaption><\/figure>\n<\/figure>\n\n\n\n<p>CEREMONIA<\/p>\n\n\n\n<p>Previo al inicio del torneo, Nelson Arroyo, vicepresidente ejecutivo de Seguros BanReservas, se mostr\u00f3 agradecido con la dedicatoria del circuito donde accionan 36 equipos de 19 pa\u00edses.<\/p>\n\n\n\n<p>\u201cEstoy muy contento por la dedicatoria de un evento tan importante que sirve para impulsar a Guayacanes como un destino deportivo\u201d, expres\u00f3 Arroyo.<\/p>\n\n\n\n<figure class=\"wp-block-gallery has-nested-images columns-default is-cropped wp-block-gallery-4 is-layout-flex wp-block-gallery-is-layout-flex\">\n<figure class=\"wp-block-image size-large\"><img loading=\"lazy\" decoding=\"async\" width=\"1024\" height=\"683\" data-id=\"615936\" src=\"https:\/\/diariodominicano.com\/wp-content\/uploads\/2025\/05\/RD-vs-TTO-1024x683.jpg\" alt=\"\" class=\"wp-image-615936\" srcset=\"https:\/\/diariodominicano.com\/wp-content\/uploads\/2025\/05\/RD-vs-TTO-1024x683.jpg 1024w, https:\/\/diariodominicano.com\/wp-content\/uploads\/2025\/05\/RD-vs-TTO-300x200.jpg 300w, https:\/\/diariodominicano.com\/wp-content\/uploads\/2025\/05\/RD-vs-TTO-768x512.jpg 768w, https:\/\/diariodominicano.com\/wp-content\/uploads\/2025\/05\/RD-vs-TTO-816x544.jpg 816w, https:\/\/diariodominicano.com\/wp-content\/uploads\/2025\/05\/RD-vs-TTO.jpg 1221w\" sizes=\"auto, (max-width: 1024px) 100vw, 1024px\" \/><figcaption class=\"wp-element-caption\">RD vs TTO <\/figcaption><\/figure>\n<\/figure>\n\n\n\n<p>Mientras que Am\u00f3s Anglada, vicepresidente de la Federaci\u00f3n Dominicana de Voleibol, resalt\u00f3 la humildad y el compromiso de Nelson Arroyo con San Pedro de Macor\u00eds y ponder\u00f3 el apoyo de Crist\u00f3bal Marte, presidente de la Confederaci\u00f3n Norte-Centroam\u00e9rica y del Caribe de Voleibol (NORCECA) y primer vicepresidente de la Federaci\u00f3n Internacional de Voleibol.<\/p>\n\n\n\n<p>Por otro lado, Noel Cede\u00f1o, alcalde de Guayacanes, di\u00f3 la bienvenida a los atletas.<\/p>\n\n\n\n<p>\u201cEstoy muy feliz, por tercera ocasi\u00f3n hemos tra\u00eddo lo mejor del voleibol de playa a Juan Dolio, quiero que se sientan como en casa y pueden seguir contando con nuestro apoyo\u201d, dijo Cede\u00f1o.<\/p>\n\n\n\n<p>La gobernadora de San Pedro de Macor\u00eds, Yovannis Baltazar N\u00fa\u00f1ez, quien es presidenta del comit\u00e9 organizador, destac\u00f3 la presencia de todos los atletas quienes son los grandes h\u00e9roes y hero\u00ednas.<\/p>\n\n\n\n<p>Explic\u00f3 que con eventos de esta naturaleza se aporta al desarrollo del deporte y el posicionamiento de Juan Dolio como polo tur\u00edstico y deportivo.<\/p>\n\n\n\n<p>La gerente de venta del hotel Coral Costa Caribe, Annerys Ayala, valor\u00f3 la magnitud del circuito Norceca e exhort\u00f3 a los atletas a que den lo mejor de s\u00ed y disfruten su estad\u00eda en el pa\u00eds.<\/p>\n\n\n\n<p>Al acto de apertura asistieron Luis G\u00f3mez, director de Deportes; Omar Cepeda, director de Radio Dial y Stereo 98; Eduardina B\u00e1ez delegada Norceca, entre otras personalidades.<\/p>\n\n\n\n<p>Bienvenido Carmona P\u00e9rez <a href=\"mailto:bienvenidocarmona@gmail.com\">bienvenidocarmona@gmail.com<\/a><\/p>\n","protected":false},"excerpt":{"rendered":"<p>Nelson Arroyo resalta montaje de evento en Juan Dolio JUAN DOLIO.- La Rep\u00fablica Dominicana inici\u00f3 con buen pie este viernes tras alzarse con sendos triunfos en las ramas masculina y femenina de la segunda etapa del Circuito Continental de Voleibol de Playa, que se celebra en esta ciudad. La dupla criolla conformada por las medallistas [&hellip;]<\/p>\n","protected":false},"author":7,"featured_media":615940,"comment_status":"closed","ping_status":"closed","sticky":false,"template":"","format":"standard","meta":{"footnotes":""},"categories":[17],"tags":[333,334],"class_list":["post-615918","post","type-post","status-publish","format-standard","has-post-thumbnail","hentry","category-deportes","tag-norceca","tag-voleibol-playa-norceca"],"_links":{"self":[{"href":"https:\/\/diariodominicano.com\/index.php?rest_route=\/wp\/v2\/posts\/615918","targetHints":{"allow":["GET"]}}],"collection":[{"href":"https:\/\/diariodominicano.com\/index.php?rest_route=\/wp\/v2\/posts"}],"about":[{"href":"https:\/\/diariodominicano.com\/index.php?rest_route=\/wp\/v2\/types\/post"}],"author":[{"embeddable":true,"href":"https:\/\/diariodominicano.com\/index.php?rest_route=\/wp\/v2\/users\/7"}],"replies":[{"embeddable":true,"href":"https:\/\/diariodominicano.com\/index.php?rest_route=%2Fwp%2Fv2%2Fcomments&post=615918"}],"version-history":[{"count":1,"href":"https:\/\/diariodominicano.com\/index.php?rest_route=\/wp\/v2\/posts\/615918\/revisions"}],"predecessor-version":[{"id":615941,"href":"https:\/\/diariodominicano.com\/index.php?rest_route=\/wp\/v2\/posts\/615918\/revisions\/615941"}],"wp:featuredmedia":[{"embeddable":true,"href":"https:\/\/diariodominicano.com\/index.php?rest_route=\/wp\/v2\/media\/615940"}],"wp:attachment":[{"href":"https:\/\/diariodominicano.com\/index.php?rest_route=%2Fwp%2Fv2%2Fmedia&parent=615918"}],"wp:term":[{"taxonomy":"category","embeddable":true,"href":"https:\/\/diariodominicano.com\/index.php?rest_route=%2Fwp%2Fv2%2Fcategories&post=615918"},{"taxonomy":"post_tag","embeddable":true,"href":"https:\/\/diariodominicano.com\/index.php?rest_route=%2Fwp%2Fv2%2Ftags&post=615918"}],"curies":[{"name":"wp","href":"https:\/\/api.w.org\/{rel}","templated":true}]}}