{"id":615474,"date":"2025-05-14T17:21:53","date_gmt":"2025-05-14T21:21:53","guid":{"rendered":"https:\/\/diariodominicano.com\/?p=615474"},"modified":"2025-05-14T17:21:55","modified_gmt":"2025-05-14T21:21:55","slug":"testigo-del-tiempo-pacto-por-la-gobernabilidad","status":"publish","type":"post","link":"https:\/\/diariodominicano.com\/?p=615474","title":{"rendered":"Testigo del tiempo \u201cPacto por la gobernabilidad\u201d"},"content":{"rendered":"\n<p>\/ J.C. Malone<\/p>\n\n\n\n<p>&nbsp;&nbsp;&nbsp;&nbsp;&nbsp; Ninguna reuni\u00f3n seria sobre la migraci\u00f3n haitiana puede celebrarse sin los empleadores de esos indocumentados, y los pol\u00edticos solo son serios cuando est\u00e1n \u201ctrabajando\u201d, es decir, simulando.<\/p>\n\n\n\n<p>&nbsp;&nbsp;&nbsp;&nbsp;&nbsp; \u201cEl problema haitiano\u201d es una cortina de humo. Imaginemos el pa\u00eds sin haitianos. \u00bfBajar\u00e1 el costo de la vida, mejorar\u00e1 el transporte, la seguridad p\u00fablica, la seguridad energ\u00e9tica? Claro que no.<\/p>\n\n\n\n<p>&nbsp;&nbsp;&nbsp;&nbsp;&nbsp; Abinader y los expresidentes Leonel Fern\u00e1ndez, Hip\u00f3lito Mej\u00eda y Danilo Medina sostendr\u00e1n una \u201cCumbre Presidencial\u201d con una agenda que nunca conoceremos, el \u201cproblema haitiano\u201d es pura distracci\u00f3n.<\/p>\n\n\n\n<p>Ellos forman el \u201ccartel politico gobernante\u201d, fueron tan da\u00f1inos, que en 29 a\u00f1os gobernando, causaron todos los problemas nacionales, sin solucionar ninguno.<\/p>\n\n\n\n<p>Hoy se juntan, recordemos aquel principio matem\u00e1tico: \u201cEl todo es mayor que la suma de sus partes\u201d, juntos ser\u00e1n mucho m\u00e1s da\u00f1inos que separados.<\/p>\n\n\n\n<p>El inmenso Noam Chosmky, con sus bemoles, dijo que: \u201cen todos los asuntos donde todos los partidos est\u00e1n de acuerdo, t\u00fa no tienes opciones\u201d. A los partidos, debemos sumarle los guardias, la \u201ccumbre\u201d ser\u00e1 en el Ministerio de Defensa.<\/p>\n\n\n\n<p>Durante la reunion del mi\u00e9rcoles 14, Abinader quiz\u00e1 pase alg\u00fan mensaje que trajo de Washington, pero su objetivo es suscribir un pacto por la gobernabilidad.<\/p>\n\n\n\n<p>Despu\u00e9s de cuatro a\u00f1os gobernando nada tiene que mostrar. Ir\u00f3nicamente, Abinader destruy\u00f3 la reputaci\u00f3n de Medina y sus seguidores, ahora debe pedirle apoyo para mantener su gobierno. Eso da una idea de las dificultades que enfrenta.<\/p>\n\n\n\n<p>Cuando el gobierno de Mej\u00eda se tambale\u00f3 tras el colapso de Baninter, se mantuvo porque lo apoyaba el Partido Revolucionario Dominicano (PRD). Esa era la maquinaria pol\u00edtica m\u00e1s poderosa del pa\u00eds, Partido Revolucionario Moderno no es ni sombra de lo que fue el PRD.<\/p>\n\n\n\n<p>Abinader sabe que no tiene estructura pol\u00edtica para resistir la crisis venidera, necesita un pacto por la gobernabilidad, entre politicos y guardias.<\/p>\n\n\n\n<p>Cuando guardias y pol\u00edticos deciden \u201cdefender la soberan\u00eda y la democracia\u201d (enti\u00e9ndase gobernabilidad), nos \u201csometer\u00e1n a la obediencia\u201d.<\/p>\n\n\n\n<p>Ahora recuerdo una expresi\u00f3n que don Luis Juli\u00e1n P\u00e9rez usaba con frecuencia en nuestras conversaciones privadas: \u201cpobre pa\u00eds\u201d.<\/p>\n\n\n\n<p><\/p>\n","protected":false},"excerpt":{"rendered":"<p>\/ J.C. Malone &nbsp;&nbsp;&nbsp;&nbsp;&nbsp; Ninguna reuni\u00f3n seria sobre la migraci\u00f3n haitiana puede celebrarse sin los empleadores de esos indocumentados, y los pol\u00edticos solo son serios cuando est\u00e1n \u201ctrabajando\u201d, es decir, simulando. &nbsp;&nbsp;&nbsp;&nbsp;&nbsp; \u201cEl problema haitiano\u201d es una cortina de humo. Imaginemos el pa\u00eds sin haitianos. \u00bfBajar\u00e1 el costo de la vida, mejorar\u00e1 el transporte, la [&hellip;]<\/p>\n","protected":false},"author":7,"featured_media":524963,"comment_status":"closed","ping_status":"closed","sticky":false,"template":"","format":"standard","meta":{"footnotes":""},"categories":[16],"tags":[1663],"class_list":["post-615474","post","type-post","status-publish","format-standard","has-post-thumbnail","hentry","category-opiniones","tag-j-c-malone"],"_links":{"self":[{"href":"https:\/\/diariodominicano.com\/index.php?rest_route=\/wp\/v2\/posts\/615474","targetHints":{"allow":["GET"]}}],"collection":[{"href":"https:\/\/diariodominicano.com\/index.php?rest_route=\/wp\/v2\/posts"}],"about":[{"href":"https:\/\/diariodominicano.com\/index.php?rest_route=\/wp\/v2\/types\/post"}],"author":[{"embeddable":true,"href":"https:\/\/diariodominicano.com\/index.php?rest_route=\/wp\/v2\/users\/7"}],"replies":[{"embeddable":true,"href":"https:\/\/diariodominicano.com\/index.php?rest_route=%2Fwp%2Fv2%2Fcomments&post=615474"}],"version-history":[{"count":1,"href":"https:\/\/diariodominicano.com\/index.php?rest_route=\/wp\/v2\/posts\/615474\/revisions"}],"predecessor-version":[{"id":615484,"href":"https:\/\/diariodominicano.com\/index.php?rest_route=\/wp\/v2\/posts\/615474\/revisions\/615484"}],"wp:featuredmedia":[{"embeddable":true,"href":"https:\/\/diariodominicano.com\/index.php?rest_route=\/wp\/v2\/media\/524963"}],"wp:attachment":[{"href":"https:\/\/diariodominicano.com\/index.php?rest_route=%2Fwp%2Fv2%2Fmedia&parent=615474"}],"wp:term":[{"taxonomy":"category","embeddable":true,"href":"https:\/\/diariodominicano.com\/index.php?rest_route=%2Fwp%2Fv2%2Fcategories&post=615474"},{"taxonomy":"post_tag","embeddable":true,"href":"https:\/\/diariodominicano.com\/index.php?rest_route=%2Fwp%2Fv2%2Ftags&post=615474"}],"curies":[{"name":"wp","href":"https:\/\/api.w.org\/{rel}","templated":true}]}}