{"id":615298,"date":"2025-05-14T00:49:36","date_gmt":"2025-05-14T04:49:36","guid":{"rendered":"https:\/\/diariodominicano.com\/?p=615298"},"modified":"2025-05-14T00:49:39","modified_gmt":"2025-05-14T04:49:39","slug":"director-de-infotep-afirma-que-la-formacion-tecnico-profesional-es-clave-para-una-transicion-justa-en-la-era-digital","status":"publish","type":"post","link":"https:\/\/diariodominicano.com\/?p=615298","title":{"rendered":"Director de INFOTEP afirma que la formaci\u00f3n t\u00e9cnico profesional es clave para una transici\u00f3n justa en la era digital"},"content":{"rendered":"\n<p><em>Santos Bad\u00eda destac\u00f3 la importancia de fortalecer el capital humano, actualizar las habilidades laborales, reducir la brecha digital y fomentar la formaci\u00f3n t\u00e9cnico profesional<\/em><\/p>\n\n\n\n<p>Punta Cana, R.D. \u2013 En el marco del V Congreso de la Confederaci\u00f3n Sindical de las Am\u00e9ricas (CSA), celebrado en Punta Cana, el profesor Rafael Santos Bad\u00eda, director general del Instituto Nacional de Formaci\u00f3n T\u00e9cnico Profesional (INFOTEP), ofreci\u00f3 la conferencia titulada \u201cTransformaciones econ\u00f3micas, cambio tecnol\u00f3gico y desaf\u00edos para la democracia y la justicia social\u201d, centrada en los efectos de la inteligencia artificial y la revoluci\u00f3n tecnol\u00f3gica en Am\u00e9rica Latina y el Caribe.<\/p>\n\n\n\n<figure class=\"wp-block-image\"><img decoding=\"async\" src=\"https:\/\/diariodominicano.com\/wp-content\/uploads\/2025\/05\/Rafael-Santos-Badia-en-seminario-del-5to-Congreso-CSA-3-2-1024x683.jpg\" alt=\"\"\/><\/figure>\n\n\n\n<p>Durante su intervenci\u00f3n, analiz\u00f3 la evoluci\u00f3n de la econom\u00eda global desde la Revoluci\u00f3n Industrial hasta la era digital actual, subrayando c\u00f3mo la inteligencia artificial y las tecnolog\u00edas emergentes est\u00e1n transformando de forma acelerada el mundo del trabajo, la producci\u00f3n y la estructura social.<\/p>\n\n\n\n<p>Santos Bad\u00eda advirti\u00f3 sobre los riesgos que implica la automatizaci\u00f3n para los sectores m\u00e1s vulnerables si no se adoptan pol\u00edticas p\u00fablicas que aseguren una transici\u00f3n equitativa. No obstante, resalt\u00f3 las oportunidades que surgen de esta transformaci\u00f3n, incluyendo la creaci\u00f3n de nuevos empleos, el impulso al emprendimiento y el empoderamiento ciudadano.<\/p>\n\n\n\n<p>\u201cEl avance tecnol\u00f3gico no puede ser motivo de exclusi\u00f3n social. Por el contrario, debe ser una palanca para el desarrollo humano, la justicia social y la democracia. Por eso, los sindicatos deben ser protagonistas activos en este proceso de cambio\u201d, expres\u00f3 Santos Bad\u00eda durante su disertaci\u00f3n.<\/p>\n\n\n\n<p>Santos Bad\u00eda tambi\u00e9n propuso establecer un nuevo sindicalismo basado en atraer j\u00f3venes trabajadores desarrolladores de software, an\u00e1lisis de datos, manejo de drones, uso de METAVERSO, Chat GPT, simuladores y otras formaciones.<\/p>\n\n\n\n<p>\u201cEstamos ante una cuarta revoluci\u00f3n industrial que va a cambiar mucho el mundo del trabajo, la cual va a tener una dimensi\u00f3n tecnol\u00f3gica en la que los obreros no van a quedar desempleados, siempre que los preparemos para esta nueva revoluci\u00f3n\u201d, afirm\u00f3 Bad\u00eda.<\/p>\n\n\n\n<p>Uno de los ejes principales de su presentaci\u00f3n fue la Agenda Laboral 4.0, una estrategia impulsada por sindicatos y organismos internacionales que promueve una transici\u00f3n justa hacia el trabajo del futuro, con enfoque en la equidad, los derechos laborales y la inclusi\u00f3n.<\/p>\n\n\n\n<p>El director general del INFOTEP&nbsp;<a>destac\u00f3 la importancia de fortalecer el capital humano, actualizar las habilidades laborales, reducir la brecha digital y fomentar la formaci\u00f3n t\u00e9cnico profesional&nbsp;<\/a>como instrumentos fundamentales para construir sociedades m\u00e1s justas, inclusivas y democr\u00e1ticas.<\/p>\n\n\n\n<p>En ese orden, la oficial de la ACTRAV-OIT para Am\u00e9rica Latina Y Caribe, Amanda Villatoro, valor\u00f3 positivamente la explosi\u00f3n del director general del INFOTEP, considerando que el gran desaf\u00edo de las organizaciones sindicales es interpretar en qu\u00e9 momento estamos y organizar j\u00f3venes hombres y mujeres para traerlos a los sindicatos.<\/p>\n\n\n\n<p>En la actividad tambi\u00e9n participaron el secretario general CSA Rafael Freire, as\u00ed como<\/p>\n\n\n\n<p>Mar\u00eda Helena Andr\u00e9, directora de ACTRAV-OIT.<\/p>\n\n\n\n<p><strong>Evento de gran alcance<\/strong><\/p>\n\n\n\n<p>La Confederaci\u00f3n Sindical de trabajadores y trabajadoras de las Am\u00e9ricas (CSA), representa m\u00e1s de 55 millones de trabajadores y trabajadoras afiliados a 53 centrales sindicales del continente americano.<\/p>\n\n\n\n<p>Del 13 al 17 de mayo de 2025, Rep\u00fablica Dominicana tendr\u00e1 el honor de ser sede del 5.\u00ba Congreso Continental de la (CSA), evento que trasciende m\u00e1s all\u00e1 de una simple reuni\u00f3n gremial.<\/p>\n\n\n\n<p>Prensa INFOTEP <a href=\"mailto:prensainfotep@infotep.gob.do\">prensainfotep@infotep.gob.do<\/a><\/p>\n","protected":false},"excerpt":{"rendered":"<p>Santos Bad\u00eda destac\u00f3 la importancia de fortalecer el capital humano, actualizar las habilidades laborales, reducir la brecha digital y fomentar la formaci\u00f3n t\u00e9cnico profesional Punta Cana, R.D. \u2013 En el marco del V Congreso de la Confederaci\u00f3n Sindical de las Am\u00e9ricas (CSA), celebrado en Punta Cana, el profesor Rafael Santos Bad\u00eda, director general del Instituto [&hellip;]<\/p>\n","protected":false},"author":7,"featured_media":615330,"comment_status":"closed","ping_status":"closed","sticky":false,"template":"","format":"standard","meta":{"footnotes":""},"categories":[36],"tags":[94],"class_list":["post-615298","post","type-post","status-publish","format-standard","has-post-thumbnail","hentry","category-hombresmujeresycosas","tag-infotep"],"_links":{"self":[{"href":"https:\/\/diariodominicano.com\/index.php?rest_route=\/wp\/v2\/posts\/615298","targetHints":{"allow":["GET"]}}],"collection":[{"href":"https:\/\/diariodominicano.com\/index.php?rest_route=\/wp\/v2\/posts"}],"about":[{"href":"https:\/\/diariodominicano.com\/index.php?rest_route=\/wp\/v2\/types\/post"}],"author":[{"embeddable":true,"href":"https:\/\/diariodominicano.com\/index.php?rest_route=\/wp\/v2\/users\/7"}],"replies":[{"embeddable":true,"href":"https:\/\/diariodominicano.com\/index.php?rest_route=%2Fwp%2Fv2%2Fcomments&post=615298"}],"version-history":[{"count":1,"href":"https:\/\/diariodominicano.com\/index.php?rest_route=\/wp\/v2\/posts\/615298\/revisions"}],"predecessor-version":[{"id":615332,"href":"https:\/\/diariodominicano.com\/index.php?rest_route=\/wp\/v2\/posts\/615298\/revisions\/615332"}],"wp:featuredmedia":[{"embeddable":true,"href":"https:\/\/diariodominicano.com\/index.php?rest_route=\/wp\/v2\/media\/615330"}],"wp:attachment":[{"href":"https:\/\/diariodominicano.com\/index.php?rest_route=%2Fwp%2Fv2%2Fmedia&parent=615298"}],"wp:term":[{"taxonomy":"category","embeddable":true,"href":"https:\/\/diariodominicano.com\/index.php?rest_route=%2Fwp%2Fv2%2Fcategories&post=615298"},{"taxonomy":"post_tag","embeddable":true,"href":"https:\/\/diariodominicano.com\/index.php?rest_route=%2Fwp%2Fv2%2Ftags&post=615298"}],"curies":[{"name":"wp","href":"https:\/\/api.w.org\/{rel}","templated":true}]}}