{"id":615108,"date":"2025-05-12T16:52:43","date_gmt":"2025-05-12T20:52:43","guid":{"rendered":"https:\/\/diariodominicano.com\/?p=615108"},"modified":"2025-05-12T16:52:46","modified_gmt":"2025-05-12T20:52:46","slug":"infotep-inaugura-academia-de-idiomas-para-impulsar-empleabilidad-y-competitividad-en-sectores-clave-de-la-economia","status":"publish","type":"post","link":"https:\/\/diariodominicano.com\/?p=615108","title":{"rendered":"INFOTEP inaugura Academia de Idiomas para impulsar empleabilidad \u00a0y competitividad en sectores clave de la econom\u00eda"},"content":{"rendered":"\n<p>\u00b7&nbsp;&nbsp;&nbsp;&nbsp;&nbsp;&nbsp;&nbsp; Se busca cubrir una demanda laboral urgente de al menos 10 mil empleos solo en el sector de los centros de contacto.<\/p>\n\n\n\n<p>Santo Domingo. \u2013 El Instituto Nacional de Formaci\u00f3n T\u00e9cnico Profesional (INFOTEP) dio apertura oficial a su Academia de Idiomas, una propuesta innovadora y estrat\u00e9gica destinada a fortalecer las competencias ling\u00fc\u00edsticas de j\u00f3venes y adultos, respondiendo as\u00ed a la creciente demanda de talento biling\u00fce en sectores clave como el turismo, los Call Centers y los servicios internacionales.<\/p>\n\n\n\n<figure class=\"wp-block-gallery has-nested-images columns-default is-cropped wp-block-gallery-1 is-layout-flex wp-block-gallery-is-layout-flex\">\n<figure class=\"wp-block-image size-large\"><img loading=\"lazy\" decoding=\"async\" width=\"794\" height=\"529\" data-id=\"615118\" src=\"https:\/\/diariodominicano.com\/wp-content\/uploads\/2025\/05\/INFOTEP-inaugura-Academia-de-Idiomas-para-impulsar-empleabilidad-y-competitividad-en-sectores-clave-de-la-economia.jpg\" alt=\"\" class=\"wp-image-615118\" srcset=\"https:\/\/diariodominicano.com\/wp-content\/uploads\/2025\/05\/INFOTEP-inaugura-Academia-de-Idiomas-para-impulsar-empleabilidad-y-competitividad-en-sectores-clave-de-la-economia.jpg 794w, https:\/\/diariodominicano.com\/wp-content\/uploads\/2025\/05\/INFOTEP-inaugura-Academia-de-Idiomas-para-impulsar-empleabilidad-y-competitividad-en-sectores-clave-de-la-economia-300x200.jpg 300w, https:\/\/diariodominicano.com\/wp-content\/uploads\/2025\/05\/INFOTEP-inaugura-Academia-de-Idiomas-para-impulsar-empleabilidad-y-competitividad-en-sectores-clave-de-la-economia-768x512.jpg 768w\" sizes=\"auto, (max-width: 794px) 100vw, 794px\" \/><figcaption class=\"wp-element-caption\">INFOTEP inaugura Academia de Idiomas para impulsar empleabilidad y competitividad en sectores clave de la econom\u00eda <\/figcaption><\/figure>\n<\/figure>\n\n\n\n<p>Rafael Santos Bad\u00eda dijo que el proyecto nace gracias a una alianza estrat\u00e9gica entre el INFOTEP, el Ministerio de Industria, Comercio y MIPYMES, la Asociaci\u00f3n Dominicana de Zonas Francas (ADOZONA) y el Cl\u00faster de Centros de Contacto y BPO de la Rep\u00fablica Dominicana, lo que garantiza su enfoque pr\u00e1ctico, actualizado y vinculado directamente con el mundo productivo.<\/p>\n\n\n\n<figure class=\"wp-block-gallery has-nested-images columns-default is-cropped wp-block-gallery-2 is-layout-flex wp-block-gallery-is-layout-flex\">\n<figure class=\"wp-block-image size-large\"><img loading=\"lazy\" decoding=\"async\" width=\"794\" height=\"529\" data-id=\"615118\" src=\"https:\/\/diariodominicano.com\/wp-content\/uploads\/2025\/05\/INFOTEP-inaugura-Academia-de-Idiomas-para-impulsar-empleabilidad-y-competitividad-en-sectores-clave-de-la-economia.jpg\" alt=\"\" class=\"wp-image-615118\" srcset=\"https:\/\/diariodominicano.com\/wp-content\/uploads\/2025\/05\/INFOTEP-inaugura-Academia-de-Idiomas-para-impulsar-empleabilidad-y-competitividad-en-sectores-clave-de-la-economia.jpg 794w, https:\/\/diariodominicano.com\/wp-content\/uploads\/2025\/05\/INFOTEP-inaugura-Academia-de-Idiomas-para-impulsar-empleabilidad-y-competitividad-en-sectores-clave-de-la-economia-300x200.jpg 300w, https:\/\/diariodominicano.com\/wp-content\/uploads\/2025\/05\/INFOTEP-inaugura-Academia-de-Idiomas-para-impulsar-empleabilidad-y-competitividad-en-sectores-clave-de-la-economia-768x512.jpg 768w\" sizes=\"auto, (max-width: 794px) 100vw, 794px\" \/><figcaption class=\"wp-element-caption\">INFOTEP inaugura Academia de Idiomas para impulsar empleabilidad y competitividad en sectores clave de la econom\u00eda <\/figcaption><\/figure>\n<\/figure>\n\n\n\n<p>\u201cLa Academia de Idiomas INFOTEP representa una respuesta innovadora, inclusiva y estrat\u00e9gica para mejorar la calidad del empleo, elevar la competitividad empresarial y promover la inserci\u00f3n laboral de miles de dominicanos en sectores de alta demanda y proyecci\u00f3n global\u201d, precis\u00f3 Santos Bad\u00eda.<\/p>\n\n\n\n<figure class=\"wp-block-gallery has-nested-images columns-default is-cropped wp-block-gallery-3 is-layout-flex wp-block-gallery-is-layout-flex\">\n<figure class=\"wp-block-image size-large\"><img loading=\"lazy\" decoding=\"async\" width=\"794\" height=\"529\" data-id=\"615116\" src=\"https:\/\/diariodominicano.com\/wp-content\/uploads\/2025\/05\/Rafael-Santos-Badia-durante-la-Inauguracion-de-la-Academia-de-Ingles-Infotep.jpg\" alt=\"\" class=\"wp-image-615116\" srcset=\"https:\/\/diariodominicano.com\/wp-content\/uploads\/2025\/05\/Rafael-Santos-Badia-durante-la-Inauguracion-de-la-Academia-de-Ingles-Infotep.jpg 794w, https:\/\/diariodominicano.com\/wp-content\/uploads\/2025\/05\/Rafael-Santos-Badia-durante-la-Inauguracion-de-la-Academia-de-Ingles-Infotep-300x200.jpg 300w, https:\/\/diariodominicano.com\/wp-content\/uploads\/2025\/05\/Rafael-Santos-Badia-durante-la-Inauguracion-de-la-Academia-de-Ingles-Infotep-768x512.jpg 768w\" sizes=\"auto, (max-width: 794px) 100vw, 794px\" \/><figcaption class=\"wp-element-caption\">Rafael Santos Bad\u00eda durante la Inauguracion de la Academia de Ingles Infotep <\/figcaption><\/figure>\n<\/figure>\n\n\n\n<p>El vicepresidente ejecutivo de la Asociaci\u00f3n Dominicana de Zonas Francas (ADOZONA), Jos\u00e9 Manuel Torres, afirm\u00f3 que la apertura de la Academia de Idiomas del INFOTEP, representa una herramienta poderosa para conectar con el mundo de las mejores oportunidades, de una forma pr\u00e1ctica accesible, inclusiva y alineada a las demandas del mercado laboral actual.<\/p>\n\n\n\n<figure class=\"wp-block-gallery has-nested-images columns-default is-cropped wp-block-gallery-4 is-layout-flex wp-block-gallery-is-layout-flex\">\n<figure class=\"wp-block-image size-large\"><img loading=\"lazy\" decoding=\"async\" width=\"794\" height=\"529\" data-id=\"615115\" src=\"https:\/\/diariodominicano.com\/wp-content\/uploads\/2025\/05\/Rafael-Santos-Badia-da-declaraciones-a-la-prensa-desde-una-de-las-aulas-de-la-Academia-Ingles-del-Infotep.jpg\" alt=\"\" class=\"wp-image-615115\" srcset=\"https:\/\/diariodominicano.com\/wp-content\/uploads\/2025\/05\/Rafael-Santos-Badia-da-declaraciones-a-la-prensa-desde-una-de-las-aulas-de-la-Academia-Ingles-del-Infotep.jpg 794w, https:\/\/diariodominicano.com\/wp-content\/uploads\/2025\/05\/Rafael-Santos-Badia-da-declaraciones-a-la-prensa-desde-una-de-las-aulas-de-la-Academia-Ingles-del-Infotep-300x200.jpg 300w, https:\/\/diariodominicano.com\/wp-content\/uploads\/2025\/05\/Rafael-Santos-Badia-da-declaraciones-a-la-prensa-desde-una-de-las-aulas-de-la-Academia-Ingles-del-Infotep-768x512.jpg 768w\" sizes=\"auto, (max-width: 794px) 100vw, 794px\" \/><figcaption class=\"wp-element-caption\">Rafael Santos Bad\u00eda da declaraciones a la prensa desde una de las aulas de la Academia Ingles del Infotep <\/figcaption><\/figure>\n<\/figure>\n\n\n\n<p>&nbsp;\u201cEste proyecto es sin lugar a dudas el m\u00e1s significativo para el sector y un claro ejemplo del potencial de las alianzas p\u00fablico privadas basadas en objetivos comunes y compromisos\u201d, destac\u00f3 Torres en medio del acto inaugural.<\/p>\n\n\n\n<p>De su lado, el viceministro para las Zonas Francas y Reg\u00edmenes Especiales del Ministerio de Industria y Comercio (MICM), Johanne Marinus Kelner, expres\u00f3 que la puesta en funcionamiento de la academia es un valor agregado a las oportunidades de crecimiento, elevando nivel del ingl\u00e9s de los participantes.<\/p>\n\n\n\n<figure class=\"wp-block-gallery has-nested-images columns-default is-cropped wp-block-gallery-5 is-layout-flex wp-block-gallery-is-layout-flex\">\n<figure class=\"wp-block-image size-large\"><img loading=\"lazy\" decoding=\"async\" width=\"794\" height=\"529\" data-id=\"615117\" src=\"https:\/\/diariodominicano.com\/wp-content\/uploads\/2025\/05\/Academia-de-Idiomas-de-Infotep.jpg\" alt=\"\" class=\"wp-image-615117\" srcset=\"https:\/\/diariodominicano.com\/wp-content\/uploads\/2025\/05\/Academia-de-Idiomas-de-Infotep.jpg 794w, https:\/\/diariodominicano.com\/wp-content\/uploads\/2025\/05\/Academia-de-Idiomas-de-Infotep-300x200.jpg 300w, https:\/\/diariodominicano.com\/wp-content\/uploads\/2025\/05\/Academia-de-Idiomas-de-Infotep-768x512.jpg 768w\" sizes=\"auto, (max-width: 794px) 100vw, 794px\" \/><figcaption class=\"wp-element-caption\">Academia de Idiomas de Infotep <\/figcaption><\/figure>\n<\/figure>\n\n\n\n<p>Del mismo modo, la directora ejecutiva de Dominican Contact Center &amp; BPO Council, Lilliam Mc-Cann, celebr\u00f3 la entrega de la Academia de Idiomas del INFOTEP, asegurando que es una iniciativa que representa mucho m\u00e1s que un nuevo programa de formaci\u00f3n.<\/p>\n\n\n\n<p>\u201cEste centro es una apuesta por el futuro del talento dominicano y la competitividad del pa\u00eds. Nuestra Contac Center cuenta con 109 empresas activas, las cuales generan m\u00e1s de 800 empleos directos, cifras que colocan el pa\u00eds como un referente en servicios de tercerizaci\u00f3n\u201d, detall\u00f3.<\/p>\n\n\n\n<p>Est\u00e1ndar internacional<\/p>\n\n\n\n<p>El programa se alinea con los est\u00e1ndares del Marco Com\u00fan Europeo de Referencia para las Lenguas (MCER) y est\u00e1 estructurado en tres niveles: b\u00e1sico (A1-A2), intermedio (B1-B2) y avanzado (C1-C2). Cada nivel consta de 400 horas de formaci\u00f3n y ser\u00e1 impartido por facilitadores certificados con dominio C1 o C2.<\/p>\n\n\n\n<p>La modalidad de ense\u00f1anza es flexible e innovadora<\/p>\n\n\n\n<p>El programa ha sido estructurado en cursos virtuales con acceso a contenidos interactivos, audiovisuales y pr\u00e1cticos. Asimismo, actividades asincr\u00f3nicas para avanzar al ritmo de cada participante.<\/p>\n\n\n\n<p>Tambi\u00e9n sesiones sincr\u00f3nicas, presenciales o virtuales, para interacci\u00f3n en tiempo real y la disponibilidad de aulas y laboratorios tecnol\u00f3gicos distribuidos en 13 centros regionales a nivel nacional, incluyendo las Metropolitana, Este, Cibao Norte y Sur.<\/p>\n\n\n\n<p>Indicaron que el programa tiene una meta inicial de formar a dos mil participantes organizados en 50 grupos, con miras a expandirse para cubrir una demanda laboral urgente de al menos 10 mil empleos solo en el sector de los centros de contacto.<\/p>\n\n\n\n<p>Los interesados en participar en el programa, que es totalmente libre de costo, deben acceder al enlace https:\/\/idiomas.infotep.edu.do donde pondr\u00e1n registrase en l\u00ednea para aplicar a un examen de nivel que permitir\u00e1 evaluar a qu\u00e9 nivel le corresponde ingresar.<\/p>\n\n\n\n<p>Para poder participar los interesados deben tener 16 a\u00f1os o m\u00e1s, haber aprobado la Educaci\u00f3n Primaria como m\u00ednimo, haber aprobado la cualificaci\u00f3n de Basic English o haber demostrado dicho nivel a trav\u00e9s del examen de nivel (Placement test), tener conocimientos b\u00e1sicos de internet y programas de oficina, y contar con un dispositivo con acceso a internet.<\/p>\n\n\n\n<p>El primer per\u00edodo de inscripci\u00f3n se llevar\u00e1 a cabo del 19 al 23 de mayo y las capacitaciones iniciar\u00e1n el 26 de mayo.<\/p>\n\n\n\n<p>Estad\u00edsticas<\/p>\n\n\n\n<p>Seg\u00fan datos del Consejo Nacional de Zonas Francas de Exportaci\u00f3n, en 2023 los Call Centers representaron un 12.6% de las empresas de zonas francas y generaron 34 mil 649 empleos, lo que equivale al 17.5% del total de empleos en este sector.<\/p>\n\n\n\n<p>De igual forma el turismo aport\u00f3 un 15% del PIB dominicano y m\u00e1s de 720 mil empleos directos e indirectos, siendo otro motor econ\u00f3mico que exige personal con dominio del ingl\u00e9s para elevar la calidad del servicio y la experiencia del visitante.<\/p>\n\n\n\n<p>Prensa INFOTEP <a href=\"mailto:prensainfotep@infotep.gob.do\">prensainfotep@infotep.gob.do<\/a> <\/p>\n","protected":false},"excerpt":{"rendered":"<p>\u00b7&nbsp;&nbsp;&nbsp;&nbsp;&nbsp;&nbsp;&nbsp; Se busca cubrir una demanda laboral urgente de al menos 10 mil empleos solo en el sector de los centros de contacto. Santo Domingo. \u2013 El Instituto Nacional de Formaci\u00f3n T\u00e9cnico Profesional (INFOTEP) dio apertura oficial a su Academia de Idiomas, una propuesta innovadora y estrat\u00e9gica destinada a fortalecer las competencias ling\u00fc\u00edsticas de j\u00f3venes [&hellip;]<\/p>\n","protected":false},"author":7,"featured_media":615119,"comment_status":"closed","ping_status":"closed","sticky":false,"template":"","format":"standard","meta":{"footnotes":""},"categories":[36],"tags":[94],"class_list":["post-615108","post","type-post","status-publish","format-standard","has-post-thumbnail","hentry","category-hombresmujeresycosas","tag-infotep"],"_links":{"self":[{"href":"https:\/\/diariodominicano.com\/index.php?rest_route=\/wp\/v2\/posts\/615108","targetHints":{"allow":["GET"]}}],"collection":[{"href":"https:\/\/diariodominicano.com\/index.php?rest_route=\/wp\/v2\/posts"}],"about":[{"href":"https:\/\/diariodominicano.com\/index.php?rest_route=\/wp\/v2\/types\/post"}],"author":[{"embeddable":true,"href":"https:\/\/diariodominicano.com\/index.php?rest_route=\/wp\/v2\/users\/7"}],"replies":[{"embeddable":true,"href":"https:\/\/diariodominicano.com\/index.php?rest_route=%2Fwp%2Fv2%2Fcomments&post=615108"}],"version-history":[{"count":1,"href":"https:\/\/diariodominicano.com\/index.php?rest_route=\/wp\/v2\/posts\/615108\/revisions"}],"predecessor-version":[{"id":615120,"href":"https:\/\/diariodominicano.com\/index.php?rest_route=\/wp\/v2\/posts\/615108\/revisions\/615120"}],"wp:featuredmedia":[{"embeddable":true,"href":"https:\/\/diariodominicano.com\/index.php?rest_route=\/wp\/v2\/media\/615119"}],"wp:attachment":[{"href":"https:\/\/diariodominicano.com\/index.php?rest_route=%2Fwp%2Fv2%2Fmedia&parent=615108"}],"wp:term":[{"taxonomy":"category","embeddable":true,"href":"https:\/\/diariodominicano.com\/index.php?rest_route=%2Fwp%2Fv2%2Fcategories&post=615108"},{"taxonomy":"post_tag","embeddable":true,"href":"https:\/\/diariodominicano.com\/index.php?rest_route=%2Fwp%2Fv2%2Ftags&post=615108"}],"curies":[{"name":"wp","href":"https:\/\/api.w.org\/{rel}","templated":true}]}}