{"id":615063,"date":"2025-05-12T15:53:28","date_gmt":"2025-05-12T19:53:28","guid":{"rendered":"https:\/\/diariodominicano.com\/?p=615063"},"modified":"2025-12-29T01:28:51","modified_gmt":"2025-12-29T05:28:51","slug":"banco-popular-y-loyola-forman-cientos-de-jovenes-en-emprendimiento","status":"publish","type":"post","link":"https:\/\/diariodominicano.com\/?p=615063","title":{"rendered":"Banco Popular y Loyola forman cientos de j\u00f3venes en emprendimiento"},"content":{"rendered":"\n<p>Clausuran la edici\u00f3n n\u00famero 27 del Diplomado en Emprendimiento<\/p>\n\n\n\n<p>Santo Domingo, D.N. \u2013 El Banco Popular Dominicano, como parte de su apoyo al emprendimiento en los j\u00f3venes, celebr\u00f3 la clausura de la edici\u00f3n 27ma. del Diplomado en Emprendimiento junto al Instituto Polit\u00e9cnico Loyola (IPL) y el Instituto Especializado de Estudios Superiores Loyola (IEESL), en San Crist\u00f3bal, en la que participaron m\u00e1s de un centenar de estudiantes.<\/p>\n\n\n\n<p>En esta edici\u00f3n del diplomado se reconocieron cuatro proyectos destacados por su enfoque en sostenibilidad e innovaci\u00f3n, en \u00e1reas como servicios de comida, dise\u00f1o de productos sostenibles e industria automotriz.<\/p>\n\n\n\n<figure class=\"wp-block-gallery has-nested-images columns-default is-cropped wp-block-gallery-1 is-layout-flex wp-block-gallery-is-layout-flex\">\n<figure class=\"wp-block-image size-large\"><img loading=\"lazy\" decoding=\"async\" width=\"1024\" height=\"683\" data-id=\"615084\" src=\"https:\/\/diariodominicano.com\/wp-content\/uploads\/2025\/05\/Desde-sus-inicios-el-proyecto-ha-impactado-positivamente-a-1486-estudiantes-1024x683.jpg\" alt=\"\" class=\"wp-image-615084\" srcset=\"https:\/\/diariodominicano.com\/wp-content\/uploads\/2025\/05\/Desde-sus-inicios-el-proyecto-ha-impactado-positivamente-a-1486-estudiantes-1024x683.jpg 1024w, https:\/\/diariodominicano.com\/wp-content\/uploads\/2025\/05\/Desde-sus-inicios-el-proyecto-ha-impactado-positivamente-a-1486-estudiantes-300x200.jpg 300w, https:\/\/diariodominicano.com\/wp-content\/uploads\/2025\/05\/Desde-sus-inicios-el-proyecto-ha-impactado-positivamente-a-1486-estudiantes-768x512.jpg 768w, https:\/\/diariodominicano.com\/wp-content\/uploads\/2025\/05\/Desde-sus-inicios-el-proyecto-ha-impactado-positivamente-a-1486-estudiantes-1536x1025.jpg 1536w, https:\/\/diariodominicano.com\/wp-content\/uploads\/2025\/05\/Desde-sus-inicios-el-proyecto-ha-impactado-positivamente-a-1486-estudiantes-816x544.jpg 816w, https:\/\/diariodominicano.com\/wp-content\/uploads\/2025\/05\/Desde-sus-inicios-el-proyecto-ha-impactado-positivamente-a-1486-estudiantes.jpg 1559w\" sizes=\"auto, (max-width: 1024px) 100vw, 1024px\" \/><figcaption class=\"wp-element-caption\">Desde sus inicios, el proyecto ha impactado positivamente a 1,486 estudiantes <\/figcaption><\/figure>\n<\/figure>\n\n\n\n<p>Desde su inicio en 2016, el Diplomado en Emprendimiento ha impactado positivamente a 1,486 estudiantes, de los cuales 542 pertenecen al nivel t\u00e9cnico del IPL y 944 al nivel universitario del IEESL.<\/p>\n\n\n\n<p>Este hist\u00f3rico de formaci\u00f3n ratifica el compromiso del Banco Popular en el tiempo con el desarrollo de capacidades emprendedoras en la juventud dominicana, promoviendo la innovaci\u00f3n sostenible y el crecimiento econ\u00f3mico del pa\u00eds.<\/p>\n\n\n\n<figure class=\"wp-block-gallery has-nested-images columns-default is-cropped wp-block-gallery-2 is-layout-flex wp-block-gallery-is-layout-flex\">\n<figure class=\"wp-block-image size-large\"><img loading=\"lazy\" decoding=\"async\" width=\"1024\" height=\"683\" data-id=\"615085\" src=\"https:\/\/diariodominicano.com\/wp-content\/uploads\/2025\/05\/La-entidad-financiera-y-la-academia-reafirman-su-compromiso-con-la-juventud-impulsando-la-innovacion-y-el-crecimiento-economico-1024x683.jpg\" alt=\"\" class=\"wp-image-615085\" srcset=\"https:\/\/diariodominicano.com\/wp-content\/uploads\/2025\/05\/La-entidad-financiera-y-la-academia-reafirman-su-compromiso-con-la-juventud-impulsando-la-innovacion-y-el-crecimiento-economico-1024x683.jpg 1024w, https:\/\/diariodominicano.com\/wp-content\/uploads\/2025\/05\/La-entidad-financiera-y-la-academia-reafirman-su-compromiso-con-la-juventud-impulsando-la-innovacion-y-el-crecimiento-economico-300x200.jpg 300w, https:\/\/diariodominicano.com\/wp-content\/uploads\/2025\/05\/La-entidad-financiera-y-la-academia-reafirman-su-compromiso-con-la-juventud-impulsando-la-innovacion-y-el-crecimiento-economico-768x512.jpg 768w, https:\/\/diariodominicano.com\/wp-content\/uploads\/2025\/05\/La-entidad-financiera-y-la-academia-reafirman-su-compromiso-con-la-juventud-impulsando-la-innovacion-y-el-crecimiento-economico-816x544.jpg 816w, https:\/\/diariodominicano.com\/wp-content\/uploads\/2025\/05\/La-entidad-financiera-y-la-academia-reafirman-su-compromiso-con-la-juventud-impulsando-la-innovacion-y-el-crecimiento-economico.jpg 1278w\" sizes=\"auto, (max-width: 1024px) 100vw, 1024px\" \/><figcaption class=\"wp-element-caption\">La entidad financiera y la academia reafirman su compromiso con la juventud,<br>impulsando la innovaci\u00f3n y el crecimiento econ\u00f3mico <\/figcaption><\/figure>\n<\/figure>\n\n\n\n<p>Un programa de formaci\u00f3n integral<\/p>\n\n\n\n<p>El Diplomado en Emprendimiento se estructura en siete m\u00f3dulos, abarcando temas esenciales para la creaci\u00f3n y gesti\u00f3n de nuevos negocios. Los estudiantes abordaron desde el desarrollo de la propuesta de valor y la imagen del emprendedor, hasta la elaboraci\u00f3n de modelos de negocios y la presentaci\u00f3n de sus ideas de negocio o elevator pitches.<\/p>\n\n\n\n<p>Asimismo, recibieron formaci\u00f3n en marketing estrat\u00e9gico mediante estudios de casos, an\u00e1lisis financiero y econ\u00f3mico para emprendedores, aspectos legales aplicables a los negocios, impacto ambiental de los proyectos y el uso de tecnolog\u00edas emergentes en los emprendimientos.<\/p>\n\n\n\n<p>Tambi\u00e9n, como parte esencial para garantizar la viabilidad econ\u00f3mica de los proyectos, los j\u00f3venes recibieron de parte del Popular un m\u00f3dulo especial de finanzas personales, impartido por la coach financiera Pamela Pichardo y su empresa Edufinanzas, en el cual se les brindaron herramientas para la administraci\u00f3n financiera eficiente de sus emprendimientos.<\/p>\n\n\n\n<p>La formaci\u00f3n culmin\u00f3 con la presentaci\u00f3n de los modelos de negocios elaborados por los participantes y la ceremonia de clausura.<\/p>\n\n\n\n<p><strong>Rocio Mej\u00eda Rodr\u00edguez<\/strong><\/p>\n\n\n\n<p>Vicepresidencia Ejecutiva<\/p>\n\n\n\n<p>Comunicaciones Corporativas, Reputaci\u00f3n y Banca Responsable<\/p>\n\n\n\n<p>Grupo Popular, S. A.<\/p>\n\n\n\n<p><a href=\"mailto:rmmejia@bpd.com.do\">rmmejia@bpd.com.do<\/a><\/p>\n","protected":false},"excerpt":{"rendered":"<p>Clausuran la edici\u00f3n n\u00famero 27 del Diplomado en Emprendimiento Santo Domingo, D.N. \u2013 El Banco Popular Dominicano, como parte de su apoyo al emprendimiento en los j\u00f3venes, celebr\u00f3 la clausura de la edici\u00f3n 27ma. del Diplomado en Emprendimiento junto al Instituto Polit\u00e9cnico Loyola (IPL) y el Instituto Especializado de Estudios Superiores Loyola (IEESL), en San [&hellip;]<\/p>\n","protected":false},"author":7,"featured_media":615083,"comment_status":"closed","ping_status":"closed","sticky":false,"template":"","format":"standard","meta":{"footnotes":""},"categories":[18],"tags":[666,2466],"class_list":["post-615063","post","type-post","status-publish","format-standard","has-post-thumbnail","hentry","category-economia","tag-banco-popular-dominicano","tag-loyola"],"_links":{"self":[{"href":"https:\/\/diariodominicano.com\/index.php?rest_route=\/wp\/v2\/posts\/615063","targetHints":{"allow":["GET"]}}],"collection":[{"href":"https:\/\/diariodominicano.com\/index.php?rest_route=\/wp\/v2\/posts"}],"about":[{"href":"https:\/\/diariodominicano.com\/index.php?rest_route=\/wp\/v2\/types\/post"}],"author":[{"embeddable":true,"href":"https:\/\/diariodominicano.com\/index.php?rest_route=\/wp\/v2\/users\/7"}],"replies":[{"embeddable":true,"href":"https:\/\/diariodominicano.com\/index.php?rest_route=%2Fwp%2Fv2%2Fcomments&post=615063"}],"version-history":[{"count":1,"href":"https:\/\/diariodominicano.com\/index.php?rest_route=\/wp\/v2\/posts\/615063\/revisions"}],"predecessor-version":[{"id":615087,"href":"https:\/\/diariodominicano.com\/index.php?rest_route=\/wp\/v2\/posts\/615063\/revisions\/615087"}],"wp:featuredmedia":[{"embeddable":true,"href":"https:\/\/diariodominicano.com\/index.php?rest_route=\/wp\/v2\/media\/615083"}],"wp:attachment":[{"href":"https:\/\/diariodominicano.com\/index.php?rest_route=%2Fwp%2Fv2%2Fmedia&parent=615063"}],"wp:term":[{"taxonomy":"category","embeddable":true,"href":"https:\/\/diariodominicano.com\/index.php?rest_route=%2Fwp%2Fv2%2Fcategories&post=615063"},{"taxonomy":"post_tag","embeddable":true,"href":"https:\/\/diariodominicano.com\/index.php?rest_route=%2Fwp%2Fv2%2Ftags&post=615063"}],"curies":[{"name":"wp","href":"https:\/\/api.w.org\/{rel}","templated":true}]}}