{"id":614585,"date":"2025-05-09T16:21:39","date_gmt":"2025-05-09T20:21:39","guid":{"rendered":"https:\/\/diariodominicano.com\/?p=614585"},"modified":"2026-01-02T18:17:14","modified_gmt":"2026-01-02T22:17:14","slug":"carolina-mejia-ilumina-las-calles-del-sector-rosmil","status":"publish","type":"post","link":"https:\/\/diariodominicano.com\/?p=614585","title":{"rendered":"Carolina Mej\u00eda ilumina las calles del sector Rosmil"},"content":{"rendered":"\n<p>Contin\u00faa impactando la seguridad de los sectores capitale\u00f1os con la entrega de luminarias led instaladas<\/p>\n\n\n\n<p>Santo Domingo, DN \u2013 En la continuaci\u00f3n del programa Sectores Iluminados M\u00e1s Seguros, Carolina Mej\u00eda entreg\u00f3 luminarias led instaladas para impactar en la seguridad de las calles del sector Rosmil.<\/p>\n\n\n\n<p>Con esta iniciativa, adem\u00e1s de mejorar la seguridad en el citado sector capitale\u00f1o, la alcaldesa del Distrito Nacional ponder\u00f3 la importancia que tiene el programa tambi\u00e9n para el ahorro del consumo energ\u00e9tico.<\/p>\n\n\n\n<figure class=\"wp-block-image\"><img decoding=\"async\" src=\"https:\/\/diariodominicano.com\/wp-content\/uploads\/2025\/05\/Carolina-Mejia-ilumina-las-calles-del-sector-Rosmil-1024x682.jpg\" alt=\"\"\/><\/figure>\n\n\n\n<p>Al pronunciar las palabras centrales del acto de entrega, Mej\u00eda expres\u00f3 su felicidad por haber iluminado a Rosmil y agradeci\u00f3 a Dios la oportunidad de poder servir para el bienestar de la gente.<\/p>\n\n\n\n<p>\u201cCada uno de esos testimonios llenan nuestras almas de inmensa alegr\u00eda y, sobre todo, de fuerza, de determinaci\u00f3n para seguir trabajando cada d\u00eda mejor y m\u00e1s comprometidos con el bienestar de la gente\u201d, resalt\u00f3 la alcaldesa.<\/p>\n\n\n\n<p>\u201cLa iluminaci\u00f3n inmediatamente da ese sentido de seguridad, pero, sobre todo, de alegr\u00eda\u201d, indic\u00f3, al hacer referencia a la gran acogida que le han dado los residentes de los sectores donde se han instalado las l\u00e1mparas led, lo cual ha permitido que puedan disfrutar de los espacios durante las noches.<\/p>\n\n\n\n<p>Mej\u00eda record\u00f3 tambi\u00e9n que la Alcald\u00eda del Distrito Nacional avanza en la instalaci\u00f3n de las 10 mil luminarias, 200 c\u00e1maras de videovigilancia, 10,000 fotoceldas, 500 brazos galvanizados, 80 postes y l\u00e1mparas ornamentales y 325 l\u00e1mparas solares.<\/p>\n\n\n\n<p>Las l\u00e1mparas entregadas este jueves en Rosmil se suman a las 543 entregadas en Naco, 611 en Bella Vista, 589 en ensanche Quisqueya, 279 en El Mill\u00f3n y 294 en la avenida Cayetano Germos\u00e9n, con lo que el cabildo contin\u00faa avanzando en la iluminaci\u00f3n de la capital.<\/p>\n\n\n\n<p>Al hablar en representaci\u00f3n de la comunidad, do\u00f1a Mirna Ruiz agradeci\u00f3 a la alcaldesa por todos los proyectos que se han realizado en ese sector. \u201cCarolina es de esta naci\u00f3n, es de este pa\u00eds, y m\u00e1s que nadie, es de este residencial Rosmil\u201d, agreg\u00f3 entre aplausos de los asistentes.<\/p>\n\n\n\n<p>\u201cAhora tenemos un lugar precioso totalmente iluminado que nos ofrece seguridad, que nos ofrece tanta belleza que nos hace inmensamente felices\u201d, manifest\u00f3 la dirigente comunitaria.<\/p>\n\n\n\n<p><strong>Direcci\u00f3n de Comunicaciones<\/strong><\/p>\n\n\n\n<p>Comunicaciones ADN <a href=\"mailto:Comunicaciones.ADN@adn.gob.do\">Comunicaciones.ADN@adn.gob.do<\/a><\/p>\n","protected":false},"excerpt":{"rendered":"<p>Contin\u00faa impactando la seguridad de los sectores capitale\u00f1os con la entrega de luminarias led instaladas Santo Domingo, DN \u2013 En la continuaci\u00f3n del programa Sectores Iluminados M\u00e1s Seguros, Carolina Mej\u00eda entreg\u00f3 luminarias led instaladas para impactar en la seguridad de las calles del sector Rosmil. Con esta iniciativa, adem\u00e1s de mejorar la seguridad en el [&hellip;]<\/p>\n","protected":false},"author":7,"featured_media":614612,"comment_status":"closed","ping_status":"closed","sticky":false,"template":"","format":"standard","meta":{"footnotes":""},"categories":[22],"tags":[1016],"class_list":["post-614585","post","type-post","status-publish","format-standard","has-post-thumbnail","hentry","category-politica","tag-alcaldia-del-distrito-nacional"],"_links":{"self":[{"href":"https:\/\/diariodominicano.com\/index.php?rest_route=\/wp\/v2\/posts\/614585","targetHints":{"allow":["GET"]}}],"collection":[{"href":"https:\/\/diariodominicano.com\/index.php?rest_route=\/wp\/v2\/posts"}],"about":[{"href":"https:\/\/diariodominicano.com\/index.php?rest_route=\/wp\/v2\/types\/post"}],"author":[{"embeddable":true,"href":"https:\/\/diariodominicano.com\/index.php?rest_route=\/wp\/v2\/users\/7"}],"replies":[{"embeddable":true,"href":"https:\/\/diariodominicano.com\/index.php?rest_route=%2Fwp%2Fv2%2Fcomments&post=614585"}],"version-history":[{"count":1,"href":"https:\/\/diariodominicano.com\/index.php?rest_route=\/wp\/v2\/posts\/614585\/revisions"}],"predecessor-version":[{"id":614613,"href":"https:\/\/diariodominicano.com\/index.php?rest_route=\/wp\/v2\/posts\/614585\/revisions\/614613"}],"wp:featuredmedia":[{"embeddable":true,"href":"https:\/\/diariodominicano.com\/index.php?rest_route=\/wp\/v2\/media\/614612"}],"wp:attachment":[{"href":"https:\/\/diariodominicano.com\/index.php?rest_route=%2Fwp%2Fv2%2Fmedia&parent=614585"}],"wp:term":[{"taxonomy":"category","embeddable":true,"href":"https:\/\/diariodominicano.com\/index.php?rest_route=%2Fwp%2Fv2%2Fcategories&post=614585"},{"taxonomy":"post_tag","embeddable":true,"href":"https:\/\/diariodominicano.com\/index.php?rest_route=%2Fwp%2Fv2%2Ftags&post=614585"}],"curies":[{"name":"wp","href":"https:\/\/api.w.org\/{rel}","templated":true}]}}