{"id":614580,"date":"2025-05-09T14:35:43","date_gmt":"2025-05-09T18:35:43","guid":{"rendered":"https:\/\/diariodominicano.com\/?p=614580"},"modified":"2025-05-09T15:58:59","modified_gmt":"2025-05-09T19:58:59","slug":"el-turismo-espanol-hacia-republica-dominicana-registro-caida-del-29-en-2024","status":"publish","type":"post","link":"https:\/\/diariodominicano.com\/?p=614580","title":{"rendered":"Ocupaci\u00f3n hotelera crece en enero-abril a pesar de la desaceleraci\u00f3n econ\u00f3mica de los mercados"},"content":{"rendered":"\n<p>La ocupaci\u00f3n hotelera en la Rep\u00fablica Dominicana registr\u00f3 un 87% en los meses de enero-abril 2025, report\u00f3 el ministro de Turismo David Collado, un 3% m\u00e1s que en el mismo per\u00edodo del a\u00f1o pasado, un 6% m\u00e1s que 2023, un 11% m\u00e1s que en 2022 y un 45% m\u00e1s que en 2021, esto a pesar del comportamiento negativo de la econom\u00eda en los mercados tur\u00edsticos tradicionales<\/p>\n\n\n\n<p>El registro alcanz\u00f3 una ocupaci\u00f3n en resort, en el primer cuatrimestre del a\u00f1o 2025, de fue 89%, y un 94% de estas ocupaciones fueron por visitantes extranjeros. Este La informaci\u00f3n tambi\u00e9n destaca que durante el pasado mes de abril, la ocupaci\u00f3n hotelera del \u00ed b 82% % \u00e1 202 2% 2023 % \u00e1 2022 NOTICIAS<\/p>\n\n\n\n<p>La ocupaci\u00f3n por zonas tur\u00edsticas registr\u00f3 durante los primeros cuatro meses un 92% en La Romana, seguido por 88% en B\u00e1varo-PuntaCana y Sos\u00faa-Cabarete; 87% en Bayah\u00edbe, 83% Juan Dolio-Boca Chica, seguido por 77% registrado por Puerto Plata y Saman\u00e1-Las Terrenas; un 69% en Santiago, 63% Miches y 57% en el Gran Santo Domingo.<\/p>\n\n\n\n<p>La estad\u00eda llegada de extranjeros en el pa\u00eds en el primer cuatrimestre en promedio fue de 8 d\u00edas, con un 81% hospedado en hoteles, con un 36% en el segmento familiar, 21% aventurero, 25% adulto, 18% senior.<\/p>\n\n\n\n<p>El ministro Collado, inform\u00f3 que la ocupaci\u00f3n hotelera de Semana Santa fue de m\u00e1s de un 85%, con 201,889 turistas que llegaron solo esa semana.<\/p>\n\n\n\n<p>Resumen Turismo<\/p>\n\n\n\n<h3 class=\"wp-block-heading\"><strong>Resumen Turismo<\/strong>\u00a0&lt;envios@resumenturismo.com>\u00a0<\/h3>\n","protected":false},"excerpt":{"rendered":"<p>La ocupaci\u00f3n hotelera en la Rep\u00fablica Dominicana registr\u00f3 un 87% en los meses de enero-abril 2025, report\u00f3 el ministro de Turismo David Collado, un 3% m\u00e1s que en el mismo per\u00edodo del a\u00f1o pasado, un 6% m\u00e1s que 2023, un 11% m\u00e1s que en 2022 y un 45% m\u00e1s que en 2021, esto a pesar [&hellip;]<\/p>\n","protected":false},"author":7,"featured_media":614607,"comment_status":"closed","ping_status":"closed","sticky":false,"template":"","format":"standard","meta":{"footnotes":""},"categories":[32],"tags":[123],"class_list":["post-614580","post","type-post","status-publish","format-standard","has-post-thumbnail","hentry","category-turismo","tag-turismo"],"_links":{"self":[{"href":"https:\/\/diariodominicano.com\/index.php?rest_route=\/wp\/v2\/posts\/614580","targetHints":{"allow":["GET"]}}],"collection":[{"href":"https:\/\/diariodominicano.com\/index.php?rest_route=\/wp\/v2\/posts"}],"about":[{"href":"https:\/\/diariodominicano.com\/index.php?rest_route=\/wp\/v2\/types\/post"}],"author":[{"embeddable":true,"href":"https:\/\/diariodominicano.com\/index.php?rest_route=\/wp\/v2\/users\/7"}],"replies":[{"embeddable":true,"href":"https:\/\/diariodominicano.com\/index.php?rest_route=%2Fwp%2Fv2%2Fcomments&post=614580"}],"version-history":[{"count":2,"href":"https:\/\/diariodominicano.com\/index.php?rest_route=\/wp\/v2\/posts\/614580\/revisions"}],"predecessor-version":[{"id":614609,"href":"https:\/\/diariodominicano.com\/index.php?rest_route=\/wp\/v2\/posts\/614580\/revisions\/614609"}],"wp:featuredmedia":[{"embeddable":true,"href":"https:\/\/diariodominicano.com\/index.php?rest_route=\/wp\/v2\/media\/614607"}],"wp:attachment":[{"href":"https:\/\/diariodominicano.com\/index.php?rest_route=%2Fwp%2Fv2%2Fmedia&parent=614580"}],"wp:term":[{"taxonomy":"category","embeddable":true,"href":"https:\/\/diariodominicano.com\/index.php?rest_route=%2Fwp%2Fv2%2Fcategories&post=614580"},{"taxonomy":"post_tag","embeddable":true,"href":"https:\/\/diariodominicano.com\/index.php?rest_route=%2Fwp%2Fv2%2Ftags&post=614580"}],"curies":[{"name":"wp","href":"https:\/\/api.w.org\/{rel}","templated":true}]}}