{"id":614398,"date":"2025-05-08T15:19:56","date_gmt":"2025-05-08T19:19:56","guid":{"rendered":"https:\/\/diariodominicano.com\/?p=614398"},"modified":"2025-05-09T03:15:03","modified_gmt":"2025-05-09T07:15:03","slug":"la-mano-de-obra-haitiana-imprescindible-en-la-economia-dominicana","status":"publish","type":"post","link":"https:\/\/diariodominicano.com\/?p=614398","title":{"rendered":"La mano de obra haitiana imprescindible en la econom\u00eda dominicana"},"content":{"rendered":"\n<p>Por: Ram\u00f3n Antonio Veras <\/p>\n\n\n\n<p>1.- La vida pr\u00e1ctica se nutre de la existencia real y objetiva, no de suposiciones, de lo que se cree o se da por establecido.<\/p>\n\n\n\n<p>2.- Pretender con ansias es posible que se quede en un deseo si no logramos materializarlo.<\/p>\n\n\n\n<p>3.- La tendencia de la voluntad a que se d\u00e9 lo anhelado, a veces se traduce en una simple aspiraci\u00f3n.<\/p>\n\n\n\n<p>4.- La pretensi\u00f3n de sectores antihaitianos de la sociedad dominicana de que no est\u00e9 presente la mano de obra haitiana en la econom\u00eda dominicana, hasta ahora, es un prop\u00f3sito, un sue\u00f1o dorado.<\/p>\n\n\n\n<p>5.- Aquellos que en nuestro pa\u00eds adversan a los haitianos negros y pobres, con la condici\u00f3n de inmigrantes, van a tener que aceptarlos como algo de lo que no se puede prescindir.<\/p>\n\n\n\n<p>6.- Esa es la realidad. La mano de obra haitiana es una necesidad en distintas \u00e1reas de la econom\u00eda dominicana. Ese trabajador de Hait\u00ed es algo imprescindible, fundamental.<\/p>\n\n\n\n<p>7.- De la manera que sea, de cualquier modo, el inmigrante haitiano tiene que estar ah\u00ed, inclinando la cerviz, vendiendo su fuerza de trabajo al empleador o patrono dominicano.<\/p>\n\n\n\n<p>8.- Puede verse como una forma de teorizar, hablar o escribir de lo primordial del inmigrante haitiano en distintos sectores de la econom\u00eda dominicana, pero cuando quien opina tiene relaci\u00f3n directa con la producci\u00f3n, entonces hay que considerar su parecer al respecto.<\/p>\n\n\n\n<p>9.- Como el gobierno dominicano ha decidido tomar una serie de medidas contra los inmigrantes haitianos, empresarios afectados con la falta de mano de obra han expresado su preocupaci\u00f3n.<\/p>\n\n\n\n<p>10.- Representantes de los ganaderos, avicultores y productores de cacao, banano, pl\u00e1tano y otros rubros dicen que debe haber soluci\u00f3n inmediata ante la falta de carnetizar a haitianos.<\/p>\n\n\n\n<p>11.- Expresaron, adem\u00e1s, que: \u201cla producci\u00f3n de carne de res, pollo, cerdo, leche, arroz, pl\u00e1tano, yuca, batata, guineo, frutas, vegetales, as\u00ed como cacao y otros cultivos agr\u00edcolas tienen problemas\u201d.<\/p>\n\n\n\n<p>12.- El doctor Ulises Beras, ganadero de El Seibo, dijo: \u201ccomo los dominicanos no quieren trabajar a ning\u00fan precio las labores agr\u00edcolas y pecuarias, las autoridades deber\u00edan permitir que los haitianos hagan esos trabajos\u201d.<\/p>\n\n\n\n<p>13.- Agreg\u00f3 adem\u00e1s el doctor Beras: \u201cque los haitianos son imprescindibles para las labores de desyerbo, reparaci\u00f3n de cercas, siembras de yerbas, orde\u00f1o y otras labores en las fincas ganaderas. A eso hay que buscarle una soluci\u00f3n, para evitar el abandono de muchas fincas por los due\u00f1os\u201d.<\/p>\n\n\n\n<p>14.- En otro orden, pero en la misma l\u00ednea de la mano de obra haitiana, el economista Mag\u00edn D\u00edaz, refiri\u00e9ndose a la industria de la construcci\u00f3n, escribi\u00f3:<\/p>\n\n\n\n<p>15.- \u201cM\u00e1s recientemente, el tema las deportaciones de inmigrantes ilegales puede estar impactando el sector, aunque no hay datos firmes al respecto. Pero si consideramos que el 85% de la construcci\u00f3n opera en la informalidad laboral, de acuerdo a los datos de la Encuesta Continua de la Fuerza de Trabajo que publica el Banco Central, no hay dudas de que este tema puede estar incidiendo en el comportamiento del sector en los \u00faltimos meses\u201d.<\/p>\n\n\n\n<p>16.- Aquellos que en nuestro pa\u00eds sin fundamento ni raz\u00f3n, y carente de todo humanismo se manifiestan contrarios a la presencia de la mano de obra haitiana en la econom\u00eda dominicana, deben recapacitar y reconocer que su posici\u00f3n est\u00e1 al margen de la realidad.<\/p>\n\n\n\n<p>Santiago de los Caballeros,<br>8 de diciembre de 2025.<\/p>\n\n\n\n<p>Fuente de informaci\u00f3n:<br>Hoy, 7 de mayo de 2025, p\u00e1gina 9, edici\u00f3n impresa.<br>Idem<br>Idem<br>\u00cddem<br>EL Caribe, 7 de mayo de 2025, p\u00e1gina 15, edici\u00f3n impresa.<\/p>\n","protected":false},"excerpt":{"rendered":"<p>Por: Ram\u00f3n Antonio Veras 1.- La vida pr\u00e1ctica se nutre de la existencia real y objetiva, no de suposiciones, de lo que se cree o se da por establecido. 2.- Pretender con ansias es posible que se quede en un deseo si no logramos materializarlo. 3.- La tendencia de la voluntad a que se d\u00e9 [&hellip;]<\/p>\n","protected":false},"author":7,"featured_media":404710,"comment_status":"closed","ping_status":"closed","sticky":false,"template":"","format":"standard","meta":{"footnotes":""},"categories":[16],"tags":[426],"class_list":["post-614398","post","type-post","status-publish","format-standard","has-post-thumbnail","hentry","category-opiniones","tag-ramon-antonio-veras"],"_links":{"self":[{"href":"https:\/\/diariodominicano.com\/index.php?rest_route=\/wp\/v2\/posts\/614398","targetHints":{"allow":["GET"]}}],"collection":[{"href":"https:\/\/diariodominicano.com\/index.php?rest_route=\/wp\/v2\/posts"}],"about":[{"href":"https:\/\/diariodominicano.com\/index.php?rest_route=\/wp\/v2\/types\/post"}],"author":[{"embeddable":true,"href":"https:\/\/diariodominicano.com\/index.php?rest_route=\/wp\/v2\/users\/7"}],"replies":[{"embeddable":true,"href":"https:\/\/diariodominicano.com\/index.php?rest_route=%2Fwp%2Fv2%2Fcomments&post=614398"}],"version-history":[{"count":2,"href":"https:\/\/diariodominicano.com\/index.php?rest_route=\/wp\/v2\/posts\/614398\/revisions"}],"predecessor-version":[{"id":614488,"href":"https:\/\/diariodominicano.com\/index.php?rest_route=\/wp\/v2\/posts\/614398\/revisions\/614488"}],"wp:featuredmedia":[{"embeddable":true,"href":"https:\/\/diariodominicano.com\/index.php?rest_route=\/wp\/v2\/media\/404710"}],"wp:attachment":[{"href":"https:\/\/diariodominicano.com\/index.php?rest_route=%2Fwp%2Fv2%2Fmedia&parent=614398"}],"wp:term":[{"taxonomy":"category","embeddable":true,"href":"https:\/\/diariodominicano.com\/index.php?rest_route=%2Fwp%2Fv2%2Fcategories&post=614398"},{"taxonomy":"post_tag","embeddable":true,"href":"https:\/\/diariodominicano.com\/index.php?rest_route=%2Fwp%2Fv2%2Ftags&post=614398"}],"curies":[{"name":"wp","href":"https:\/\/api.w.org\/{rel}","templated":true}]}}