{"id":613971,"date":"2025-05-06T14:28:40","date_gmt":"2025-05-06T18:28:40","guid":{"rendered":"https:\/\/diariodominicano.com\/?p=613971"},"modified":"2026-01-02T18:17:43","modified_gmt":"2026-01-02T22:17:43","slug":"rey-de-espana-abinader-y-carolina-mejia-inauguran-monumento-a-la-paz-y-la-libertad-en-malecon-de-sd","status":"publish","type":"post","link":"https:\/\/diariodominicano.com\/?p=613971","title":{"rendered":"Rey de Espa\u00f1a, Abinader y Carolina Mej\u00eda inauguran monumento a la paz y la libertad en Malec\u00f3n de SD\u00a0"},"content":{"rendered":"\n<p>Santo Domingo, DN &#8211; El rey de Espa\u00f1a, Felipe VI, el presidente Luis Abinader y la alcaldesa Carolina Mej\u00eda inauguraron el monumento Flame, una escultura dedicada a la paz y la libertad ubicada en el kil\u00f3metro siete y medio del Malec\u00f3n de Santo Domingo.&nbsp;<\/p>\n\n\n\n<p>El monumento consagra a Santo Domingo como capital del derecho a nivel mundial, un reconocimiento que destaca los avances de Rep\u00fablica Dominicana en materia de Estado de Derecho, a prop\u00f3sito de la celebraci\u00f3n del Congreso Mundial del Derecho del que fue sede.<\/p>\n\n\n\n<p>La escultura, por el artista Carlos Albert, representa el premio Rainer Arnold Award, creado por la World Jurist Association (WJA) y la World Law Foundation para reconocer la excelencia en la investigaci\u00f3n constitucional en el \u00e1mbito jur\u00eddico.<\/p>\n\n\n\n<figure class=\"wp-block-gallery has-nested-images columns-default is-cropped wp-block-gallery-1 is-layout-flex wp-block-gallery-is-layout-flex\">\n<figure class=\"wp-block-image size-large\"><img loading=\"lazy\" decoding=\"async\" width=\"568\" height=\"852\" data-id=\"614005\" src=\"https:\/\/diariodominicano.com\/wp-content\/uploads\/2025\/05\/Rey-de-Espana-Abinader-y-Carolina-Mejia-inauguran-monumento-a-la-paz-y-la-libertad-en-Malecon-de-SD.jpg\" alt=\"\" class=\"wp-image-614005\" srcset=\"https:\/\/diariodominicano.com\/wp-content\/uploads\/2025\/05\/Rey-de-Espana-Abinader-y-Carolina-Mejia-inauguran-monumento-a-la-paz-y-la-libertad-en-Malecon-de-SD.jpg 568w, https:\/\/diariodominicano.com\/wp-content\/uploads\/2025\/05\/Rey-de-Espana-Abinader-y-Carolina-Mejia-inauguran-monumento-a-la-paz-y-la-libertad-en-Malecon-de-SD-200x300.jpg 200w\" sizes=\"auto, (max-width: 568px) 100vw, 568px\" \/><\/figure>\n\n\n\n<figure class=\"wp-block-image size-large\"><img loading=\"lazy\" decoding=\"async\" width=\"568\" height=\"852\" data-id=\"614004\" src=\"https:\/\/diariodominicano.com\/wp-content\/uploads\/2025\/05\/Rey-de-Espana-Abinader-y-Carolina-Mejia-inauguran-monumento-a-la-paz-y-la-libertad-en-Malecon-SD.jpeg\" alt=\"\" class=\"wp-image-614004\" srcset=\"https:\/\/diariodominicano.com\/wp-content\/uploads\/2025\/05\/Rey-de-Espana-Abinader-y-Carolina-Mejia-inauguran-monumento-a-la-paz-y-la-libertad-en-Malecon-SD.jpeg 568w, https:\/\/diariodominicano.com\/wp-content\/uploads\/2025\/05\/Rey-de-Espana-Abinader-y-Carolina-Mejia-inauguran-monumento-a-la-paz-y-la-libertad-en-Malecon-SD-200x300.jpeg 200w\" sizes=\"auto, (max-width: 568px) 100vw, 568px\" \/><\/figure>\n<\/figure>\n\n\n\n<p>El monarca espa\u00f1ol se encuentra en suelo dominicano para participar en la clausura del Congreso Mundial del Derecho, as\u00ed como otras actividades de car\u00e1cter oficial.<\/p>\n\n\n\n<p>Al participar en el Congreso Mundial del Derecho celebrado en Santo Domingo, la alcaldesa del Distrito Nacional dijo que es una gran satisfacci\u00f3n y reconocimiento que la ciudad haya sido seleccionada como sede de tan magno evento.<\/p>\n\n\n\n<p>\u201cLa justicia y la legalidad son los pilares sobre los cuales estamos construyendo y seguiremos construyendo una sociedad m\u00e1s equitativa, segura y pr\u00f3spera para todos los dominicanos\u201d, sostuvo Carolina Mej\u00eda durante su disertaci\u00f3n.<\/p>\n\n\n\n<p>El Congreso Mundial de Derecho aglutina a m\u00e1s de 300 panelistas de m\u00e1s de 70 pa\u00edses en la capital dominicana, iniciando el pasado s\u00e1bado y concluyendo este martes.<br><br><strong>Direcci\u00f3n de Comunicaciones<\/strong><\/p>\n\n\n\n<p>Comunicaciones ADN <a href=\"mailto:Comunicaciones.ADN@adn.gob.do\">Comunicaciones.ADN@adn.gob.do<\/a><\/p>\n","protected":false},"excerpt":{"rendered":"<p>Santo Domingo, DN &#8211; El rey de Espa\u00f1a, Felipe VI, el presidente Luis Abinader y la alcaldesa Carolina Mej\u00eda inauguraron el monumento Flame, una escultura dedicada a la paz y la libertad ubicada en el kil\u00f3metro siete y medio del Malec\u00f3n de Santo Domingo.&nbsp; El monumento consagra a Santo Domingo como capital del derecho a [&hellip;]<\/p>\n","protected":false},"author":7,"featured_media":614006,"comment_status":"closed","ping_status":"closed","sticky":false,"template":"","format":"standard","meta":{"footnotes":""},"categories":[20],"tags":[1016],"class_list":["post-613971","post","type-post","status-publish","format-standard","has-post-thumbnail","hentry","category-dominicana-hoy","tag-alcaldia-del-distrito-nacional"],"_links":{"self":[{"href":"https:\/\/diariodominicano.com\/index.php?rest_route=\/wp\/v2\/posts\/613971","targetHints":{"allow":["GET"]}}],"collection":[{"href":"https:\/\/diariodominicano.com\/index.php?rest_route=\/wp\/v2\/posts"}],"about":[{"href":"https:\/\/diariodominicano.com\/index.php?rest_route=\/wp\/v2\/types\/post"}],"author":[{"embeddable":true,"href":"https:\/\/diariodominicano.com\/index.php?rest_route=\/wp\/v2\/users\/7"}],"replies":[{"embeddable":true,"href":"https:\/\/diariodominicano.com\/index.php?rest_route=%2Fwp%2Fv2%2Fcomments&post=613971"}],"version-history":[{"count":1,"href":"https:\/\/diariodominicano.com\/index.php?rest_route=\/wp\/v2\/posts\/613971\/revisions"}],"predecessor-version":[{"id":614007,"href":"https:\/\/diariodominicano.com\/index.php?rest_route=\/wp\/v2\/posts\/613971\/revisions\/614007"}],"wp:featuredmedia":[{"embeddable":true,"href":"https:\/\/diariodominicano.com\/index.php?rest_route=\/wp\/v2\/media\/614006"}],"wp:attachment":[{"href":"https:\/\/diariodominicano.com\/index.php?rest_route=%2Fwp%2Fv2%2Fmedia&parent=613971"}],"wp:term":[{"taxonomy":"category","embeddable":true,"href":"https:\/\/diariodominicano.com\/index.php?rest_route=%2Fwp%2Fv2%2Fcategories&post=613971"},{"taxonomy":"post_tag","embeddable":true,"href":"https:\/\/diariodominicano.com\/index.php?rest_route=%2Fwp%2Fv2%2Ftags&post=613971"}],"curies":[{"name":"wp","href":"https:\/\/api.w.org\/{rel}","templated":true}]}}