{"id":613967,"date":"2025-05-06T13:30:21","date_gmt":"2025-05-06T17:30:21","guid":{"rendered":"https:\/\/diariodominicano.com\/?p=613967"},"modified":"2026-01-02T18:18:42","modified_gmt":"2026-01-02T22:18:42","slug":"consejond-y-alcaldia-sde-inician-jornada-de-formacion-para-la-policia-municipal-con-enfoque-familiar-y-preventivo","status":"publish","type":"post","link":"https:\/\/diariodominicano.com\/?p=613967","title":{"rendered":"ConsejoND y Alcald\u00eda SDE inician jornada de formaci\u00f3n para la Polic\u00eda Municipal con enfoque familiar y preventivo"},"content":{"rendered":"\n<p>Santo Domingo, DN. &#8211; El Consejo Nacional de Drogas (CND) junto a la Alcald\u00eda de Santo Domingo Este dieron apertura a la primera jornada de capacitaci\u00f3n&nbsp;\u300aEl Rol Preventivo de la Familia Frente al Consumo de Drogas\u300b, dirigida a agentes de la Polic\u00eda Municipal de ese municipio.<\/p>\n\n\n\n<p>El evento fue encabezado por el alcalde D\u00edo Astacio, quien ha mostrado un marcado inter\u00e9s de fortalecer las capacidades de los agentes municipales para acercarlos a\u00fan m\u00e1s a la comunidad.<\/p>\n\n\n\n<p>En representaci\u00f3n del presidente del CND, el soci\u00f3logo Alejandro de Jes\u00fas Abreu, particip\u00f3 el se\u00f1or Julio de Pe\u00f1a, responsable de Relaciones Interinstitucionales del organismo preventivo junto a la Dra. Elba Mar\u00eda Trejo, directora regional de la instituci\u00f3n y coordinadora de la jornada.<\/p>\n\n\n\n<p>Durante tres d\u00edas, los agentes recibir\u00e1n formaci\u00f3n centrada en herramientas de comunicaci\u00f3n efectiva, fortalecimiento de lazos familiares y estrategias para promover entornos seguros y saludables.<\/p>\n\n\n\n<p>Este esfuerzo conjunto refleja el objetivo de los organismos del Estado, de formar a una polic\u00eda municipal con capacidad para servir como puente entre las instituciones y el bienestar de las familias.<\/p>\n\n\n\n<p>\u00abPrevenir el consumo de sustancias il\u00edcitas y promover la salud, no es solo una tarea institucional, sino una misi\u00f3n compartida con cada hogar, cada comunidad y cada agente que, con vocaci\u00f3n y entrega, decide proteger la vida y el futuro de nuestros j\u00f3venes\u00bb, expres\u00f3 Julio de Pe\u00f1a durante su intervenci\u00f3n.<\/p>\n\n\n\n<p>El primer d\u00eda de capacitaci\u00f3n estuvo a cargo del t\u00e9cnico Jos\u00e9 Alberto Rojas, con el respaldo de los colaboradores Mar\u00eda Pe\u00f1a, Santa Santana, Carida Rijo y Ricardo Vald\u00e9z.<\/p>\n\n\n\n<p><strong>UNIDAD DE PRENSA DEL CONSEJO NACIONAL DE DROGAS<\/strong><\/p>\n\n\n\n<p>Odalis S\u00e1nchez <a href=\"mailto:odalissanchez@gmail.com\">odalissanchez@gmail.com<\/a>\u2002<\/p>\n","protected":false},"excerpt":{"rendered":"<p>Santo Domingo, DN. &#8211; El Consejo Nacional de Drogas (CND) junto a la Alcald\u00eda de Santo Domingo Este dieron apertura a la primera jornada de capacitaci\u00f3n&nbsp;\u300aEl Rol Preventivo de la Familia Frente al Consumo de Drogas\u300b, dirigida a agentes de la Polic\u00eda Municipal de ese municipio. El evento fue encabezado por el alcalde D\u00edo Astacio, [&hellip;]<\/p>\n","protected":false},"author":7,"featured_media":613975,"comment_status":"closed","ping_status":"closed","sticky":false,"template":"","format":"standard","meta":{"footnotes":""},"categories":[36],"tags":[2137,207],"class_list":["post-613967","post","type-post","status-publish","format-standard","has-post-thumbnail","hentry","category-hombresmujeresycosas","tag-alcaldia-sde-2","tag-consejo-nacional-de-drogas-cnd"],"_links":{"self":[{"href":"https:\/\/diariodominicano.com\/index.php?rest_route=\/wp\/v2\/posts\/613967","targetHints":{"allow":["GET"]}}],"collection":[{"href":"https:\/\/diariodominicano.com\/index.php?rest_route=\/wp\/v2\/posts"}],"about":[{"href":"https:\/\/diariodominicano.com\/index.php?rest_route=\/wp\/v2\/types\/post"}],"author":[{"embeddable":true,"href":"https:\/\/diariodominicano.com\/index.php?rest_route=\/wp\/v2\/users\/7"}],"replies":[{"embeddable":true,"href":"https:\/\/diariodominicano.com\/index.php?rest_route=%2Fwp%2Fv2%2Fcomments&post=613967"}],"version-history":[{"count":1,"href":"https:\/\/diariodominicano.com\/index.php?rest_route=\/wp\/v2\/posts\/613967\/revisions"}],"predecessor-version":[{"id":613981,"href":"https:\/\/diariodominicano.com\/index.php?rest_route=\/wp\/v2\/posts\/613967\/revisions\/613981"}],"wp:featuredmedia":[{"embeddable":true,"href":"https:\/\/diariodominicano.com\/index.php?rest_route=\/wp\/v2\/media\/613975"}],"wp:attachment":[{"href":"https:\/\/diariodominicano.com\/index.php?rest_route=%2Fwp%2Fv2%2Fmedia&parent=613967"}],"wp:term":[{"taxonomy":"category","embeddable":true,"href":"https:\/\/diariodominicano.com\/index.php?rest_route=%2Fwp%2Fv2%2Fcategories&post=613967"},{"taxonomy":"post_tag","embeddable":true,"href":"https:\/\/diariodominicano.com\/index.php?rest_route=%2Fwp%2Fv2%2Ftags&post=613967"}],"curies":[{"name":"wp","href":"https:\/\/api.w.org\/{rel}","templated":true}]}}