{"id":613813,"date":"2025-05-05T20:40:03","date_gmt":"2025-05-06T00:40:03","guid":{"rendered":"https:\/\/diariodominicano.com\/?p=613813"},"modified":"2025-05-05T22:59:07","modified_gmt":"2025-05-06T02:59:07","slug":"caasd-inicia-segunda-fase-de-intervencion-en-tramo-proximo-al-hospital-dario-contreras","status":"publish","type":"post","link":"https:\/\/diariodominicano.com\/?p=613813","title":{"rendered":"Caasd informa inicia segunda fase de intervenci\u00f3n en tramo pr\u00f3ximo al Hospital Dar\u00edo Contreras"},"content":{"rendered":"\n<p>Santo Domingo.- La Corporaci\u00f3n del Acueducto y Alcantarillado de Santo Domingo&nbsp;<strong>(Caasd)<\/strong>&nbsp;inici\u00f3 la&nbsp;<strong>segunda fase<\/strong>&nbsp;de los trabajos de intervenci\u00f3n en el tramo comprendido entre la&nbsp;<strong>avenida Sabana Larga y el Hospital Traumatol\u00f3gico Dr. Dar\u00edo Contreras<\/strong>, con el objetivo de seguir optimizando el servicio de&nbsp;<strong>alcantarillado sanitario<\/strong>&nbsp;en distintos sectores de la ciudad.&nbsp;<\/p>\n\n\n\n<p>En coordinaci\u00f3n con la Direcci\u00f3n General de Seguridad de Tr\u00e1nsito y Transporte Terrestre&nbsp;<strong>(Digesett)<\/strong>, las brigadas de la Direcci\u00f3n de Operaciones este fin de semana comenzaron las labores&nbsp;<strong>en horario nocturno.<\/strong>&nbsp;<\/p>\n\n\n\n<p><em>\u201cHemos coordinado con Digesett para asegurar que esta intervenci\u00f3n se realice de manera organizada, protegiendo tanto a los conductores como al personal t\u00e9cnico desplegado. El horario nocturno fue elegido estrat\u00e9gicamente para minimizar el impacto en el tr\u00e1nsito, considerando la alta carga vehicular que presenta esta zona durante el d\u00eda\u201d,<\/em>&nbsp;agreg\u00f3 la instituci\u00f3n.<\/p>\n\n\n\n<figure class=\"wp-block-image\"><img decoding=\"async\" src=\"https:\/\/presidencia.gob.do\/sites\/default\/files\/inline-images\/IMG_6174.jpeg\" alt=\"\"\/><\/figure>\n\n\n\n<p>Esta segunda fase contempla la sustituci\u00f3n de aproximadamente&nbsp;<strong>146 metros lineales<\/strong>&nbsp;de tuber\u00edas, para corregir el desbordamiento de&nbsp;<strong>aguas residuales<\/strong>&nbsp;que se estanca en la zona, mejorando as\u00ed la calidad de vida de los residentes en los sectores&nbsp;<strong>Villa Ol\u00edmpica, Jardines de Alma Rosa, Patria Mella, Ensanche Ozama<\/strong>, entre otros.<\/p>\n\n\n\n<p>En ese sentido, la instituci\u00f3n, dirigida por el ingeniero&nbsp;<strong>Fellito Suberv\u00ed,<\/strong>&nbsp;recomend\u00f3 a la ciudadan\u00eda utilizar&nbsp;<strong>v\u00edas alternas<\/strong>&nbsp;para facilitar la movilidad, dada la alta carga vehicular de la zona y la proximidad con el Hospital Dar\u00edo Contreras.&nbsp;<\/p>\n\n\n\n<p><em>\u201cEstamos conscientes del impacto que estos trabajos pueden generar en la movilidad diaria, especialmente por la cercan\u00eda con el Hospital Dar\u00edo Contreras. Por eso, recomendamos a los ciudadanos utilizar v\u00edas alternas mientras se completan los trabajos\u201d,<\/em>&nbsp;expres\u00f3 la entidad.&nbsp;<\/p>\n\n\n\n<figure class=\"wp-block-image\"><img decoding=\"async\" src=\"https:\/\/presidencia.gob.do\/sites\/default\/files\/inline-images\/IMG_6175.jpeg\" alt=\"\"\/><\/figure>\n\n\n\n<p>La Caasd agradece la&nbsp;<strong>comprensi\u00f3n<\/strong>&nbsp;de la ciudadan\u00eda y&nbsp;<strong>ofrece disculpas<\/strong>&nbsp;por los inconvenientes que puedan generar estas intervenciones.&nbsp;<\/p>\n\n\n\n<p>\u201c<em>Pedimos comprensi\u00f3n, ya que estas mejoras buscan garantizar un servicio de saneamiento m\u00e1s eficiente y duradero para todos\u201d,<\/em>&nbsp;dijo.&nbsp;<\/p>\n\n\n\n<p>La Corporaci\u00f3n reiter\u00f3 que estos trabajos tienen como objetivo&nbsp;<strong>optimizar el servicio<\/strong>&nbsp;y contribuir al&nbsp;<strong>bienestar y la calidad de vida<\/strong>&nbsp;de toda la poblaci\u00f3n.&nbsp;<\/p>\n\n\n\n<p>Los trabajos que actualmente se encuentran en su segunda fase forman parte de un&nbsp;<strong>plan de intervenci\u00f3n<\/strong>&nbsp;iniciado a finales de marzo por la Caasd, tras el colapso de una tuber\u00eda de aguas residuales en la&nbsp;<strong>avenida Las Am\u00e9ricas<\/strong>, en las inmediaciones del Hospital Dar\u00edo Contreras. La aver\u00eda, causada por un aplastamiento de la l\u00ednea, provoc\u00f3 el desbordamiento de aguas negras, generando serias afectaciones para los residentes y transe\u00fantes de la zona.<\/p>\n\n\n\n<p>En ese contexto, la Caasd, a trav\u00e9s de su&nbsp;<strong>Direcci\u00f3n de Alcantarillado en Santo Domingo Este,<\/strong>&nbsp;moviliz\u00f3&nbsp; sus brigadas para iniciar excavaciones y proceder con la sustituci\u00f3n de la tuber\u00eda da\u00f1ada.&nbsp;<\/p>\n\n\n\n<p>Asimismo, explic\u00f3 que estas labores se llevaron a cabo con jornadas extendidas, dado que se trata de una infraestructura compleja por su&nbsp;<strong>profundidad y ubicaci\u00f3n estrat\u00e9gica<\/strong>. El objetivo ha sido dar una respuesta&nbsp;<strong>r\u00e1pida y efectiva<\/strong>&nbsp;a una situaci\u00f3n cr\u00edtica que compromet\u00eda la salubridad del entorno.<\/p>\n\n\n\n<p><a href=\"https:\/\/presidencia.gob.do\/taxonomy\/term\/100\">CAASD<\/a><\/p>\n\n\n\n<p><a href=\"https:\/\/presidencia.gob.do\/taxonomy\/term\/129\">Agua<\/a><\/p>\n","protected":false},"excerpt":{"rendered":"<p>Santo Domingo.- La Corporaci\u00f3n del Acueducto y Alcantarillado de Santo Domingo&nbsp;(Caasd)&nbsp;inici\u00f3 la&nbsp;segunda fase&nbsp;de los trabajos de intervenci\u00f3n en el tramo comprendido entre la&nbsp;avenida Sabana Larga y el Hospital Traumatol\u00f3gico Dr. Dar\u00edo Contreras, con el objetivo de seguir optimizando el servicio de&nbsp;alcantarillado sanitario&nbsp;en distintos sectores de la ciudad.&nbsp; En coordinaci\u00f3n con la Direcci\u00f3n General de Seguridad [&hellip;]<\/p>\n","protected":false},"author":7,"featured_media":424487,"comment_status":"closed","ping_status":"closed","sticky":false,"template":"","format":"standard","meta":{"footnotes":""},"categories":[20],"tags":[692],"class_list":["post-613813","post","type-post","status-publish","format-standard","has-post-thumbnail","hentry","category-dominicana-hoy","tag-caasd"],"_links":{"self":[{"href":"https:\/\/diariodominicano.com\/index.php?rest_route=\/wp\/v2\/posts\/613813","targetHints":{"allow":["GET"]}}],"collection":[{"href":"https:\/\/diariodominicano.com\/index.php?rest_route=\/wp\/v2\/posts"}],"about":[{"href":"https:\/\/diariodominicano.com\/index.php?rest_route=\/wp\/v2\/types\/post"}],"author":[{"embeddable":true,"href":"https:\/\/diariodominicano.com\/index.php?rest_route=\/wp\/v2\/users\/7"}],"replies":[{"embeddable":true,"href":"https:\/\/diariodominicano.com\/index.php?rest_route=%2Fwp%2Fv2%2Fcomments&post=613813"}],"version-history":[{"count":2,"href":"https:\/\/diariodominicano.com\/index.php?rest_route=\/wp\/v2\/posts\/613813\/revisions"}],"predecessor-version":[{"id":613865,"href":"https:\/\/diariodominicano.com\/index.php?rest_route=\/wp\/v2\/posts\/613813\/revisions\/613865"}],"wp:featuredmedia":[{"embeddable":true,"href":"https:\/\/diariodominicano.com\/index.php?rest_route=\/wp\/v2\/media\/424487"}],"wp:attachment":[{"href":"https:\/\/diariodominicano.com\/index.php?rest_route=%2Fwp%2Fv2%2Fmedia&parent=613813"}],"wp:term":[{"taxonomy":"category","embeddable":true,"href":"https:\/\/diariodominicano.com\/index.php?rest_route=%2Fwp%2Fv2%2Fcategories&post=613813"},{"taxonomy":"post_tag","embeddable":true,"href":"https:\/\/diariodominicano.com\/index.php?rest_route=%2Fwp%2Fv2%2Ftags&post=613813"}],"curies":[{"name":"wp","href":"https:\/\/api.w.org\/{rel}","templated":true}]}}