{"id":613635,"date":"2025-05-04T13:05:41","date_gmt":"2025-05-04T17:05:41","guid":{"rendered":"https:\/\/diariodominicano.com\/?p=613635"},"modified":"2025-05-05T01:25:27","modified_gmt":"2025-05-05T05:25:27","slug":"lo-imprevisto-en-el-pase-de-la-antorcha","status":"publish","type":"post","link":"https:\/\/diariodominicano.com\/?p=613635","title":{"rendered":"Lo imprevisto en el pase de la antorcha"},"content":{"rendered":"\n<p>Juan Carlos Espinal<\/p>\n\n\n\n<p>Nadie pens\u00f3 que lograda la independencia nacional en 1844 el primer presidente dominicano ser\u00eda Tom\u00e1s Bobadilla y mucho menos Pedro Santana. Tom\u00e1s Bobadilla era un veterano y astuto pol\u00edtico que hab\u00eda servido largos a\u00f1os a la ocupaci\u00f3n haitiana, y Pedro Santana era un hatero que ni siquiera viv\u00eda en la capital. Viv\u00eda en un campo del Seybo, El Prado, atendiendo sus vacas, y no ten\u00eda prestigio social fuera de su comarca. Quien s\u00ed era conocido y ten\u00eda prestigio social era su hermano Ram\u00f3n, que tambi\u00e9n viv\u00eda en El Prado. Un d\u00eda, Juan Pablo Duarte, inmerso en los preparativos independentistas, visit\u00f3 El Prado en procura de Ram\u00f3n, pero a quien encontr\u00f3 fue a Pedro. Y cuando le habl\u00f3 de integrarlos a la lucha, \u00e9ste le dijo que \u00e9l no sab\u00eda de eso, que hablara con Ram\u00f3n.<\/p>\n\n\n\n<p>Pedro Santana era anti haitiano, pero no ten\u00eda autoridad para decidir nada ni le interesaba la lucha independentista ni ten\u00eda conocimiento de lo que en la capital se fraguaba bajo el liderazgo de Juan Pablo Duarte, que en 1938 hab\u00eda fundado la Trinitaria para tales fines. Pero los acontecimientos evolucionaron de tal manera, que lograda la independencia quien termin\u00f3 siendo presidente de la Rep\u00fablica no fue Duarte, sino Pedro Santana, que apenas meses antes nadie le ve\u00eda condiciones ni posibilidades de ser el mandam\u00e1s de la naci\u00f3n.<\/p>\n\n\n\n<p>En pol\u00edtica, lo que m\u00e1s se da son las cosas imprevistas. Lo que m\u00e1s lejos est\u00e1 se produce y lo que m\u00e1s cerca est\u00e1 no se da. Con frecuencia los acontecimientos evolucionan diferente a lo previsto por los hombres que siempre act\u00faan ofuscados por sus deseos e intereses muy particulares, lo que los lleva a ver las cosas no como son, sino como quieren verlas.<\/p>\n\n\n\n<p>En la guerra restauradora, aquella que nos libr\u00f3 de Espa\u00f1a y que para algunos historiadores es nuestra verdadera independencia, la historia volvi\u00f3 a repetirse. Vencido el aguerrido ej\u00e9rcito espa\u00f1ol, en buen razonamiento, debi\u00f3 ser presidente uno de los generales restauradores. Pudo y debi\u00f3 ser, por ejemplo, Gregorio Luper\u00f3n, que durante la guerra se hab\u00eda destacado como hombre de armas a tomar o Gaspar Polanco o Pepillo Salcedo. Sin embargo, Pepillo hab\u00eda sido, en un hecho injustificable, fusilado por los propios restauradores, Gaspar apenas pudo sostenerse en el poder unos meses, y Luper\u00f3n en ese tiempo no era considerado para dirigir la naci\u00f3n.<\/p>\n\n\n\n<p>Contra todo pron\u00f3stico y previsi\u00f3n, quien termin\u00f3 encaramado en el poder fue Buenaventura B\u00e1ez, el caudillo azuano que en la primera Rep\u00fablica hab\u00eda rivalizado con Pedro Santana. Ese se\u00f1or era mariscal de campo nada menos que del ej\u00e9rcito espa\u00f1ol y en la guerra restauradora se mantuvo al margen. Sin embargo, terminada la guerra, un general restaurador, de prestigio y poder, Jos\u00e9 Mar\u00eda Cabral, fue a Curazao, lo busc\u00f3 y con su apoyo lo hizo presidente. En ese momento muchos pensaban que B\u00e1ez estaba liquidado. Pero lo tendr\u00edamos influyendo y dirigiendo el pa\u00eds muchos a\u00f1os m\u00e1s. En pol\u00edtica no hay nada escrito con tinta china.<\/p>\n\n\n\n<p>Contra el liderazgo de B\u00e1ez se le opuso el fuerte liderazgo de Luper\u00f3n, que de la guerra restauradora, gracias a su espada, hab\u00eda salido con prestigio y convertido en l\u00edder de lo que luego ser\u00eda conocido como el partido azul. Dirigi\u00f3 junto al propio Jos\u00e9 Mar\u00eda Cabral, la llamada guerra de los seis a\u00f1os contra B\u00e1ez. En esa guerra y en muchos otros acontecimientos, destac\u00f3 a su lado un moreno puertoplate\u00f1o, de poca importancia, que luego, contra toda previsi\u00f3n, terminar\u00eda alz\u00e1ndose con el santo y la limosna y encarmandose en el poder, como dictador sangriento. Ese moreno era Ulises Heureaux, conocido por los vivos y muertos s\u00f3lo como L\u00edlis, y termin\u00f3 heredando a Luper\u00f3n y a los azules.<\/p>\n\n\n\n<p>II<\/p>\n\n\n\n<p>La lucha pol\u00edtica no es lineal, se debate de sorpresa en sorpresa. Lo m\u00e1s impensable se vuelve real. Lo mismo volver\u00eda a darse en 1924 cuando las tropas norteamericanas abandonaron el pa\u00eds y se celebraron elecciones para elegir un presidente dominicano. La voz del caudillo Horacio V\u00e1squez nunca se escuch\u00f3 contra la ocupaci\u00f3n militar. Se mantuvo agachadito, solo observando, ni a favor ni en contra, y cuando todo termin\u00f3 el hombre se apareci\u00f3 en el escenario y present\u00f3 su candidatura presidencial, y sorpresivamente, derrot\u00f3 a Francisco J. Peynado, que hab\u00eda sido el autor del Plan Hughes-Peynado que puso fin a la ocupaci\u00f3n militar norteamericana, y al decir del historiador Rufino Mart\u00ednez , el hombre indicado para dirigir la naci\u00f3n despu\u00e9s de la desocupaci\u00f3n. \u00bfQui\u00e9n entiende a los pueblos?<\/p>\n\n\n\n<p>Seis a\u00f1os despu\u00e9s el horacismo fue heredado por el brigadier Rafael Le\u00f3nidas Trujillo Molina, y no por Federico Vel\u00e1zquez, ni por Jos\u00e9 Dolores Alfonseca, ni por \u00c1ngel Morales ni por ninguno de los connotados horacistas. Lo hered\u00f3 un militar, venido de la plebe, no de la oligarqu\u00eda, sin abolengo, sin apellido, de una familia disfuncional y de conducta cuestionable. Ese militar, astuto y firme en sus prop\u00f3sitos, pero impensable para heredar el horacismo, nos gobern\u00f3 31 a\u00f1os, y cuando fue asesinado el 30 de mayo de 1961, lo hered\u00f3 un hombre que nadie visualiz\u00f3 para sustituirlo. El Jefe siempre dese\u00f3 ser heredado por su hijo Ramfis y los cortesanos de la Era pensaban en cualquiera, menos en Joaqu\u00edn Balaguer. El doctor no estaba en los planes de Trujillo ni de nadie. Sin embargo, la muerte del Jefe lo encuentra como presidente del pa\u00eds, y aunque en enero de 1962, hubo de asilarse en la Nunciatura y salir del pa\u00eds, deportado, desconsiderado y disminuido, todos sabemos que termin\u00f3 heredando el liderazgo de las fuerzas sociales y pol\u00edticas de Trujillo, que lo respald\u00f3 hasta el \u00faltimo d\u00eda de su vida, a\u00fan estando ciego y pr\u00e1cticamente inv\u00e1lido.<\/p>\n\n\n\n<p>Y a Balaguer no le hered\u00f3 un balaguerista. No lo hered\u00f3 Fernando \u00c1lvarez Bogaert, ni V\u00edctor G\u00f3mez Berg\u00e9s, ni Francisco Augusto Lora ni Jacinto Peynado, que eran sus naturales herederos. A Balaguer lo hered\u00f3 un \u00abmuchacho de villa Juana\u00bb sin ning\u00fan v\u00ednculo personal ni pol\u00edtico ni ideol\u00f3gico con \u00e9l. A Balaguer lo hered\u00f3 un boschista org\u00e1nico e ideol\u00f3gico: Leonel Fern\u00e1ndez, que pese a su preparaci\u00f3n y su fino olfato pol\u00edtico, era inexplicablemente subestimado por cirios y troyanos, por internos y externos. En Leonel se produjo un fen\u00f3meno no com\u00fan. El hombre termin\u00f3 heredando a Bosch y a Balaguer, es decir, a los dos l\u00edderes que protagonizaron durante tres d\u00e9cadas una de las mayores y largas confrontaciones pol\u00edticas. En el PLD tampoco se le ve\u00eda como el sucesor de Bosch. Se ve\u00eda a Euclides Guti\u00e9rrez F\u00e9lix, a Norge Botello o a cualquier otro, pero no a Leonel. A Leonel se le ve\u00eda como un acad\u00e9mico, intelectual, sin condiciones para las lides pol\u00edticas diarias, pero nunca como heredero ni sucesor del l\u00edder. Sin embargo, el subestimado hombre termin\u00f3 heredando a los dos caudillos de la lucha post trujillista: Juan Bosch y Joaqu\u00edn Balaguer.<\/p>\n\n\n\n<p>As\u00ed de din\u00e1mica, imprevista, e interesante, es la lucha por la sucesi\u00f3n pol\u00edtica. Muchas veces lo previsto no se da y lo imprevisto se da. Dicen que lo que hay es que estar preparado y en el lugar y el momento adecuados. Muchas veces el heredero est\u00e1 a la vista, y otras veces ese heredero surge de la nada y se corona. Hoy el liderazgo de Leonel tiene un heredero: Omar Fern\u00e1ndez. Un heredero, parido en el fragor del proceso electoral pasado, cuando gan\u00f3 la senadur\u00eda del Distrito Nacional. Antes no era visualizado como tal. Ya s\u00ed.<\/p>\n\n\n\n<p>Ill<\/p>\n\n\n\n<p>En el PLD se desarrolla hoy no solo una lucha por la candidatura presidencial, sino tambi\u00e9n por la sucesi\u00f3n. Algunos dicen que se trata de una lucha a destiempo. No. No se trata de si es o no a tiempo o destiempo. En pol\u00edtica no se trata de fechas. En pol\u00edtica, los actores viven prepar\u00e1ndose. Viven luchando todo el tiempo, sin pausa, sin descanso. Es una actividad permanente y agotadora, en la que el valor m\u00e1s importante es el tiempo. El minuto que se va no vuelve. El pol\u00edtico se parece al m\u00fasico. El m\u00fasico que no graba ni toca desaparece del gusto del p\u00fablico. El pol\u00edtico que se ausenta su espacio lo ocupa otro.<\/p>\n\n\n\n<p>Muchos ven la candidatura presidencial como una buena v\u00eda para heredar el liderazgo del ex presidente Danilo Medina. Pero no necesariamente es as\u00ed. Puede ser as\u00ed y puede no serlo. Y tenemos un ejemplo reciente. La candidatura presidencial por si sola no garantiza la herencia, y puede ser incluso un factor de descalificaci\u00f3n. En el PLD, por ahora, la sucesi\u00f3n no est\u00e1 definida. No hay nada claro. Lo que el panorama promete es una lucha cerrada por la antorcha. A veces esa lucha termina fragmentando la organizaci\u00f3n en m\u00faltiples pedazos y al final nadie hereda nada o lo que se hereda no vale la pena. Ojal\u00e1 que en ese partido prime la sensatez, el buen juicio, la prudencia. Ojal\u00e1 que la lucha por la herencia, por el pase de la antorcha, que a mi juicio es normal e inevitable, no lo fragmente m\u00e1s y m\u00e1s. Porque las divisiones acaban con todo, con todo, y entonces lo que se hereda es el despojo.<\/p>\n","protected":false},"excerpt":{"rendered":"<p>Juan Carlos Espinal Nadie pens\u00f3 que lograda la independencia nacional en 1844 el primer presidente dominicano ser\u00eda Tom\u00e1s Bobadilla y mucho menos Pedro Santana. Tom\u00e1s Bobadilla era un veterano y astuto pol\u00edtico que hab\u00eda servido largos a\u00f1os a la ocupaci\u00f3n haitiana, y Pedro Santana era un hatero que ni siquiera viv\u00eda en la capital. Viv\u00eda [&hellip;]<\/p>\n","protected":false},"author":7,"featured_media":521400,"comment_status":"closed","ping_status":"closed","sticky":true,"template":"","format":"standard","meta":{"footnotes":""},"categories":[16,27],"tags":[366],"class_list":["post-613635","post","type-post","status-publish","format-standard","has-post-thumbnail","hentry","category-opiniones","category-portada","tag-juan-carlos-espinal"],"_links":{"self":[{"href":"https:\/\/diariodominicano.com\/index.php?rest_route=\/wp\/v2\/posts\/613635","targetHints":{"allow":["GET"]}}],"collection":[{"href":"https:\/\/diariodominicano.com\/index.php?rest_route=\/wp\/v2\/posts"}],"about":[{"href":"https:\/\/diariodominicano.com\/index.php?rest_route=\/wp\/v2\/types\/post"}],"author":[{"embeddable":true,"href":"https:\/\/diariodominicano.com\/index.php?rest_route=\/wp\/v2\/users\/7"}],"replies":[{"embeddable":true,"href":"https:\/\/diariodominicano.com\/index.php?rest_route=%2Fwp%2Fv2%2Fcomments&post=613635"}],"version-history":[{"count":1,"href":"https:\/\/diariodominicano.com\/index.php?rest_route=\/wp\/v2\/posts\/613635\/revisions"}],"predecessor-version":[{"id":613636,"href":"https:\/\/diariodominicano.com\/index.php?rest_route=\/wp\/v2\/posts\/613635\/revisions\/613636"}],"wp:featuredmedia":[{"embeddable":true,"href":"https:\/\/diariodominicano.com\/index.php?rest_route=\/wp\/v2\/media\/521400"}],"wp:attachment":[{"href":"https:\/\/diariodominicano.com\/index.php?rest_route=%2Fwp%2Fv2%2Fmedia&parent=613635"}],"wp:term":[{"taxonomy":"category","embeddable":true,"href":"https:\/\/diariodominicano.com\/index.php?rest_route=%2Fwp%2Fv2%2Fcategories&post=613635"},{"taxonomy":"post_tag","embeddable":true,"href":"https:\/\/diariodominicano.com\/index.php?rest_route=%2Fwp%2Fv2%2Ftags&post=613635"}],"curies":[{"name":"wp","href":"https:\/\/api.w.org\/{rel}","templated":true}]}}